{"id":2085,"date":"2024-05-14T18:52:03","date_gmt":"2024-05-14T18:52:03","guid":{"rendered":"https:\/\/fliegerblog.rjs.de\/?p=2085"},"modified":"2024-05-14T19:44:56","modified_gmt":"2024-05-14T19:44:56","slug":"was-ein-abendflug","status":"publish","type":"post","link":"https:\/\/fliegerblog.rjs.de\/?p=2085","title":{"rendered":"Was ein Abendflug :-)"},"content":{"rendered":"<div class=\"separator\" style=\"clear: both; text-align: center;\"><a style=\"clear: left; float: left; margin-bottom: 1em; margin-right: 1em;\" href=\"https:\/\/i0.wp.com\/blogger.googleusercontent.com\/img\/b\/R29vZ2xl\/AVvXsEjymOQcZhg1nVA0tMqyLURbsVi5hUWRFBYrc3JBHXXFGMeZ8z31vgk4552j4Ulmb0NUpyB0adiiRHL1sAr9u9_AjQ4jXwgHTm0HDYOQboJ1estKSdJw_07sqCfq8Tau515xC1jalCByWYLfHgyjSWyAvgYLyFeRJ9dfBKnOwsLV-6axlMXDM8uwU_UNEX1X\/s1600\/WhatsApp%20Image%202024-05-14%20at%2018.27.53.jpeg?ssl=1\"><img loading=\"lazy\" decoding=\"async\" src=\"https:\/\/i0.wp.com\/blogger.googleusercontent.com\/img\/b\/R29vZ2xl\/AVvXsEjymOQcZhg1nVA0tMqyLURbsVi5hUWRFBYrc3JBHXXFGMeZ8z31vgk4552j4Ulmb0NUpyB0adiiRHL1sAr9u9_AjQ4jXwgHTm0HDYOQboJ1estKSdJw_07sqCfq8Tau515xC1jalCByWYLfHgyjSWyAvgYLyFeRJ9dfBKnOwsLV-6axlMXDM8uwU_UNEX1X\/w400-h300\/WhatsApp%20Image%202024-05-14%20at%2018.27.53.jpeg?resize=400%2C300&#038;ssl=1\" width=\"400\" height=\"300\" border=\"0\" data-original-height=\"1200\" data-original-width=\"1600\" data-recalc-dims=\"1\" \/><\/a><\/div>\n<p>Gegen Nachmittag kam leichter Regen und ein kleiner Temperatursturz. Dazu war der Wind heftig. Es sah nicht wirklich gut aus, aber so gegen 17:30 Uhr ging zumindest die Chance auf ein Flugfenster auf. Am Startplatz angekommen sah es gut aus und &#8211; obwohl ich eigentlich nur schauen und gar nicht fliegen wollte &#8211; bin ich gegen 18:15 Uhr raus. Gelandet bin ich eine Stunde sp\u00e4ter, weil es mir gelangt hat. Krass &#8211; das war einer der besten Fl\u00fcge ever. Nur noch getoppt von letztem Jahr in D\u00e4nemark, aber in der gleiche Liga.<\/p>\n<div class=\"separator\" style=\"clear: both; text-align: center;\"><a style=\"clear: left; float: left; margin-bottom: 1em; margin-right: 1em;\" href=\"https:\/\/i0.wp.com\/blogger.googleusercontent.com\/img\/b\/R29vZ2xl\/AVvXsEgm4gwi1Pp-Afz0cjOd59FLTl7uE-IEVT_cnJigeG1gTjOeOreE_LuRce4ZmQOJtkg0gTDFj8hUVbTr97BlUxYFFAft6NKLHTXPQRMEAJ9NOTixljrZlHefIJp5BHoD0V1VrVpVs0drF9XwhD_f82WSOW49r0J_d4ARlWcnbxHeN7gTWMAesF_-I1day03U\/s1138\/SchirmUeberDuene.jpg?ssl=1\"><img loading=\"lazy\" decoding=\"async\" src=\"https:\/\/i0.wp.com\/blogger.googleusercontent.com\/img\/b\/R29vZ2xl\/AVvXsEgm4gwi1Pp-Afz0cjOd59FLTl7uE-IEVT_cnJigeG1gTjOeOreE_LuRce4ZmQOJtkg0gTDFj8hUVbTr97BlUxYFFAft6NKLHTXPQRMEAJ9NOTixljrZlHefIJp5BHoD0V1VrVpVs0drF9XwhD_f82WSOW49r0J_d4ARlWcnbxHeN7gTWMAesF_-I1day03U\/w640-h282\/SchirmUeberDuene.jpg?resize=640%2C282&#038;ssl=1\" width=\"640\" height=\"282\" border=\"0\" data-original-height=\"503\" data-original-width=\"1138\" data-recalc-dims=\"1\" \/><\/a><\/div>\n<p>Das einzig Bl\u00f6de war mein Start. Ganz, ganz dummer Anf\u00e4ngerfehler. Bremse war verdreht und statt vom Hang wegzufliegen und die Sache zu regeln, habe ich mich direkt darum gek\u00fcmmert und bin fast in den Hang geknallt. Wirklich saubl\u00f6de, aber gutgegangen und danach war es einfach klasse Fliegerei. Fast die gesamte D\u00fcne entlang und auch in Bereiche Richtung Zoutelande, in denen die Anderen nicht hin sind, weil die D\u00fcne da niedriger wird. Aber ein Local ist dahin geflogen und ich bin ihm einfach gefolgt. Es hat \u00fcberall getragen.<br \/>\n<iframe loading=\"lazy\" frameborder=\"0\" height=\"270\" src=\"https:\/\/youtube.com\/embed\/wofsp36wRSw?si=s0oks0CztyvkjqOY\" width=\"480\"><\/iframe><\/p>\n","protected":false},"excerpt":{"rendered":"<p>Gegen Nachmittag kam leichter Regen und ein kleiner Temperatursturz. Dazu war der Wind heftig. Es sah nicht wirklich gut aus, aber so gegen 17:30 Uhr ging zumindest die Chance auf ein Flugfenster auf. Am Startplatz angekommen sah es gut aus und &#8211; obwohl ich eigentlich nur schauen und gar nicht fliegen wollte &#8211; bin ich &hellip; <a href=\"https:\/\/fliegerblog.rjs.de\/?p=2085\" class=\"more-link\"><span class=\"screen-reader-text\">\u201eWas ein Abendflug :-)\u201c<\/span> weiterlesen<\/a><\/p>\n","protected":false},"author":1,"featured_media":0,"comment_status":"closed","ping_status":"open","sticky":false,"template":"","format":"standard","meta":{"jetpack_post_was_ever_published":false,"footnotes":"","jetpack_publicize_message":"","jetpack_is_tweetstorm":false,"jetpack_publicize_feature_enabled":true,"jetpack_social_options":[]},"categories":[1],"tags":[],"class_list":["post-2085","post","type-post","status-publish","format-standard","hentry","category-uncategorized"],"jetpack_publicize_connections":[],"jetpack_featured_media_url":"","jetpack_shortlink":"https:\/\/wp.me\/p788kK-xD","jetpack-related-posts":[{"id":973,"url":"https:\/\/fliegerblog.rjs.de\/?p=973","url_meta":{"origin":2085,"position":0},"title":"Bisschen gespielt","date":"August 14, 2015","format":false,"excerpt":"Ich hatte f\u00fcr heute S\u00fcdwind in den Prognosen gesehen und mal locker Reichenbach anvisiert. Gegen 12:45 Uhr habe ich dann auf der Webcam zwei Schirme gesehen und bin dann auch nach dem Mittagessen los an den Hang. Gegen 14:15 Uhr war ich da. Wind war nicht sonderlich stark, kam aber\u2026","rel":"","context":"In &quot;Allgemein&quot;","img":{"alt_text":"","src":"","width":0,"height":0},"classes":[]},{"id":1126,"url":"https:\/\/fliegerblog.rjs.de\/?p=1126","url_meta":{"origin":2085,"position":1},"title":"Nur ein bisschen Handeln","date":"M\u00e4rz 26, 2016","format":false,"excerpt":"Da w\u00e4hrend der Osterntage nur heute das Wetter halbwegs brauchbar werden sollte und ich sowieso nach Eppstein wollte, bin ich heute morgen nach Reichenbach an den Hang. Gegen Mittag hatte ich nach den Prognosen recht kr\u00e4ftigen, b\u00f6igen Wind erwartet, aber am Vormittag auf noch fliegbare Bedingungen gehofft. Leider war es\u2026","rel":"","context":"\u00c4hnlicher Beitrag","img":{"alt_text":"","src":"","width":0,"height":0},"classes":[]},{"id":1105,"url":"https:\/\/fliegerblog.rjs.de\/?p=1105","url_meta":{"origin":2085,"position":2},"title":"Schneefliegen","date":"Januar 17, 2016","format":false,"excerpt":"Ich hatte Anfang der Woche zwar gesehen, dass f\u00fcr dieses Wochenende Nordwind angek\u00fcndigt war. Aber es sah f\u00fcr mich aus als w\u00fcrde es viel zu stark und b\u00f6ig. Gestern Abend ging aber ein Post auf WhatsApp raus, ob heute MFK ging? Also doch nochmal geschaut und es sah mir immer\u2026","rel":"","context":"\u00c4hnlicher Beitrag","img":{"alt_text":"","src":"","width":0,"height":0},"classes":[]},{"id":553,"url":"https:\/\/fliegerblog.rjs.de\/?p=553","url_meta":{"origin":2085,"position":3},"title":"Gar nicht \u00fcbel","date":"Juni 10, 2012","format":false,"excerpt":"Heut war ganz wenig Wind angek\u00fcndigt, aber ich habe auf die Thermik gehofft und bin um 11:00 Uhr in Reichenbach am Hang gewesen. War Nullwind vor Ort und dicke Wolken haben sich vor die Sonne gelegt. Aber so gegen 11:30 Uhr kam die Sonne durch und durch die Thermik gingen\u2026","rel":"","context":"In &quot;Allgemein&quot;","img":{"alt_text":"","src":"","width":0,"height":0},"classes":[]},{"id":1507,"url":"https:\/\/fliegerblog.rjs.de\/?p=1507","url_meta":{"origin":2085,"position":4},"title":"F\u00fcr den Hang ein (kleiner) Hammertag","date":"Oktober 12, 2018","format":false,"excerpt":"\"In Reichenbach kann man nicht fliegen. Das ist nur ein Spielhang.\" Oft die Einsch\u00e4tzung geh\u00f6rt und meist bewahrheitet sich das vor Ort auch. Leider. Aber meist ist nicht immer. Und dann den \"Nicht-Meist-Tagen\" mutiert Reichenbach zum Flughang - zumindest ein bisschen. Und heute war so ein Ausnahmetag. Ich war so\u2026","rel":"","context":"\u00c4hnlicher Beitrag","img":{"alt_text":"","src":"https:\/\/i0.wp.com\/3.bp.blogspot.com\/-kIB0YoFsFrA\/W8DP9n8b78I\/AAAAAAAAEJ0\/u6Dl7VPqn-AY_4ihK-J_T9tevQtbTJJQACLcBGAs\/s320\/GOPR4156.JPG?resize=350%2C200&ssl=1","width":350,"height":200},"classes":[]},{"id":1305,"url":"https:\/\/fliegerblog.rjs.de\/?p=1305","url_meta":{"origin":2085,"position":5},"title":"Vierflug","date":"August 25, 2017","format":false,"excerpt":"Die Woche war ich schon 2x in der Luft. Sogar ziemlich hoch. Allerdings in der Stahlr\u00f6hre mit Fl\u00fcgeln dran. Ich war beruflich wieder einmal in Graz und da fliege ich ob der recht gro\u00dfen Entfernung halt immer mit dem Flugzeug hin. Aber heute war echtes Fliegen dran. In Laufenselden an\u2026","rel":"","context":"\u00c4hnlicher Beitrag","img":{"alt_text":"","src":"https:\/\/i0.wp.com\/3.bp.blogspot.com\/-527kYdbwpug\/WaBiYxVPWOI\/AAAAAAAADiE\/lQOTnH55V6szSbTrlmsvhafklO_sKFVUwCLcBGAs\/s320\/GOPR5116.JPG?resize=350%2C200&ssl=1","width":350,"height":200},"classes":[]}],"_links":{"self":[{"href":"https:\/\/fliegerblog.rjs.de\/index.php?rest_route=\/wp\/v2\/posts\/2085","targetHints":{"allow":["GET"]}}],"collection":[{"href":"https:\/\/fliegerblog.rjs.de\/index.php?rest_route=\/wp\/v2\/posts"}],"about":[{"href":"https:\/\/fliegerblog.rjs.de\/index.php?rest_route=\/wp\/v2\/types\/post"}],"author":[{"embeddable":true,"href":"https:\/\/fliegerblog.rjs.de\/index.php?rest_route=\/wp\/v2\/users\/1"}],"replies":[{"embeddable":true,"href":"https:\/\/fliegerblog.rjs.de\/index.php?rest_route=%2Fwp%2Fv2%2Fcomments&post=2085"}],"version-history":[{"count":3,"href":"https:\/\/fliegerblog.rjs.de\/index.php?rest_route=\/wp\/v2\/posts\/2085\/revisions"}],"predecessor-version":[{"id":2088,"href":"https:\/\/fliegerblog.rjs.de\/index.php?rest_route=\/wp\/v2\/posts\/2085\/revisions\/2088"}],"wp:attachment":[{"href":"https:\/\/fliegerblog.rjs.de\/index.php?rest_route=%2Fwp%2Fv2%2Fmedia&parent=2085"}],"wp:term":[{"taxonomy":"category","embeddable":true,"href":"https:\/\/fliegerblog.rjs.de\/index.php?rest_route=%2Fwp%2Fv2%2Fcategories&post=2085"},{"taxonomy":"post_tag","embeddable":true,"href":"https:\/\/fliegerblog.rjs.de\/index.php?rest_route=%2Fwp%2Fv2%2Ftags&post=2085"}],"curies":[{"name":"wp","href":"https:\/\/api.w.org\/{rel}","templated":true}]}}