{"id":2083,"date":"2024-05-14T12:29:17","date_gmt":"2024-05-14T12:29:17","guid":{"rendered":"https:\/\/fliegerblog.rjs.de\/?p=2083"},"modified":"2024-05-14T12:29:17","modified_gmt":"2024-05-14T12:29:17","slug":"vormittagssession-mit-groundhandling","status":"publish","type":"post","link":"https:\/\/fliegerblog.rjs.de\/?p=2083","title":{"rendered":"Vormittagssession mit Groundhandling"},"content":{"rendered":"<div class=\"separator\" style=\"clear: both; text-align: center;\"><a style=\"clear: right; float: right; margin-bottom: 1em; margin-left: 1em;\" href=\"https:\/\/i0.wp.com\/blogger.googleusercontent.com\/img\/b\/R29vZ2xl\/AVvXsEjA-ocnoXEF6E_kDxGnYaWkGXdAbInlSyIewMpXOIcklVuXNmFcRIqTmhjYhfGSH_OZeisaPZxzc9qpV9iI9L4LlhKb8HMhVQHUF1CKE-GHcQUc7zHiPnbroGltcHLTv-FVBu9bscQbbo0NLakBqhRA1z2ghD2HrfuAeq3V33x8FJ2XLR4gpzVGOJLz2wZ_\/s1600\/WhatsApp%20Image%202024-05-14%20at%2013.54.36.jpeg?ssl=1\"><img loading=\"lazy\" decoding=\"async\" src=\"https:\/\/i0.wp.com\/blogger.googleusercontent.com\/img\/b\/R29vZ2xl\/AVvXsEjA-ocnoXEF6E_kDxGnYaWkGXdAbInlSyIewMpXOIcklVuXNmFcRIqTmhjYhfGSH_OZeisaPZxzc9qpV9iI9L4LlhKb8HMhVQHUF1CKE-GHcQUc7zHiPnbroGltcHLTv-FVBu9bscQbbo0NLakBqhRA1z2ghD2HrfuAeq3V33x8FJ2XLR4gpzVGOJLz2wZ_\/w400-h186\/WhatsApp%20Image%202024-05-14%20at%2013.54.36.jpeg?resize=400%2C186&#038;ssl=1\" width=\"400\" height=\"186\" border=\"0\" data-original-height=\"747\" data-original-width=\"1600\" data-recalc-dims=\"1\" \/><\/a><\/div>\n<p>Der Wind kam heute morgen komplett quer zur D\u00fcne und war auch ziemlich stark. Zuerst hie\u00df es, ab 10:30 Uhr w\u00fcrde mit kleinen Schirmen am\u00a0 Strand Groundhandling gemacht. Wurde allerdings kurzfristig ge\u00e4ndert auf die richtigen Schirme. Leider war ich da schon ohne Schirm unterwegs und musste nochmal zur\u00fcck ins AirBnB.<\/p>\n<div class=\"separator\" style=\"clear: both; text-align: center;\"><a style=\"clear: left; float: left; margin-bottom: 1em; margin-right: 1em;\" href=\"https:\/\/i0.wp.com\/blogger.googleusercontent.com\/img\/b\/R29vZ2xl\/AVvXsEgdD6Qwx6dXuywJbP2Dtq6cAo2jzBDKsklE0SjZ_MjmVPa3-7UL31TwGp_tZ6ByJ4DAi9LoZOKW11EoKvPmxmw2ajvTrO7EqjeYmmDkh9W5rl-YEcq6fzOBKLwrVXH6B9gn49XU-StAhmv1pypN09M2Rv6aZ76Y6ZzqN4C_-eissVgRni1jxzT-wVPiNKZ8\/s1600\/WhatsApp%20Image%202024-05-14%20at%2013.55.13.jpeg?ssl=1\"><img loading=\"lazy\" decoding=\"async\" src=\"https:\/\/i0.wp.com\/blogger.googleusercontent.com\/img\/b\/R29vZ2xl\/AVvXsEgdD6Qwx6dXuywJbP2Dtq6cAo2jzBDKsklE0SjZ_MjmVPa3-7UL31TwGp_tZ6ByJ4DAi9LoZOKW11EoKvPmxmw2ajvTrO7EqjeYmmDkh9W5rl-YEcq6fzOBKLwrVXH6B9gn49XU-StAhmv1pypN09M2Rv6aZ76Y6ZzqN4C_-eissVgRni1jxzT-wVPiNKZ8\/w300-h400\/WhatsApp%20Image%202024-05-14%20at%2013.55.13.jpeg?resize=300%2C400&#038;ssl=1\" width=\"300\" height=\"400\" border=\"0\" data-original-height=\"1600\" data-original-width=\"1200\" data-recalc-dims=\"1\" \/><\/a><\/div>\n<p>Mit dem Fahrrad ist das ziemlicher Aufwand und auch wegen der Schlepperei wollte ich Gewicht sparen. Immer das Gleiche &#8211; wenn man sich Arbeit sparen will, hat man die doppelte Schafferei :-(.<\/p>\n<p>Das Groundhandling an sich war aber wider Erwarten recht gut. Hat Spass gemacht und die Windgeschwinigkeiten, die da vorherschten, haben wir auch bei uns an den H\u00e4ngen. Am Strand ist die Sache zudem viel laminarer.<\/p>\n<p>Jetzt ist Mittagpause und es gibt es gewisse Chance, dass es heute Abend fliegt. Wenn nur die elende Schlepperei auf die D\u00fcne nicht w\u00e4re.<\/p>\n","protected":false},"excerpt":{"rendered":"<p>Der Wind kam heute morgen komplett quer zur D\u00fcne und war auch ziemlich stark. Zuerst hie\u00df es, ab 10:30 Uhr w\u00fcrde mit kleinen Schirmen am\u00a0 Strand Groundhandling gemacht. Wurde allerdings kurzfristig ge\u00e4ndert auf die richtigen Schirme. Leider war ich da schon ohne Schirm unterwegs und musste nochmal zur\u00fcck ins AirBnB. Mit dem Fahrrad ist das &hellip; <a href=\"https:\/\/fliegerblog.rjs.de\/?p=2083\" class=\"more-link\"><span class=\"screen-reader-text\">\u201eVormittagssession mit Groundhandling\u201c<\/span> weiterlesen<\/a><\/p>\n","protected":false},"author":1,"featured_media":0,"comment_status":"closed","ping_status":"open","sticky":false,"template":"","format":"standard","meta":{"jetpack_post_was_ever_published":false,"footnotes":"","jetpack_publicize_message":"","jetpack_is_tweetstorm":false,"jetpack_publicize_feature_enabled":true,"jetpack_social_options":[]},"categories":[1],"tags":[],"class_list":["post-2083","post","type-post","status-publish","format-standard","hentry","category-uncategorized"],"jetpack_publicize_connections":[],"jetpack_featured_media_url":"","jetpack_shortlink":"https:\/\/wp.me\/p788kK-xB","jetpack-related-posts":[{"id":2080,"url":"https:\/\/fliegerblog.rjs.de\/?p=2080","url_meta":{"origin":2083,"position":0},"title":"Abendsession mit Groundhandling am Strand","date":"Mai 13, 2024","format":false,"excerpt":"Heute gab es ab 18:00 Uhr noch eine kleine Abendsession mit Groundhandling am Strand. Der Wind war allerdings schwach und daf\u00fcr die T\u00fcte voll mit Sand. Der hat sich auch auf einer Seite angesammelt, dass weder der Schirm gut gestiegen und wenn doch, er immer zu der Seite mit dem\u2026","rel":"","context":"\u00c4hnlicher Beitrag","img":{"alt_text":"","src":"https:\/\/i0.wp.com\/blogger.googleusercontent.com\/img\/b\/R29vZ2xl\/AVvXsEjpmu_wZVTUOwKOIl7uzFro5gDmsJShz0Juomqa16b1lY6Bptg8YyglUC2EurTnhZ3etdgw945dA2vQ-xiOkPVnbzZznv_MmJKyqNS3_u1iGjcEMwl9w8O-QxifabJN58OMd1nfr788n-yc25fPbGfmj7YGToc_8svb0kQpIn9WNmquJ7Ir7THE7a5lrSLx\/s320\/WhatsApp%20Image%202024-05-13%20at%2020.45.52.jpeg?resize=350%2C200&ssl=1","width":350,"height":200},"classes":[]},{"id":74,"url":"https:\/\/fliegerblog.rjs.de\/?p=74","url_meta":{"origin":2083,"position":1},"title":"Mini-Groundhandling","date":"Oktober 14, 2007","format":false,"excerpt":"Die Tage ist wieder Ost angesagt. Das ist hier Mist. Heute war nur 1 Stunde Groundhandling mit kurzen H\u00fcpfern zum Schirml\u00fcften angesagt. Alles in Allem ein maues Flugwochenende. Zumindest ist der goldene Oktober in voller Pracht entfaltet.","rel":"","context":"In &quot;Allgemein&quot;","img":{"alt_text":"","src":"","width":0,"height":0},"classes":[]},{"id":2147,"url":"https:\/\/fliegerblog.rjs.de\/?p=2147","url_meta":{"origin":2083,"position":2},"title":"Deichspringen","date":"Mai 12, 2025","format":false,"excerpt":"In der Tat sieht die Windrichtung weiter so aus als w\u00e4re es die ganze Woche nix mit der gro\u00dfen D\u00fcne in Zoutelande, an der ich letztes Jahr zwei tolle Fl\u00fcge mit etwa einer Stunde Airtime jeweils gehabt habe. Aber es gibt ein paar Alternativen und eine haben wir heute ausprobiert.\u2026","rel":"","context":"\u00c4hnlicher Beitrag","img":{"alt_text":"","src":"https:\/\/i0.wp.com\/blogger.googleusercontent.com\/img\/b\/R29vZ2xl\/AVvXsEiQeYKmblJJfPYyiDl-Fu1tVbeIcQFrmzCCHcYeoSU0Jhp63ZD9bLbgIeLo83z-EDbw4Yqx48nkqu27gODk0Tch6jciV8KScf-pfXb9qFw4is6RDboB9kqn4ir47lAsNWAaX6NneKwcKm-aUQe_eTVgfz30V6UmodOqn5L5V3qkNa19adXBBfulrAJdMS_U\/s320\/25-05-12%2011-51-48%209160.jpg?resize=350%2C200&ssl=1","width":350,"height":200},"classes":[]},{"id":2089,"url":"https:\/\/fliegerblog.rjs.de\/?p=2089","url_meta":{"origin":2083,"position":3},"title":"Nebenaktion","date":"Mai 15, 2024","format":false,"excerpt":"Heute vormittag war komplett Regen angesagt. Zwar so wenig, dass ich mit dem Rad 2x ins Ort bzw. an den Strand gefahren bin, aber mit Fliegen war nix. Aber ich habe mir sowieso Arbeit mitgenommen, um solche Phasen produktiv zu nutzen. Ob ich zuhause oder hier arbeite, spielt ja in\u2026","rel":"","context":"\u00c4hnlicher Beitrag","img":{"alt_text":"","src":"https:\/\/i0.wp.com\/blogger.googleusercontent.com\/img\/b\/R29vZ2xl\/AVvXsEjIxsoqWKSGNZexkvg3v3jlj4d0za9UD7qru-e2_ELdA8AAZOS5z6CDOhuP-ECew2QTOwFKTPQzXpbnc37J99G4D9GKaPWXDBIPleWRam6qtrXgmaOo9qMEm0sRNW2kTQK_dItBvwvtSD1JjOVhQvpsmmAYn1vtDfU9amTSHY-3BFD-nGDEkNI1OnTLya-c\/s320\/WhatsApp%20Image%202024-05-15%20at%2014.43.15.jpeg?resize=350%2C200&ssl=1","width":350,"height":200},"classes":[]},{"id":1986,"url":"https:\/\/fliegerblog.rjs.de\/?p=1986","url_meta":{"origin":2083,"position":4},"title":"Anspringen 2023","date":"Januar 3, 2023","format":false,"excerpt":"Nachdem ich erst n\u00e4chste Woche mit meinen Schulungen im neuen Jahr anfange, habe ich die Woche noch Zeit und den heutigen Tag zum Anspringen des Jahres genutzt. Ich sage bewusst nicht \"Anfliegen\", denn es waren heute nur kleinere H\u00fcpfer und etwas Groundhandling in Reichenbach. Aber immerhin kam etwas Luft in\u2026","rel":"","context":"\u00c4hnlicher Beitrag","img":{"alt_text":"","src":"https:\/\/i0.wp.com\/blogger.googleusercontent.com\/img\/b\/R29vZ2xl\/AVvXsEh4ic8d3hvDCuRPkqsLiQCuIMnkvnrlQZJB_4Es8cYRTcUupJ2o7tLJpGOH2VIyC2Qa-etYAodAfGgpS4nejrGBZRqhFZ-Qn9QMB3voZ6v9nPanWNjvIRjYkJyk2pTGw7fCSIFiJ4dw9_WseB4x3UlmGMvnzngtUzYIR9BV3wC4vN4bMrSUC6KfLU33aA\/s320\/reichenbach1672754161.077439.jpg?resize=350%2C200&ssl=1","width":350,"height":200},"classes":[]},{"id":2057,"url":"https:\/\/fliegerblog.rjs.de\/?p=2057","url_meta":{"origin":2083,"position":5},"title":"Zumindest wieder einmal Groundhandling","date":"Februar 29, 2024","format":false,"excerpt":"Es sah \u00fcber die Woche f\u00fcr den heutigen Tag von den Prognosen gut f\u00fcr Reichenbach aus und ich hatte Zeit. Nur habe ich \u00fcber den Vormittag eine Weile die Messwerte von Reichenbach und die tagesaktuellen Prognosen beobachtet. Es gab recht best\u00e4ndig niedrige 2-stellige Km\/h an der Messstation in Reichenbach, aber\u2026","rel":"","context":"\u00c4hnlicher Beitrag","img":{"alt_text":"","src":"https:\/\/i0.wp.com\/blogger.googleusercontent.com\/img\/b\/R29vZ2xl\/AVvXsEgamWe1vqMIIIKAGaX8NLT9tNnl7hj41eOFRxbhohjGl49dDyrMY9zszGwETRxcztCYsNdH3fOgzugaEaf_V0xBBZNqGg2Q24ORvBVs9zqBvkD-4Q5uBCTWiZFCf_3XiTBvGwO5vXhhP-P4xru_EPxg6vEiSOCYQC5Viqb1yyouQh54bxA9tBCBhLPb2elK\/w400-h300\/halberg.jpeg?resize=350%2C200&ssl=1","width":350,"height":200},"classes":[]}],"_links":{"self":[{"href":"https:\/\/fliegerblog.rjs.de\/index.php?rest_route=\/wp\/v2\/posts\/2083","targetHints":{"allow":["GET"]}}],"collection":[{"href":"https:\/\/fliegerblog.rjs.de\/index.php?rest_route=\/wp\/v2\/posts"}],"about":[{"href":"https:\/\/fliegerblog.rjs.de\/index.php?rest_route=\/wp\/v2\/types\/post"}],"author":[{"embeddable":true,"href":"https:\/\/fliegerblog.rjs.de\/index.php?rest_route=\/wp\/v2\/users\/1"}],"replies":[{"embeddable":true,"href":"https:\/\/fliegerblog.rjs.de\/index.php?rest_route=%2Fwp%2Fv2%2Fcomments&post=2083"}],"version-history":[{"count":1,"href":"https:\/\/fliegerblog.rjs.de\/index.php?rest_route=\/wp\/v2\/posts\/2083\/revisions"}],"predecessor-version":[{"id":2084,"href":"https:\/\/fliegerblog.rjs.de\/index.php?rest_route=\/wp\/v2\/posts\/2083\/revisions\/2084"}],"wp:attachment":[{"href":"https:\/\/fliegerblog.rjs.de\/index.php?rest_route=%2Fwp%2Fv2%2Fmedia&parent=2083"}],"wp:term":[{"taxonomy":"category","embeddable":true,"href":"https:\/\/fliegerblog.rjs.de\/index.php?rest_route=%2Fwp%2Fv2%2Fcategories&post=2083"},{"taxonomy":"post_tag","embeddable":true,"href":"https:\/\/fliegerblog.rjs.de\/index.php?rest_route=%2Fwp%2Fv2%2Ftags&post=2083"}],"curies":[{"name":"wp","href":"https:\/\/api.w.org\/{rel}","templated":true}]}}