{"id":2075,"date":"2024-05-13T12:59:55","date_gmt":"2024-05-13T12:59:55","guid":{"rendered":"https:\/\/fliegerblog.rjs.de\/?p=2075"},"modified":"2024-05-14T12:16:32","modified_gmt":"2024-05-14T12:16:32","slug":"anfang-an-der-duene-zoutelande-ist-gemacht","status":"publish","type":"post","link":"https:\/\/fliegerblog.rjs.de\/?p=2075","title":{"rendered":"Anfang an der D\u00fcne Zoutelande ist gemacht"},"content":{"rendered":"<p><iframe loading=\"lazy\" style=\"background-image: url('https:\/\/i.ytimg.com\/vi\/JZ3opGYf6bA\/hqdefault.jpg');\" src=\"https:\/\/youtube.com\/embed\/JZ3opGYf6bA?si=u74vI8rbPjRecnQx\" width=\"480\" height=\"270\" frameborder=\"0\"><\/iframe><\/p>\n<div class=\"separator\" style=\"clear: both; text-align: center;\"><a style=\"clear: left; float: left; margin-bottom: 1em; margin-right: 1em;\" href=\"https:\/\/i0.wp.com\/blogger.googleusercontent.com\/img\/b\/R29vZ2xl\/AVvXsEiaLzEm3xMQIN-N5OyGsDYgtsZS2Ejk8zLR5HEuGQbY5k8vV4-rYHhyphenhyphen13gHONLPXOkJ5dTVK2UXAtczCMv7036RoMIJSpWhkTKp_ZCvWawAwav5dnBSE96G8XXecDXy_nGGvqQRKkEFBlwlnLfoWSva84nGS79xoxxYdS3JDRqZBrkV_LtUWEoU8JLSBILw\/s2000\/WhatsApp%20Image%202024-05-13%20at%2012.36.25.jpeg?ssl=1\"><img loading=\"lazy\" decoding=\"async\" src=\"https:\/\/i0.wp.com\/blogger.googleusercontent.com\/img\/b\/R29vZ2xl\/AVvXsEiaLzEm3xMQIN-N5OyGsDYgtsZS2Ejk8zLR5HEuGQbY5k8vV4-rYHhyphenhyphen13gHONLPXOkJ5dTVK2UXAtczCMv7036RoMIJSpWhkTKp_ZCvWawAwav5dnBSE96G8XXecDXy_nGGvqQRKkEFBlwlnLfoWSva84nGS79xoxxYdS3JDRqZBrkV_LtUWEoU8JLSBILw\/s320\/WhatsApp%20Image%202024-05-13%20at%2012.36.25.jpeg?resize=320%2C240&#038;ssl=1\" width=\"320\" height=\"240\" border=\"0\" data-original-height=\"1500\" data-original-width=\"2000\" data-recalc-dims=\"1\" \/><\/a><\/div>\n<p>Nachdem ich gestern angekommen bin, waren wir heute morgen am Startplatz<br \/>\nan der D\u00fcne in Zoutelande. Es war am Anfang noch diesig und der Wind recht schwach. Aber um sich an die D\u00fcne zu gew\u00f6hnen waren die Bedingungen gut.<\/p>\n<p>Ich bin als Erster der Gruppe gestartet und in der Tat war das nur ein verl\u00e4ngerter Abgleiter. Hat trotzdem Spass gemacht. Auch Flug 2 war nur ein Abgleiter, wenngleich schon ein bisschen l\u00e4nger. Flug 3 und 4 haben sich dem angen\u00e4hert, was ich mir erhoffe.<\/p>\n<div class=\"separator\" style=\"clear: both; text-align: center;\"><a style=\"clear: right; float: right; margin-bottom: 1em; margin-left: 1em;\" href=\"https:\/\/i0.wp.com\/blogger.googleusercontent.com\/img\/b\/R29vZ2xl\/AVvXsEjpbBlJpUEP_ngAW3Bya-3rNWUqUeO3HTa8qfQGthwLMvzud2vLFYy1T-PJneS1sZvPM6UkSxMLFNRylYq_iO1HK0tg-Z3DBQ5spV9hvBiW0KR8GRE98ECFqCBB-3sMhQU_t-O2sN0wbt1Jbd_TyKmB2y3hVLe3HSa3VGNIvYHGPdFd7F9HZEROVa2ROhea\/s2000\/WhatsApp%20Image%202024-05-13%20at%2012.36.02.jpeg?ssl=1\"><img loading=\"lazy\" decoding=\"async\" src=\"https:\/\/i0.wp.com\/blogger.googleusercontent.com\/img\/b\/R29vZ2xl\/AVvXsEjpbBlJpUEP_ngAW3Bya-3rNWUqUeO3HTa8qfQGthwLMvzud2vLFYy1T-PJneS1sZvPM6UkSxMLFNRylYq_iO1HK0tg-Z3DBQ5spV9hvBiW0KR8GRE98ECFqCBB-3sMhQU_t-O2sN0wbt1Jbd_TyKmB2y3hVLe3HSa3VGNIvYHGPdFd7F9HZEROVa2ROhea\/s320\/WhatsApp%20Image%202024-05-13%20at%2012.36.02.jpeg?resize=320%2C240&#038;ssl=1\" width=\"320\" height=\"240\" border=\"0\" data-original-height=\"1500\" data-original-width=\"2000\" data-recalc-dims=\"1\" \/><\/a><\/div>\n<p>Ich bin beide Male die D\u00fcne nach S\u00fcden runtergeflogen, konnte aber leider keine H\u00f6he gewinnen. Beim 3. Flug musste ich beim R\u00fcckflug auf halber Strecke einlanden. Der hatte vielleicht 1000 Meter L\u00e4nge. Flug 4 bin ich erst ganz kurz noch Norden und dann noch weiter nach S\u00fcden. Leider auch da auf dem Weg retur abgesoffen, aber ich kam zumindest komplett zur\u00fcck. Das k\u00f6nnten so 3 Kilometer Strecke gewesen sein. Mittlerweile kam aber der Wind zu sehr aus NW und es wurde Mittagpause angesetzt. Flug 5 war dann nur noch ein Abgleiter Richtung Fahrrad.<\/p>\n<div class=\"separator\" style=\"clear: both; text-align: center;\"><a style=\"clear: left; float: left; margin-bottom: 1em; margin-right: 1em;\" href=\"https:\/\/i0.wp.com\/blogger.googleusercontent.com\/img\/b\/R29vZ2xl\/AVvXsEj3N5QFAS5GiUOshZ6NEY5TBsBMUdp6A39DfqLyFgTn9wG6k9rqcSr_JHijdLY2Uu7n8VAKKE51_6HPiO89wmIu7_uO490YbtIkNFW2JbgUhyAtX6quFLTik-XkTfEGEuxosUPi4gMESqDFz1NLFTAj8LXQeSwovLLZ6WUNh5PEMQNHdS9fOHPVc6zFlZ0s\/s2000\/WhatsApp%20Image%202024-05-13%20at%2008.54.07.jpeg?ssl=1\"><img loading=\"lazy\" decoding=\"async\" src=\"https:\/\/i0.wp.com\/blogger.googleusercontent.com\/img\/b\/R29vZ2xl\/AVvXsEj3N5QFAS5GiUOshZ6NEY5TBsBMUdp6A39DfqLyFgTn9wG6k9rqcSr_JHijdLY2Uu7n8VAKKE51_6HPiO89wmIu7_uO490YbtIkNFW2JbgUhyAtX6quFLTik-XkTfEGEuxosUPi4gMESqDFz1NLFTAj8LXQeSwovLLZ6WUNh5PEMQNHdS9fOHPVc6zFlZ0s\/s320\/WhatsApp%20Image%202024-05-13%20at%2008.54.07.jpeg?resize=320%2C240&#038;ssl=1\" width=\"320\" height=\"240\" border=\"0\" data-original-height=\"1500\" data-original-width=\"2000\" data-recalc-dims=\"1\" \/><\/a><\/div>\n<p>Genau &#8211; Fahrrad, mit dem ich an die D\u00fcne fahre. Samt dem gesamten Gleitschirmgeraffel auf dem Buckel. Aber man kann hier mit dem Auto kaum parken und wenn, dann ist das sauteuer. Ich habe einen Parkplatz bei meinem AirBnB und da werde ich den Dokker auch stehen lassen. Selbst wenn das mit dem Rad anstrengend und unbequem ist. Das ist noch besser als die Strecken laufen. \u00dcberhaupt war das 5x die D\u00fcne hochsteigen mit dem ganzen Gewicht auf dem R\u00fccken sauanstrengend in der knallen Sonne.<\/p>\n<p>Also von daher alles sehr sch\u00f6n bis jetzt, aber verdammt anstrengend und der kleine Mittagschlaf im AirBnB sowie die Kaffee jetzt waren echt notwendig. Mal sehen, was wir heute Nachmittag\/Abend noch machen, aber der Tag ist schon jetzt einer der besseren Flugtage in meiner aktuellen Flughistorie.<iframe loading=\"lazy\" frameborder=\"0\" height=\"270\" src=\"https:\/\/youtube.com\/embed\/bIMu9Ki-Iko?si=18aMfOB3i6mFHS7i\" width=\"480\"><\/iframe><iframe loading=\"lazy\" frameborder=\"0\" height=\"270\" src=\"https:\/\/youtube.com\/embed\/h641oefQikA?si=JBN1w6_FQF6cRCmw\" style=\"background-image: url(https:\/\/i.ytimg.com\/vi\/h641oefQikA\/hqdefault.jpg);\" width=\"480\"><\/iframe><\/p>\n","protected":false},"excerpt":{"rendered":"<p>Nachdem ich gestern angekommen bin, waren wir heute morgen am Startplatz an der D\u00fcne in Zoutelande. Es war am Anfang noch diesig und der Wind recht schwach. Aber um sich an die D\u00fcne zu gew\u00f6hnen waren die Bedingungen gut. Ich bin als Erster der Gruppe gestartet und in der Tat war das nur ein verl\u00e4ngerter &hellip; <a href=\"https:\/\/fliegerblog.rjs.de\/?p=2075\" class=\"more-link\"><span class=\"screen-reader-text\">\u201eAnfang an der D\u00fcne Zoutelande ist gemacht\u201c<\/span> weiterlesen<\/a><\/p>\n","protected":false},"author":1,"featured_media":0,"comment_status":"closed","ping_status":"open","sticky":false,"template":"","format":"standard","meta":{"jetpack_post_was_ever_published":false,"footnotes":"","jetpack_publicize_message":"","jetpack_is_tweetstorm":false,"jetpack_publicize_feature_enabled":true,"jetpack_social_options":[]},"categories":[1],"tags":[],"class_list":["post-2075","post","type-post","status-publish","format-standard","hentry","category-uncategorized"],"jetpack_publicize_connections":[],"jetpack_featured_media_url":"","jetpack_shortlink":"https:\/\/wp.me\/p788kK-xt","jetpack-related-posts":[{"id":2097,"url":"https:\/\/fliegerblog.rjs.de\/?p=2097","url_meta":{"origin":2075,"position":0},"title":"Retur &#038; Fazit","date":"Mai 19, 2024","format":false,"excerpt":"Ich bin heute aus Zoutelande zur\u00fcckgefahren und habe vorhin im Hof meine beiden Schirme mehr oder weniger entsandet. Die Woche war wirklich sch\u00f6n und wir hatten over all ziemlich Gl\u00fcck mit Wind und Wetter. Ich bin in der Woche 7x an der gro\u00dfen D\u00fcne geflogen. Auch wenn am Montag drei\u2026","rel":"","context":"\u00c4hnlicher Beitrag","img":{"alt_text":"","src":"https:\/\/i0.wp.com\/blogger.googleusercontent.com\/img\/b\/R29vZ2xl\/AVvXsEg2btvcBWP1bm0RUG56AYC-9BgxmArPGBpWqik4usdm1d1CuG0rYZTUFdRb9Ut8l-jK82QlBR6sbZuHJw1fMedvWxuz2XMWAiHbqLtVLx1S6lop8OhYv7lF1vWXktbPU6wXv_ONYWRiYRiHXTGF7-IJ6xqA9CjGshjCIuVp7BunH4lgg7diJzwGgq2baELI\/w300-h400\/WhatsApp%20Image%202024-05-19%20at%2019.10.06.jpeg?resize=350%2C200&ssl=1","width":350,"height":200},"classes":[]},{"id":2145,"url":"https:\/\/fliegerblog.rjs.de\/?p=2145","url_meta":{"origin":2075,"position":1},"title":"2. Mal Zoutelande","date":"Mai 11, 2025","format":false,"excerpt":"Nachdem ich ziemlich genau vor einem Jahr das 1. Mal zum K\u00fcstenfliegen in Zoutelande war, bin ich wieder da. Gerade angekommen. Auch wieder ein organisierter Flugurlaub. Es ist strahlender Sonnenschein, aber ich sehe schwarz f\u00fcr die Windrichtung.Da ist f\u00fcr die ganze Woche leider die falsche Richtung angek\u00fcndigt. Aber die Hoffnung\u2026","rel":"","context":"\u00c4hnlicher Beitrag","img":{"alt_text":"","src":"https:\/\/i0.wp.com\/blogger.googleusercontent.com\/img\/b\/R29vZ2xl\/AVvXsEhDKamIhdDG2GjoX4ZeshNuVR3_bR1dxCMNsX80t0Xxqc9JLqi62nrRgK1EbxGztoMlUJVkqwn32RZYxa4L3S-ALURMAvf5YDkNdnsuh8GBrrgTRIVb5E10eKhMtoa4qZH-113mFh8G1XMCa6b07VeXqW42MIH2Z0J1yF7n2mR3g4xjBajmwia1RjSgsw53\/s320\/09fb21f4-8a4a-45f5-9e19-652215226760.jfif?resize=350%2C200&ssl=1","width":350,"height":200},"classes":[]},{"id":2091,"url":"https:\/\/fliegerblog.rjs.de\/?p=2091","url_meta":{"origin":2075,"position":2},"title":"50 Minuten","date":"Mai 16, 2024","format":false,"excerpt":"Nach dem Ausfalltag gestern, bei dem au\u00dfer dem Einstellen des Gurtzeugs nichts hinsichtlich Gleitschirm gelaufen ist, hatten alle Prognosen f\u00fcr heute ein gro\u00dfes Regengebiet angek\u00fcndigt. So unterschiedlich die verschiedenen Dienste die Windrichtung und Windst\u00e4rke derzeit vorhersagen - da waren sie sich einig und hatten leider recht. Schon im Bett habe\u2026","rel":"","context":"\u00c4hnlicher Beitrag","img":{"alt_text":"","src":"https:\/\/i0.wp.com\/blogger.googleusercontent.com\/img\/b\/R29vZ2xl\/AVvXsEjBTRZZT13Q4pYCl7hgFh72WHTtTnH6u52O2xewJZlTGpvPS8CVAd7NJS__rJul5KOh4OXHKJAULBta1wy-H-zP6qcEvjfRYcJ_N-Top1dEfv9DaLAe64WEU89dziIDfef6wny84y2tpAgyQuXqyjNET2kL5QJNazuYkRRf65knnkg1bVhNAPWpIpFuN50P\/w640-h298\/WhatsApp%20Image%202024-05-16%20at%2021.07.10.jpeg?resize=350%2C200&ssl=1","width":350,"height":200},"classes":[]},{"id":2147,"url":"https:\/\/fliegerblog.rjs.de\/?p=2147","url_meta":{"origin":2075,"position":3},"title":"Deichspringen","date":"Mai 12, 2025","format":false,"excerpt":"In der Tat sieht die Windrichtung weiter so aus als w\u00e4re es die ganze Woche nix mit der gro\u00dfen D\u00fcne in Zoutelande, an der ich letztes Jahr zwei tolle Fl\u00fcge mit etwa einer Stunde Airtime jeweils gehabt habe. Aber es gibt ein paar Alternativen und eine haben wir heute ausprobiert.\u2026","rel":"","context":"\u00c4hnlicher Beitrag","img":{"alt_text":"","src":"https:\/\/i0.wp.com\/blogger.googleusercontent.com\/img\/b\/R29vZ2xl\/AVvXsEiQeYKmblJJfPYyiDl-Fu1tVbeIcQFrmzCCHcYeoSU0Jhp63ZD9bLbgIeLo83z-EDbw4Yqx48nkqu27gODk0Tch6jciV8KScf-pfXb9qFw4is6RDboB9kqn4ir47lAsNWAaX6NneKwcKm-aUQe_eTVgfz30V6UmodOqn5L5V3qkNa19adXBBfulrAJdMS_U\/s320\/25-05-12%2011-51-48%209160.jpg?resize=350%2C200&ssl=1","width":350,"height":200},"classes":[]},{"id":2095,"url":"https:\/\/fliegerblog.rjs.de\/?p=2095","url_meta":{"origin":2075,"position":4},"title":"Wildcat &#038; Minicamper","date":"Mai 18, 2024","format":false,"excerpt":"Heute war wieder NW angesagt und damit der gleiche Strand bei Westkapelle. Aber die Aktion von gestern, bei der ich die gesamte Strecke mit dem Rad gefahren bin, wollte ich mir heute nicht mehr antun. Zumal das Wetter recht k\u00fchl und tr\u00fcbe am Anfang daherkam und ich mehr Sachen mitnehmen\u2026","rel":"","context":"\u00c4hnlicher Beitrag","img":{"alt_text":"","src":"https:\/\/i0.wp.com\/blogger.googleusercontent.com\/img\/b\/R29vZ2xl\/AVvXsEhOGkd1aZUIhcdnNPRnvPYW-_2ys7rhuyEjgQgs1fx_y_CAREwJo-pYXXnge8uh4eocD996rNPQO837AwlUIfivKDYcHNYLt7hrr_IoJw3E_BqBR3AK68Uv6E-JydlGZTIje83c60URpakvbJRIi4lPMxOBzamoAPk0Q1iCsqQLWazGIditqg7y0bauQ4IH\/s320\/WhatsApp%20Image%202024-05-18%20at%2017.46.38.jpeg?resize=350%2C200&ssl=1","width":350,"height":200},"classes":[]},{"id":2085,"url":"https:\/\/fliegerblog.rjs.de\/?p=2085","url_meta":{"origin":2075,"position":5},"title":"Was ein Abendflug :-)","date":"Mai 14, 2024","format":false,"excerpt":"Gegen Nachmittag kam leichter Regen und ein kleiner Temperatursturz. Dazu war der Wind heftig. Es sah nicht wirklich gut aus, aber so gegen 17:30 Uhr ging zumindest die Chance auf ein Flugfenster auf. Am Startplatz angekommen sah es gut aus und - obwohl ich eigentlich nur schauen und gar nicht\u2026","rel":"","context":"\u00c4hnlicher Beitrag","img":{"alt_text":"","src":"https:\/\/i0.wp.com\/blogger.googleusercontent.com\/img\/b\/R29vZ2xl\/AVvXsEjymOQcZhg1nVA0tMqyLURbsVi5hUWRFBYrc3JBHXXFGMeZ8z31vgk4552j4Ulmb0NUpyB0adiiRHL1sAr9u9_AjQ4jXwgHTm0HDYOQboJ1estKSdJw_07sqCfq8Tau515xC1jalCByWYLfHgyjSWyAvgYLyFeRJ9dfBKnOwsLV-6axlMXDM8uwU_UNEX1X\/w400-h300\/WhatsApp%20Image%202024-05-14%20at%2018.27.53.jpeg?resize=350%2C200&ssl=1","width":350,"height":200},"classes":[]}],"_links":{"self":[{"href":"https:\/\/fliegerblog.rjs.de\/index.php?rest_route=\/wp\/v2\/posts\/2075","targetHints":{"allow":["GET"]}}],"collection":[{"href":"https:\/\/fliegerblog.rjs.de\/index.php?rest_route=\/wp\/v2\/posts"}],"about":[{"href":"https:\/\/fliegerblog.rjs.de\/index.php?rest_route=\/wp\/v2\/types\/post"}],"author":[{"embeddable":true,"href":"https:\/\/fliegerblog.rjs.de\/index.php?rest_route=\/wp\/v2\/users\/1"}],"replies":[{"embeddable":true,"href":"https:\/\/fliegerblog.rjs.de\/index.php?rest_route=%2Fwp%2Fv2%2Fcomments&post=2075"}],"version-history":[{"count":3,"href":"https:\/\/fliegerblog.rjs.de\/index.php?rest_route=\/wp\/v2\/posts\/2075\/revisions"}],"predecessor-version":[{"id":2082,"href":"https:\/\/fliegerblog.rjs.de\/index.php?rest_route=\/wp\/v2\/posts\/2075\/revisions\/2082"}],"wp:attachment":[{"href":"https:\/\/fliegerblog.rjs.de\/index.php?rest_route=%2Fwp%2Fv2%2Fmedia&parent=2075"}],"wp:term":[{"taxonomy":"category","embeddable":true,"href":"https:\/\/fliegerblog.rjs.de\/index.php?rest_route=%2Fwp%2Fv2%2Fcategories&post=2075"},{"taxonomy":"post_tag","embeddable":true,"href":"https:\/\/fliegerblog.rjs.de\/index.php?rest_route=%2Fwp%2Fv2%2Ftags&post=2075"}],"curies":[{"name":"wp","href":"https:\/\/api.w.org\/{rel}","templated":true}]}}