{"id":2068,"date":"2024-04-07T17:11:20","date_gmt":"2024-04-07T17:11:20","guid":{"rendered":"https:\/\/fliegerblog.rjs.de\/?p=2068"},"modified":"2024-04-07T17:15:13","modified_gmt":"2024-04-07T17:15:13","slug":"bitter-notwendig","status":"publish","type":"post","link":"https:\/\/fliegerblog.rjs.de\/?p=2068","title":{"rendered":"Bitter notwendig"},"content":{"rendered":"<div class=\"separator\" style=\"clear: both; text-align: center;\"><a style=\"clear: left; float: left; margin-bottom: 1em; margin-right: 1em;\" href=\"https:\/\/i0.wp.com\/blogger.googleusercontent.com\/img\/b\/R29vZ2xl\/AVvXsEjS2OGFYAKcXE4E-bDQoe1aFrZRMo5Zt2-KBJIl0S2jf2vtqxfzkIZcpkWGk1JBM5tQE0k98ibXnCylSnpuugPtXzSovUS0hxD0Au8S2ar3_oJ5AnLBg-kfBq32mkpPnEHViBpA9m1sxPKQdDPXnzWUQp6FfEdl2EQ04ONjp857-swGgV9MJVLYa9H6Cj4K\/s2000\/r.jpeg?ssl=1\"><img loading=\"lazy\" decoding=\"async\" src=\"https:\/\/i0.wp.com\/blogger.googleusercontent.com\/img\/b\/R29vZ2xl\/AVvXsEjS2OGFYAKcXE4E-bDQoe1aFrZRMo5Zt2-KBJIl0S2jf2vtqxfzkIZcpkWGk1JBM5tQE0k98ibXnCylSnpuugPtXzSovUS0hxD0Au8S2ar3_oJ5AnLBg-kfBq32mkpPnEHViBpA9m1sxPKQdDPXnzWUQp6FfEdl2EQ04ONjp857-swGgV9MJVLYa9H6Cj4K\/w400-h300\/r.jpeg?resize=400%2C300&#038;ssl=1\" width=\"400\" height=\"300\" border=\"0\" data-original-height=\"1500\" data-original-width=\"2000\" data-recalc-dims=\"1\" \/><\/a><\/div>\n<p>Ich f\u00fchle mich mittlerweile eigentlich nicht mehr als richtiger Gleitschirmflieger &#8211; so wenig, wie ich \u00fcber den Winter in der Luft war. Ich habe es bisher nicht einmal geschafft, den Schirm nach dem Check aus der T\u00fcte zu holen. Randaktivit\u00e4ten wie Rettungwerfen und -packen oder Beginn der Windenf\u00fchrerausbildung sind kein Ersatz.<\/p>\n<div class=\"separator\" style=\"clear: both; text-align: center;\"><a style=\"clear: right; float: right; margin-bottom: 1em; margin-left: 1em;\" href=\"https:\/\/i0.wp.com\/blogger.googleusercontent.com\/img\/b\/R29vZ2xl\/AVvXsEjYuU34id2asvtDTvxshWwjgr4H9fGStIpxMO9WYnJ-QX2WhyPdSv-P1_np6zdM7P-SAqd2v92gOc9lKd5OczfkazrPuOQuQGtfukh9Di_pYzafTrn9B3OivqbMFN5JIl0lyb8A9Ud6jTqqHv-G22uRVAwFOM4t6F2iYJQ9U5Pfo6wjnmWprdgNkBD6k7r6\/s640\/reichenbach1712492041.877602.jpg?ssl=1\"><img loading=\"lazy\" decoding=\"async\" src=\"https:\/\/i0.wp.com\/blogger.googleusercontent.com\/img\/b\/R29vZ2xl\/AVvXsEjYuU34id2asvtDTvxshWwjgr4H9fGStIpxMO9WYnJ-QX2WhyPdSv-P1_np6zdM7P-SAqd2v92gOc9lKd5OczfkazrPuOQuQGtfukh9Di_pYzafTrn9B3OivqbMFN5JIl0lyb8A9Ud6jTqqHv-G22uRVAwFOM4t6F2iYJQ9U5Pfo6wjnmWprdgNkBD6k7r6\/w400-h300\/reichenbach1712492041.877602.jpg?resize=400%2C300&#038;ssl=1\" width=\"400\" height=\"300\" border=\"0\" data-original-height=\"480\" data-original-width=\"640\" data-recalc-dims=\"1\" \/><\/a><\/div>\n<p>F\u00fcr heute waren die Prognosen aber gar nicht so schlecht und es gab f\u00fcr mich zwei Optionen, mit denen ich gelieb\u00e4ugelt habe. Bei der Windenschleppgemeinschaft Rhein-Hessen haben sie die Saison er\u00f6ffnet. Aber die Bedingungen sahen anspruchsvoll aus und als quasi &#8222;Kaltstart&#8220; nach dem Winter dann direkt an die Winde zu gehen, war mir nicht jocker. Ich w\u00fcsste gerne, wie es letztendlich da wirklich war. Laut Prognosen sollte es nicht so knackig wie bei mir dann gewesen sein, denn das w\u00e4re mir f\u00fcr die Winde echt zuviel gewesen.<\/p>\n<div class=\"separator\" style=\"clear: both; text-align: center;\"><a style=\"clear: right; float: right; margin-bottom: 1em; margin-left: 1em;\" href=\"https:\/\/i0.wp.com\/blogger.googleusercontent.com\/img\/b\/R29vZ2xl\/AVvXsEgjByFjAsW6ruOA1AsCiAUn7dVia9O3R4Af3V3MIIGpeQkAf0F0T_n1JFy736tgN7Ql-rm2D4wpF61WLSGEN2c1by_E8jCqgihGncp9KMkLW7NKw2gigoC6oGgDoiu-pHtE4yPxVJ8KuUU5TPRLP6GWrvfex713g1ymOlgTY-MHYSJuYW4RJnYAn78hAYjU\/s640\/reichenbach1712493121.501008.jpg?ssl=1\"><img loading=\"lazy\" decoding=\"async\" src=\"https:\/\/i0.wp.com\/blogger.googleusercontent.com\/img\/b\/R29vZ2xl\/AVvXsEgjByFjAsW6ruOA1AsCiAUn7dVia9O3R4Af3V3MIIGpeQkAf0F0T_n1JFy736tgN7Ql-rm2D4wpF61WLSGEN2c1by_E8jCqgihGncp9KMkLW7NKw2gigoC6oGgDoiu-pHtE4yPxVJ8KuUU5TPRLP6GWrvfex713g1ymOlgTY-MHYSJuYW4RJnYAn78hAYjU\/s320\/reichenbach1712493121.501008.jpg?resize=320%2C240&#038;ssl=1\" width=\"320\" height=\"240\" border=\"0\" data-original-height=\"480\" data-original-width=\"640\" data-recalc-dims=\"1\" \/><\/a><\/div>\n<p>Ich bin n\u00e4mlich in Reichenbach an den Hang gegangen, um mich da erst einmal wieder mit dem Schirm vertraut zu machen. Statt wie fr\u00fcher mehrfach im Monat zu handlen, mache ich das echt nur noch hom\u00e4opatisch. Der Tag heute hat auch gezeigt, dass ich fast unsicher beim Fliegen geworden bin. Wobei die Bedingungen vor Ort &#8211; sagen wir mal &#8211;\u00a0 sportlich waren. Die Prognosen im Vorfeld waren uneinheitlich und von &#8222;zu schwach&#8220; bis &#8222;zu bockig&#8220; konnte man sich es raussuchen.<\/p>\n<div class=\"separator\" style=\"clear: both; text-align: center;\"><a style=\"clear: right; float: right; margin-bottom: 1em; margin-left: 1em;\" href=\"https:\/\/i0.wp.com\/blogger.googleusercontent.com\/img\/b\/R29vZ2xl\/AVvXsEiztpNa0RVE7O4IsIlgxBg2sZ8pLubnAVCJ08nGyeFjbzdUO123cRziiM_Ye4beMnZ-D23dx4ztEQhqoclWh17pEkO_8nmhlzjgXjo3VKxTWPOtNzgMTnyJ-ws1eUI2wgN8kCvecIUwUDYkLC7m_Zd-9qpUSGFmBlDgzNEhA5u82__KXmrSNeNFO3oqw7wp\/s640\/reichenbach1712494921.749838.jpg?ssl=1\"><img loading=\"lazy\" decoding=\"async\" src=\"https:\/\/i0.wp.com\/blogger.googleusercontent.com\/img\/b\/R29vZ2xl\/AVvXsEiztpNa0RVE7O4IsIlgxBg2sZ8pLubnAVCJ08nGyeFjbzdUO123cRziiM_Ye4beMnZ-D23dx4ztEQhqoclWh17pEkO_8nmhlzjgXjo3VKxTWPOtNzgMTnyJ-ws1eUI2wgN8kCvecIUwUDYkLC7m_Zd-9qpUSGFmBlDgzNEhA5u82__KXmrSNeNFO3oqw7wp\/s320\/reichenbach1712494921.749838.jpg?resize=320%2C240&#038;ssl=1\" width=\"320\" height=\"240\" border=\"0\" data-original-height=\"480\" data-original-width=\"640\" data-recalc-dims=\"1\" \/><\/a><\/div>\n<p>Am Hang kam der Wind meist etwas zuviel aus Ost und war wirklich kr\u00e4ftig. Aber halbwegs beherrschbar, wobei ich nicht so sicher geflogen bin, wie ich es mir w\u00fcnsche. Oder besser &#8211; ich war wirklich ziemlich aus der \u00dcbung. Es ging heute an f\u00fcr den Hang auch teils ungew\u00f6hnlich hoch als auch lange. Da kam recht starker Wind und Thermik zusammen und das war gleich ein &#8222;Proof of concept&#8220;, ob ich noch halbwegs zurechkomme.<\/p>\n<div class=\"separator\" style=\"clear: both; text-align: center;\"><a style=\"clear: left; float: left; margin-bottom: 1em; margin-right: 1em;\" href=\"https:\/\/i0.wp.com\/blogger.googleusercontent.com\/img\/b\/R29vZ2xl\/AVvXsEhxfi668Q20N7UfY8a3TQ6P6SpINRd_g56A3hyphenhyphen6dbexnECgpc3ANsEx_BB4ihQXPyzf3sfaJ8Z0JHLukNSepHIPye9ryeLtVsB1DPbydssceh0knF9wO0kNG6zvQ_7tTKTH77O6WMQ7jg_Zjx7tfzE7FBbsHTsKxmjDbUlnOl7ne3DzWf__l3MgQWfAlrP1\/s640\/reichenbach1712495761.241154.jpg?ssl=1\"><img loading=\"lazy\" decoding=\"async\" src=\"https:\/\/i0.wp.com\/blogger.googleusercontent.com\/img\/b\/R29vZ2xl\/AVvXsEhxfi668Q20N7UfY8a3TQ6P6SpINRd_g56A3hyphenhyphen6dbexnECgpc3ANsEx_BB4ihQXPyzf3sfaJ8Z0JHLukNSepHIPye9ryeLtVsB1DPbydssceh0knF9wO0kNG6zvQ_7tTKTH77O6WMQ7jg_Zjx7tfzE7FBbsHTsKxmjDbUlnOl7ne3DzWf__l3MgQWfAlrP1\/w400-h300\/reichenbach1712495761.241154.jpg?resize=400%2C300&#038;ssl=1\" width=\"400\" height=\"300\" border=\"0\" data-original-height=\"480\" data-original-width=\"640\" data-recalc-dims=\"1\" \/><\/a><\/div>\n<p>Mein Fazit &#8211; im Prinzip ja, aber ich muss unbedingt wieder mehr Praxis haben. Insbesondere, bevor ich im Mai zu meinem geplanten Flugurlaub aufbreche. Au\u00dferdem muss ich mein Gurtzeug nochmal neu einstellen. Das passt seit der Reparatur vor einigen Monaten auch noch nicht richtig. Wie h\u00e4tte ich es auch rausbekommen sollen? Besagte zu geringe Airtime hat auch da zugeschlagen. So gesehen war der Tag heute wirklich bitter notwendig und hat echt was gebracht. Selbst mein l\u00e4diertes Knie konnte ich unter Belastung testen und es hat sogar halbwegs funktioniert.<\/p>\n","protected":false},"excerpt":{"rendered":"<p>Ich f\u00fchle mich mittlerweile eigentlich nicht mehr als richtiger Gleitschirmflieger &#8211; so wenig, wie ich \u00fcber den Winter in der Luft war. Ich habe es bisher nicht einmal geschafft, den Schirm nach dem Check aus der T\u00fcte zu holen. Randaktivit\u00e4ten wie Rettungwerfen und -packen oder Beginn der Windenf\u00fchrerausbildung sind kein Ersatz. F\u00fcr heute waren die &hellip; <a href=\"https:\/\/fliegerblog.rjs.de\/?p=2068\" class=\"more-link\"><span class=\"screen-reader-text\">\u201eBitter notwendig\u201c<\/span> weiterlesen<\/a><\/p>\n","protected":false},"author":1,"featured_media":0,"comment_status":"closed","ping_status":"open","sticky":false,"template":"","format":"standard","meta":{"jetpack_post_was_ever_published":false,"footnotes":"","jetpack_publicize_message":"","jetpack_is_tweetstorm":false,"jetpack_publicize_feature_enabled":true,"jetpack_social_options":[]},"categories":[1],"tags":[],"class_list":["post-2068","post","type-post","status-publish","format-standard","hentry","category-uncategorized"],"jetpack_publicize_connections":[],"jetpack_featured_media_url":"","jetpack_shortlink":"https:\/\/wp.me\/p788kK-xm","jetpack-related-posts":[{"id":1405,"url":"https:\/\/fliegerblog.rjs.de\/?p=1405","url_meta":{"origin":2068,"position":0},"title":"Ich bin der Neue","date":"M\u00e4rz 30, 2018","format":false,"excerpt":"Meine Wildcat hat es leider nicht \u00fcber den Check geschafft. Die Luftdurchl\u00e4ssigkeit vom Untersegel (!) war zu schlecht, wobei zum Groundhandlen und f\u00fcr das Fliegen am Strand\/der D\u00fcne (falls es endlich mal wieder klappen sollte) sollte die Wildkatze sich noch eignen. Aber das Aus kommt nicht wirklich \u00fcberraschend und ich\u2026","rel":"","context":"\u00c4hnlicher Beitrag","img":{"alt_text":"","src":"https:\/\/i0.wp.com\/3.bp.blogspot.com\/-Lm-jatyAp-Q\/Wr4mvc_tWDI\/AAAAAAAADyY\/Jaa4Nfny5MITlf6-ZDzIKW9taCZWr5t6QCLcBGAs\/s640\/GOPR9052.JPG?resize=350%2C200&ssl=1","width":350,"height":200},"classes":[]},{"id":1882,"url":"https:\/\/fliegerblog.rjs.de\/?p=1882","url_meta":{"origin":2068,"position":1},"title":"Neujahrsspringen","date":"Januar 1, 2022","format":false,"excerpt":"Es ist ein D\u00e9j\u00e0-vu, dass es jedes Jahr in der Winterzeit d\u00fcnn mit Fliegen wird. Gute bzw. schlechte Gr\u00fcnde gibt es immer die gleichen. Auch die Einschr\u00e4nkungen durch Corona sind ja aus dem letzten Winter schon vorhanden. Die\u00a0 wirken sich zwar bei mir nur begrenzt auf das Gleitschirmfliegen aus, verhindern\u2026","rel":"","context":"\u00c4hnlicher Beitrag","img":{"alt_text":"","src":"https:\/\/i0.wp.com\/fliegerblog.rjs.de\/wp-content\/uploads\/2022\/01\/reichenbach1641034321.318867.jpg?resize=350%2C200","width":350,"height":200},"classes":[]},{"id":723,"url":"https:\/\/fliegerblog.rjs.de\/?p=723","url_meta":{"origin":2068,"position":2},"title":"Schnee","date":"Januar 25, 2014","format":false,"excerpt":"Der Winter macht seinem Namen in dem Jahr keine Ehre. Und das st\u00f6rt mich \u00fcberhaupt nicht. Ich brauche die K\u00e4lte und das Verkehrscaos bei Schnee nicht. Aber heute war der Hang in Reichenbach in der Tat leicht mit Schnee bedeckt. Trotz der mauen Aussichten und dem tr\u00fcben Himmel waren auch\u2026","rel":"","context":"In &quot;Allgemein&quot;","img":{"alt_text":"","src":"","width":0,"height":0},"classes":[]},{"id":744,"url":"https:\/\/fliegerblog.rjs.de\/?p=744","url_meta":{"origin":2068,"position":3},"title":"Er\u00f6ffnung der Windensaison","date":"M\u00e4rz 6, 2014","format":false,"excerpt":"Eigentlich war ich heute noch richtig platt von dem guten Flugtag gestern am Hang in MF. So oft, wie ich bei guten Bedingungen da immer den Hang hochhetze, bezahle ich das am n\u00e4chsten Tag immer mit Muskelkater und eben einer gewissen Schlappheit. Ebenso habe ich nicht im Geringsten damit gerechnet,\u2026","rel":"","context":"In &quot;Allgemein&quot;","img":{"alt_text":"","src":"","width":0,"height":0},"classes":[]},{"id":1662,"url":"https:\/\/fliegerblog.rjs.de\/?p=1662","url_meta":{"origin":2068,"position":4},"title":"Nicht Passeiertal, nicht Achensee, &#8230;","date":"August 31, 2019","format":false,"excerpt":"... sondern Rheinhessen. Klingt vielleicht komisch, aber ich war gerade \u00fcber 12 Tage auf Familienurlaub erst in S\u00fcd-Tirol und dann noch am Achensee. Also 2 Hotspots zum Gleitschirmfliegen. Aber ich hatte bewusst den Schirm nicht mitgenommen. Es passt f\u00fcr mich nicht zum Familienurlaub, wenn man permanent versucht die Aktivit\u00e4ten mit\u2026","rel":"","context":"\u00c4hnlicher Beitrag","img":{"alt_text":"","src":"https:\/\/i0.wp.com\/1.bp.blogspot.com\/-big42DdBoDM\/XWqvCCNEJ3I\/AAAAAAAAE-4\/m-gtNAm0aWAt0SQjtMIVMyKJm-MDpB2CACLcBGAs\/s320\/GOPR0955.JPG?resize=350%2C200&ssl=1","width":350,"height":200},"classes":[]},{"id":1798,"url":"https:\/\/fliegerblog.rjs.de\/?p=1798","url_meta":{"origin":2068,"position":5},"title":"Vor-Ostergeschenk","date":"April 2, 2021","format":false,"excerpt":"Nach dem brutal hei\u00dfen Mittwoch mit S\u00fcdwind hat der Wind bereits am Donnerstag unmittelbar auf Nord gedreht und einige Tage fliegerische Nord-Ostereier versprochen. Nur gestern waren mir die Prognosen zu stark und zu westlich und deshalb bin ich nicht an den Hang. Was wohl im Nachhinein auch die richtige Entscheidung\u2026","rel":"","context":"\u00c4hnlicher Beitrag","img":{"alt_text":"","src":"https:\/\/i0.wp.com\/1.bp.blogspot.com\/-79FgWmMvXG4\/YGc_NPDjYhI\/AAAAAAAAF_o\/2ulzBV65VTwhAvTMkBbXIZcNB7TuMgTMgCLcBGAsYHQ\/w400-h300\/IMG_20210402_151757.jpg?resize=350%2C200&ssl=1","width":350,"height":200},"classes":[]}],"_links":{"self":[{"href":"https:\/\/fliegerblog.rjs.de\/index.php?rest_route=\/wp\/v2\/posts\/2068","targetHints":{"allow":["GET"]}}],"collection":[{"href":"https:\/\/fliegerblog.rjs.de\/index.php?rest_route=\/wp\/v2\/posts"}],"about":[{"href":"https:\/\/fliegerblog.rjs.de\/index.php?rest_route=\/wp\/v2\/types\/post"}],"author":[{"embeddable":true,"href":"https:\/\/fliegerblog.rjs.de\/index.php?rest_route=\/wp\/v2\/users\/1"}],"replies":[{"embeddable":true,"href":"https:\/\/fliegerblog.rjs.de\/index.php?rest_route=%2Fwp%2Fv2%2Fcomments&post=2068"}],"version-history":[{"count":3,"href":"https:\/\/fliegerblog.rjs.de\/index.php?rest_route=\/wp\/v2\/posts\/2068\/revisions"}],"predecessor-version":[{"id":2071,"href":"https:\/\/fliegerblog.rjs.de\/index.php?rest_route=\/wp\/v2\/posts\/2068\/revisions\/2071"}],"wp:attachment":[{"href":"https:\/\/fliegerblog.rjs.de\/index.php?rest_route=%2Fwp%2Fv2%2Fmedia&parent=2068"}],"wp:term":[{"taxonomy":"category","embeddable":true,"href":"https:\/\/fliegerblog.rjs.de\/index.php?rest_route=%2Fwp%2Fv2%2Fcategories&post=2068"},{"taxonomy":"post_tag","embeddable":true,"href":"https:\/\/fliegerblog.rjs.de\/index.php?rest_route=%2Fwp%2Fv2%2Ftags&post=2068"}],"curies":[{"name":"wp","href":"https:\/\/api.w.org\/{rel}","templated":true}]}}