{"id":2065,"date":"2024-03-14T13:44:01","date_gmt":"2024-03-14T13:44:01","guid":{"rendered":"https:\/\/fliegerblog.rjs.de\/?p=2065"},"modified":"2024-03-14T13:44:01","modified_gmt":"2024-03-14T13:44:01","slug":"back-from-check","status":"publish","type":"post","link":"https:\/\/fliegerblog.rjs.de\/?p=2065","title":{"rendered":"Back from Check"},"content":{"rendered":"<p>Mein Gleitschirm ist wieder da. Er hat mit Hengen &amp; J\u00fcrgen den Check noch geschafft. Waren auch einige Reparaturen notwendig und die Angelegenheit nicht ganz billig. Zudem muss er in einem Jahr nochmal wegen Tuchdichtigkeit \u00fcberpr\u00fcft werden. Aber dennoch bin ich froh, dass ich ihn noch 1 &#8211; 2 Jahre fliegen kann. Dann sehe ich weiter.<\/p>\n","protected":false},"excerpt":{"rendered":"<p>Mein Gleitschirm ist wieder da. Er hat mit Hengen &amp; J\u00fcrgen den Check noch geschafft. Waren auch einige Reparaturen notwendig und die Angelegenheit nicht ganz billig. Zudem muss er in einem Jahr nochmal wegen Tuchdichtigkeit \u00fcberpr\u00fcft werden. Aber dennoch bin ich froh, dass ich ihn noch 1 &#8211; 2 Jahre fliegen kann. Dann sehe ich &hellip; <a href=\"https:\/\/fliegerblog.rjs.de\/?p=2065\" class=\"more-link\"><span class=\"screen-reader-text\">\u201eBack from Check\u201c<\/span> weiterlesen<\/a><\/p>\n","protected":false},"author":1,"featured_media":0,"comment_status":"closed","ping_status":"open","sticky":false,"template":"","format":"standard","meta":{"jetpack_post_was_ever_published":false,"footnotes":"","jetpack_publicize_message":"","jetpack_is_tweetstorm":false,"jetpack_publicize_feature_enabled":true,"jetpack_social_options":[]},"categories":[1],"tags":[],"class_list":["post-2065","post","type-post","status-publish","format-standard","hentry","category-uncategorized"],"jetpack_publicize_connections":[],"jetpack_featured_media_url":"","jetpack_shortlink":"https:\/\/wp.me\/p788kK-xj","jetpack-related-posts":[{"id":614,"url":"https:\/\/fliegerblog.rjs.de\/?p=614","url_meta":{"origin":2065,"position":0},"title":"Pack &#038; Check","date":"Januar 23, 2013","format":false,"excerpt":"Das miese Flugwetter zieht sich hin :-(. Von daher sprechen zumindest keine zu erwartenden verpassten Fluggelegenheiten die n\u00e4chste Zeit gegen einen Schirmcheck, der mal wieder f\u00e4llig ist. Mein Instinct ist also zur 2-Jahres-Kontrolle auf dem Weg zu Icaro. Wobei ich nur begrenzt optimistich bin, ob er den Check schafft. Obwohl\u2026","rel":"","context":"In &quot;Allgemein&quot;","img":{"alt_text":"","src":"","width":0,"height":0},"classes":[]},{"id":2166,"url":"https:\/\/fliegerblog.rjs.de\/?p=2166","url_meta":{"origin":2065,"position":1},"title":"Papagei","date":"August 8, 2026","format":false,"excerpt":"Es wird immer d\u00fcnner mit meinen Flugaktivit\u00e4en. Klar - Baustellen und Sperrungen blockieren im Rhein-Main-Gebiet seit Monaten Wege zu Flugh\u00e4ngen. Aber das ist nur ein Teil der Wahrheit. Ehrlich gesagt war die Luft bei mir raus. Als dann mein Buteo im Fr\u00fchjahr nicht mehr \u00fcber den Check kam, habe ich\u2026","rel":"","context":"\u00c4hnlicher Beitrag","img":{"alt_text":"","src":"https:\/\/i0.wp.com\/blogger.googleusercontent.com\/img\/b\/R29vZ2xl\/AVvXsEjvN7YEtdFVUh-BnTJsIG5j-curIaiyJHOZKj-CPb_Vx1KJR83VQw2Z0q8RjFCLpGI0EGyu-Rs_HfG2F2C10Mku70Yxr93zLt47ETYJTGBEJzI-VfdZSepiR9dELQNt6ddbWu5USnHPLQZxXk_QO4OYBEZrMDOcMtvfaUX18dJJPO0Nbi9rpJZ2hHlNb2YM\/s320\/WhatsApp%20Image%202026-08-08%20at%2013.59.34.jpeg?resize=350%2C200&ssl=1","width":350,"height":200},"classes":[]},{"id":1405,"url":"https:\/\/fliegerblog.rjs.de\/?p=1405","url_meta":{"origin":2065,"position":2},"title":"Ich bin der Neue","date":"M\u00e4rz 30, 2018","format":false,"excerpt":"Meine Wildcat hat es leider nicht \u00fcber den Check geschafft. Die Luftdurchl\u00e4ssigkeit vom Untersegel (!) war zu schlecht, wobei zum Groundhandlen und f\u00fcr das Fliegen am Strand\/der D\u00fcne (falls es endlich mal wieder klappen sollte) sollte die Wildkatze sich noch eignen. Aber das Aus kommt nicht wirklich \u00fcberraschend und ich\u2026","rel":"","context":"\u00c4hnlicher Beitrag","img":{"alt_text":"","src":"https:\/\/i0.wp.com\/3.bp.blogspot.com\/-Lm-jatyAp-Q\/Wr4mvc_tWDI\/AAAAAAAADyY\/Jaa4Nfny5MITlf6-ZDzIKW9taCZWr5t6QCLcBGAs\/s640\/GOPR9052.JPG?resize=350%2C200&ssl=1","width":350,"height":200},"classes":[]},{"id":307,"url":"https:\/\/fliegerblog.rjs.de\/?p=307","url_meta":{"origin":2065,"position":3},"title":"Probieren statt studieren","date":"M\u00e4rz 24, 2010","format":false,"excerpt":"Ich sollte heute Nachmittag eigentlich mit meiner Vorlesung an der Hochschule RheinMain anfangen, aber gestern hat sich der Termin ganz kurzfristig verschoben. Also statt Studenten eine Vorlesung zu halten bin ich nach Reichenbach fliegen gegangen. Es war zwar zuviel Ost angek\u00fcndigt, aber bei pl\u00f6tzlich freier Zeit und strahlender Sonne kann\u2026","rel":"","context":"In &quot;Allgemein&quot;","img":{"alt_text":"","src":"","width":0,"height":0},"classes":[]},{"id":1402,"url":"https:\/\/fliegerblog.rjs.de\/?p=1402","url_meta":{"origin":2065,"position":4},"title":"Fl\u00fcgellahm","date":"M\u00e4rz 2, 2018","format":false,"excerpt":"Ich bin seit 2 Stunden meiner Fl\u00fcgel beraubt :-(. Klingt krasser als es ist. Die Wildcat ist auf dem Weg zum Check. Da im Moment das Wetter wirklich nicht zum Fliegen einl\u00e4dt und ich sowieso beruflich ziemlich unterwegs bin, nutze ich die L\u00fccke. Ich will keinesfalls Mitte M\u00e4rz ohne Schirm\u2026","rel":"","context":"\u00c4hnlicher Beitrag","img":{"alt_text":"","src":"","width":0,"height":0},"classes":[]},{"id":758,"url":"https:\/\/fliegerblog.rjs.de\/?p=758","url_meta":{"origin":2065,"position":5},"title":"Winde oder Hang?","date":"April 25, 2014","format":false,"excerpt":"Das war heute die Frage. Bei den Gleitschirmfreunden Taunusstein war in Laufenselden Schleppen angesetzt. Aber die Prognosen sahen nach Ost bis teils SO aus. Zudem sollte der Wind in B\u00f6en recht kr\u00e4ftig werden. Die Bahn ist nach NO ausgerichtet und von daher war ich nicht ganz \u00fcberzeugt, dass das eine\u2026","rel":"","context":"In &quot;Allgemein&quot;","img":{"alt_text":"","src":"","width":0,"height":0},"classes":[]}],"_links":{"self":[{"href":"https:\/\/fliegerblog.rjs.de\/index.php?rest_route=\/wp\/v2\/posts\/2065","targetHints":{"allow":["GET"]}}],"collection":[{"href":"https:\/\/fliegerblog.rjs.de\/index.php?rest_route=\/wp\/v2\/posts"}],"about":[{"href":"https:\/\/fliegerblog.rjs.de\/index.php?rest_route=\/wp\/v2\/types\/post"}],"author":[{"embeddable":true,"href":"https:\/\/fliegerblog.rjs.de\/index.php?rest_route=\/wp\/v2\/users\/1"}],"replies":[{"embeddable":true,"href":"https:\/\/fliegerblog.rjs.de\/index.php?rest_route=%2Fwp%2Fv2%2Fcomments&post=2065"}],"version-history":[{"count":1,"href":"https:\/\/fliegerblog.rjs.de\/index.php?rest_route=\/wp\/v2\/posts\/2065\/revisions"}],"predecessor-version":[{"id":2066,"href":"https:\/\/fliegerblog.rjs.de\/index.php?rest_route=\/wp\/v2\/posts\/2065\/revisions\/2066"}],"wp:attachment":[{"href":"https:\/\/fliegerblog.rjs.de\/index.php?rest_route=%2Fwp%2Fv2%2Fmedia&parent=2065"}],"wp:term":[{"taxonomy":"category","embeddable":true,"href":"https:\/\/fliegerblog.rjs.de\/index.php?rest_route=%2Fwp%2Fv2%2Fcategories&post=2065"},{"taxonomy":"post_tag","embeddable":true,"href":"https:\/\/fliegerblog.rjs.de\/index.php?rest_route=%2Fwp%2Fv2%2Ftags&post=2065"}],"curies":[{"name":"wp","href":"https:\/\/api.w.org\/{rel}","templated":true}]}}