{"id":2059,"date":"2024-03-01T09:35:05","date_gmt":"2024-03-01T09:35:05","guid":{"rendered":"https:\/\/fliegerblog.rjs.de\/?p=2059"},"modified":"2024-03-01T09:36:09","modified_gmt":"2024-03-01T09:36:09","slug":"check-it","status":"publish","type":"post","link":"https:\/\/fliegerblog.rjs.de\/?p=2059","title":{"rendered":"Check it"},"content":{"rendered":"<p>Es ist schon wieder 2 Jahre her. Unglaublich, aber mein Schirm muss zum Check. Gerade weggebracht, da die n\u00e4chsten Tage das Wetter eher mau aussieht und ich sowieso meist keine Zeit zum Fliegen h\u00e4tte. Ich hoffe, dass er es nochmal schafft.<\/p>\n","protected":false},"excerpt":{"rendered":"<p>Es ist schon wieder 2 Jahre her. Unglaublich, aber mein Schirm muss zum Check. Gerade weggebracht, da die n\u00e4chsten Tage das Wetter eher mau aussieht und ich sowieso meist keine Zeit zum Fliegen h\u00e4tte. Ich hoffe, dass er es nochmal schafft.<\/p>\n","protected":false},"author":1,"featured_media":0,"comment_status":"closed","ping_status":"open","sticky":false,"template":"","format":"standard","meta":{"jetpack_post_was_ever_published":false,"footnotes":"","jetpack_publicize_message":"","jetpack_is_tweetstorm":false,"jetpack_publicize_feature_enabled":true,"jetpack_social_options":[]},"categories":[1],"tags":[],"class_list":["post-2059","post","type-post","status-publish","format-standard","hentry","category-uncategorized"],"jetpack_publicize_connections":[],"jetpack_featured_media_url":"","jetpack_shortlink":"https:\/\/wp.me\/p788kK-xd","jetpack-related-posts":[{"id":1700,"url":"https:\/\/fliegerblog.rjs.de\/?p=1700","url_meta":{"origin":2059,"position":0},"title":"Check &#038; Pack","date":"Februar 26, 2020","format":false,"excerpt":"Der Winter ist zwar abnormal warm, aber Wind und Regen sind daf\u00fcr umso heftiger und h\u00e4ufiger. Da auch die n\u00e4chsten 10 Tage laut Prognose nicht wirklich Flugwetter versprechen, habe ich die regelm\u00e4\u00dfigen und leider unumg\u00e4nglichen Zwangsaktionen jetzt gestartet. M.a.W. eben gerade den Schirm zum Check und die Rettung\u00a0 zum Packen\u2026","rel":"","context":"\u00c4hnlicher Beitrag","img":{"alt_text":"","src":"","width":0,"height":0},"classes":[]},{"id":1402,"url":"https:\/\/fliegerblog.rjs.de\/?p=1402","url_meta":{"origin":2059,"position":1},"title":"Fl\u00fcgellahm","date":"M\u00e4rz 2, 2018","format":false,"excerpt":"Ich bin seit 2 Stunden meiner Fl\u00fcgel beraubt :-(. Klingt krasser als es ist. Die Wildcat ist auf dem Weg zum Check. Da im Moment das Wetter wirklich nicht zum Fliegen einl\u00e4dt und ich sowieso beruflich ziemlich unterwegs bin, nutze ich die L\u00fccke. Ich will keinesfalls Mitte M\u00e4rz ohne Schirm\u2026","rel":"","context":"\u00c4hnlicher Beitrag","img":{"alt_text":"","src":"","width":0,"height":0},"classes":[]},{"id":388,"url":"https:\/\/fliegerblog.rjs.de\/?p=388","url_meta":{"origin":2059,"position":2},"title":"Schirm zum Check","date":"Januar 9, 2011","format":false,"excerpt":"Hab gerade meinen Schirm eingepackt, um ihn morgen zum 2-Jahres-Check zu schicken. Z.Z. sieht es nicht nach Flugwetter aus und die Zeit m\u00f6chte ich nutzen, damit ich nicht bei besten Flugbedingungen ohne T\u00fcte da stehe. Und ich hoffe, dass der Schirm den Check bekommt. Er ist erst 2 Jahre alt,\u2026","rel":"","context":"In &quot;Allgemein&quot;","img":{"alt_text":"","src":"","width":0,"height":0},"classes":[]},{"id":2110,"url":"https:\/\/fliegerblog.rjs.de\/?p=2110","url_meta":{"origin":2059,"position":3},"title":"Wildcat verkauft","date":"September 5, 2024","format":false,"excerpt":"Ich habe auf ebay f\u00fcr kleines Geld die Wildcat verkauft. Der Schirm hat schon \u00fcber 6 Jahre keinen Check mehr und ich habe ihn eigentlich nur f\u00fcr K\u00fcstenfliegen aufgehoben. In der Tat kam der Schirm auch vor einigen Wochen in Zoutelande einmal beim Groundhandlen am Strand zum Einsatz, aber letztendlich\u2026","rel":"","context":"\u00c4hnlicher Beitrag","img":{"alt_text":"","src":"https:\/\/i0.wp.com\/blogger.googleusercontent.com\/img\/b\/R29vZ2xl\/AVvXsEhUHgbWVkiW5Rlf5aIiurTItJrsCQAisFae37d_ZJft3PGXpab0Utm3ZyyxwHklm6bt7YTZXyE3nRrHAGEU7zuMbKdLRJsDDKhc9HWY5w1k07WgNd0LEUyUl61Z0pCN1KteXwY3FcMLEniU9PK_U-pG-SDJn_70ns4wakC03MaiEhW2Nk4PWPabA_aXD5o9\/w400-h300\/s-l16002.jpg?resize=350%2C200&ssl=1","width":350,"height":200},"classes":[]},{"id":614,"url":"https:\/\/fliegerblog.rjs.de\/?p=614","url_meta":{"origin":2059,"position":4},"title":"Pack &#038; Check","date":"Januar 23, 2013","format":false,"excerpt":"Das miese Flugwetter zieht sich hin :-(. Von daher sprechen zumindest keine zu erwartenden verpassten Fluggelegenheiten die n\u00e4chste Zeit gegen einen Schirmcheck, der mal wieder f\u00e4llig ist. Mein Instinct ist also zur 2-Jahres-Kontrolle auf dem Weg zu Icaro. Wobei ich nur begrenzt optimistich bin, ob er den Check schafft. Obwohl\u2026","rel":"","context":"In &quot;Allgemein&quot;","img":{"alt_text":"","src":"","width":0,"height":0},"classes":[]},{"id":1230,"url":"https:\/\/fliegerblog.rjs.de\/?p=1230","url_meta":{"origin":2059,"position":5},"title":"Tempor\u00e4r flugunf\u00e4hig &#8211; wie alle 2 Jahre","date":"M\u00e4rz 17, 2017","format":false,"excerpt":"Gerade meinen Schirm zum 2-Jahres-Check geschickt. Ich hoffe mal, dass der es nochmal macht. Die Wildcat ist wirklich ein feiner Fl\u00fcgel, den ich gerne noch eine Weile nutzen w\u00fcrde. Aber erst einmal bin ich wieder flugunf\u00e4hig. Wobei es n\u00e4chste Woche wieder mit dem Linienjet ganz hoch in die Luft geht\u2026","rel":"","context":"\u00c4hnlicher Beitrag","img":{"alt_text":"","src":"","width":0,"height":0},"classes":[]}],"_links":{"self":[{"href":"https:\/\/fliegerblog.rjs.de\/index.php?rest_route=\/wp\/v2\/posts\/2059","targetHints":{"allow":["GET"]}}],"collection":[{"href":"https:\/\/fliegerblog.rjs.de\/index.php?rest_route=\/wp\/v2\/posts"}],"about":[{"href":"https:\/\/fliegerblog.rjs.de\/index.php?rest_route=\/wp\/v2\/types\/post"}],"author":[{"embeddable":true,"href":"https:\/\/fliegerblog.rjs.de\/index.php?rest_route=\/wp\/v2\/users\/1"}],"replies":[{"embeddable":true,"href":"https:\/\/fliegerblog.rjs.de\/index.php?rest_route=%2Fwp%2Fv2%2Fcomments&post=2059"}],"version-history":[{"count":2,"href":"https:\/\/fliegerblog.rjs.de\/index.php?rest_route=\/wp\/v2\/posts\/2059\/revisions"}],"predecessor-version":[{"id":2061,"href":"https:\/\/fliegerblog.rjs.de\/index.php?rest_route=\/wp\/v2\/posts\/2059\/revisions\/2061"}],"wp:attachment":[{"href":"https:\/\/fliegerblog.rjs.de\/index.php?rest_route=%2Fwp%2Fv2%2Fmedia&parent=2059"}],"wp:term":[{"taxonomy":"category","embeddable":true,"href":"https:\/\/fliegerblog.rjs.de\/index.php?rest_route=%2Fwp%2Fv2%2Fcategories&post=2059"},{"taxonomy":"post_tag","embeddable":true,"href":"https:\/\/fliegerblog.rjs.de\/index.php?rest_route=%2Fwp%2Fv2%2Ftags&post=2059"}],"curies":[{"name":"wp","href":"https:\/\/api.w.org\/{rel}","templated":true}]}}