{"id":2055,"date":"2024-02-25T15:11:19","date_gmt":"2024-02-25T15:11:19","guid":{"rendered":"https:\/\/fliegerblog.rjs.de\/?p=2055"},"modified":"2024-02-25T15:11:19","modified_gmt":"2024-02-25T15:11:19","slug":"rettungwerfen-dglc","status":"publish","type":"post","link":"https:\/\/fliegerblog.rjs.de\/?p=2055","title":{"rendered":"Rettungwerfen DGLC"},"content":{"rendered":"<p><iframe loading=\"lazy\" style=\"background-image: url('https:\/\/i.ytimg.com\/vi\/HbiWeyaaiS8\/hqdefault.jpg');\" src=\"https:\/\/youtube.com\/embed\/HbiWeyaaiS8?si=TcPJWztVobu6C0xU\" width=\"480\" height=\"270\" frameborder=\"0\"><\/iframe><\/p>\n<div class=\"separator\" style=\"clear: both; text-align: center;\"><a style=\"clear: right; float: right; margin-bottom: 1em; margin-left: 1em;\" href=\"https:\/\/i0.wp.com\/blogger.googleusercontent.com\/img\/b\/R29vZ2xl\/AVvXsEjpVJhOoU-9yOceZYy2giO9ojG9NBtSbgVyssdshtdKgb8MJwva4GaucqeeI-opYj4JQHLsBQMVBPUtIw65fxJrfNrrgef13GjgcY_3okSWefwigafNAbEkY1XOjWFrpUPWJpAzb6Q3yhZ-zrFS7oqXTtS8fxWPDR0sn3OHINP4RxV6C6H2abqRohWWR94b\/s2000\/b1.jpeg?ssl=1\"><img loading=\"lazy\" decoding=\"async\" src=\"https:\/\/i0.wp.com\/blogger.googleusercontent.com\/img\/b\/R29vZ2xl\/AVvXsEjpVJhOoU-9yOceZYy2giO9ojG9NBtSbgVyssdshtdKgb8MJwva4GaucqeeI-opYj4JQHLsBQMVBPUtIw65fxJrfNrrgef13GjgcY_3okSWefwigafNAbEkY1XOjWFrpUPWJpAzb6Q3yhZ-zrFS7oqXTtS8fxWPDR0sn3OHINP4RxV6C6H2abqRohWWR94b\/w400-h300\/b1.jpeg?resize=400%2C300&#038;ssl=1\" width=\"400\" height=\"300\" border=\"0\" data-original-height=\"1500\" data-original-width=\"2000\" data-recalc-dims=\"1\" \/><\/a><\/div>\n<p>Es ist z.Z. einfach ein Graus. Ich will keine Ausreden suchen, aber bin nat\u00fcrlich angefressen, dass ich es ewig nicht mehr in die Luft geschafft habe. Das muss sich \u00e4ndern.<br \/>\nAber heute war mal wieder das Werfen der Rettung im Verein angesetzt. Wie \u00fcblich in einer Schulturnhallte in Frankfurt. Da war ich mindestens schon 5 oder 6 Mal dabei. Wenn nicht \u00f6fter, aber ich versuche das immer wieder mal zu machen, um etwas Praxis mit dem Werfen der Rettung zu haben. Zumal ich mit dem neuen Gurtzeug das noch nie gemacht hatte.<\/p>\n<div class=\"separator\" style=\"clear: both; text-align: center;\"><a style=\"clear: left; float: left; margin-bottom: 1em; margin-right: 1em;\" href=\"https:\/\/i0.wp.com\/blogger.googleusercontent.com\/img\/b\/R29vZ2xl\/AVvXsEhB0_F2lUniz6c3WIuaxDRfUFoQMnOHEtpjgBgykeZszShJi90Tikf30QV8dhZSlQycgpAe6tiuApHRS82xN-QgSxMubKxS5GEXJA9UmjP6OEAbBemqXwkS2CmfABhBmTSVVBQxLnpoIK_NcT0cExBBKUfQOmnJDYlAEGf2kcNJAhfTOb6F1TbaktmARb00\/s2000\/b2.jpeg?ssl=1\"><img loading=\"lazy\" decoding=\"async\" src=\"https:\/\/i0.wp.com\/blogger.googleusercontent.com\/img\/b\/R29vZ2xl\/AVvXsEhB0_F2lUniz6c3WIuaxDRfUFoQMnOHEtpjgBgykeZszShJi90Tikf30QV8dhZSlQycgpAe6tiuApHRS82xN-QgSxMubKxS5GEXJA9UmjP6OEAbBemqXwkS2CmfABhBmTSVVBQxLnpoIK_NcT0cExBBKUfQOmnJDYlAEGf2kcNJAhfTOb6F1TbaktmARb00\/w400-h300\/b2.jpeg?resize=400%2C300&#038;ssl=1\" width=\"400\" height=\"300\" border=\"0\" data-original-height=\"1500\" data-original-width=\"2000\" data-recalc-dims=\"1\" \/><\/a><\/div>\n<p>Es hat aber mit dem neuen Gurtzeug gut funktioniert, obwohl es noch nicht richtig eingestellt ist, seit es von der Reperatur zur\u00fcck ist. Das muss ich noch anpassen.<br \/>\nWobei das Werfen der Rettung auch echt Spass macht. Das Packen aber nicht. Ich muss jedes Mal \u00fcberlegen, was ich wann wie zu machen habe. Trotz Anleitung f\u00fcr die Evo auf dem Handy und mittlerweile eben mehrfaches Packen der Rettung. Im Januar 2011 habe ich mein Packseminar gemacht und auch vorher schon mal unter Anleitung gepackt. Trotzdem ist das jedes Mal ein Kampf und so richtig sauber ist die Rettung auch dieses Mal nicht gepackt. Zumindest nicht so gut wie bei einer professionellen Packaktion. Aber grunds\u00e4tzlich sollte es ok sein und ich habe mal wieder ge\u00fcbt. Wenn es wieder notwendig ist, schicke ich die Rettung dann mal wieder zum professionellen Packen ein.<br \/>\nJetzt muss es nur mal wieder an den Hang gehen, wobei auch ein Check vom Schirm ansteht. Das ist auch Spitz auf Knopf, ob der nochmal Check bekommt.<\/p>\n","protected":false},"excerpt":{"rendered":"<p>Es ist z.Z. einfach ein Graus. Ich will keine Ausreden suchen, aber bin nat\u00fcrlich angefressen, dass ich es ewig nicht mehr in die Luft geschafft habe. Das muss sich \u00e4ndern. Aber heute war mal wieder das Werfen der Rettung im Verein angesetzt. Wie \u00fcblich in einer Schulturnhallte in Frankfurt. Da war ich mindestens schon 5 &hellip; <a href=\"https:\/\/fliegerblog.rjs.de\/?p=2055\" class=\"more-link\"><span class=\"screen-reader-text\">\u201eRettungwerfen DGLC\u201c<\/span> weiterlesen<\/a><\/p>\n","protected":false},"author":1,"featured_media":0,"comment_status":"closed","ping_status":"open","sticky":false,"template":"","format":"standard","meta":{"jetpack_post_was_ever_published":false,"footnotes":"","jetpack_publicize_message":"","jetpack_is_tweetstorm":false,"jetpack_publicize_feature_enabled":true,"jetpack_social_options":[]},"categories":[1],"tags":[],"class_list":["post-2055","post","type-post","status-publish","format-standard","hentry","category-uncategorized"],"jetpack_publicize_connections":[],"jetpack_featured_media_url":"","jetpack_shortlink":"https:\/\/wp.me\/p788kK-x9","jetpack-related-posts":[{"id":2121,"url":"https:\/\/fliegerblog.rjs.de\/?p=2121","url_meta":{"origin":2055,"position":0},"title":"Kam, sah, flog","date":"Oktober 5, 2024","format":false,"excerpt":"Nachdem wir vorgestern in Singhofen die Hosen zu voll hatten, um bei den Bedingungen an der Winde zu starten, ging es gestern wohl gut da. Es war aber m.W. nur ein Flieger vor Ort. Der hatte wohl Spass und ich wieder einmal den A... nicht hochbekommen, um dahinzufahren. Aber Singhofen\u2026","rel":"","context":"\u00c4hnlicher Beitrag","img":{"alt_text":"","src":"https:\/\/i0.wp.com\/blogger.googleusercontent.com\/img\/b\/R29vZ2xl\/AVvXsEjEoETA-F4DR39FUO2c0nonrcXLn6k6vTBJ0MCeJ12X78XvleCvPxStXEWdXm4G-GT9nW4Edz_6WVq9ORE3AceDuX-PE9b5GJDEtN7rPnImcxbd2jix7YyjwrbraAKSle8oBLTo2in97v858DcrClYs1fiegr8-S0wQBkAzdXzF-X25iamFgf4Cwq_q3lTS\/s320\/WhatsApp%20Image%202024-10-05%20at%2016.41.20.jpeg?resize=350%2C200&ssl=1","width":350,"height":200},"classes":[]},{"id":47,"url":"https:\/\/fliegerblog.rjs.de\/?p=47","url_meta":{"origin":2055,"position":1},"title":"Endlich mal wieder geschleppt","date":"Mai 8, 2008","format":false,"excerpt":"Ist wohl bald ein halbes Jahr her, seit ich das letzte Mal an der Winde geflogen bin. Z.Z. ist wieder ein Dauer-Ostwind angesagt (das kommt hier meist f\u00fcr 10 - 14 Tage am St\u00fcck - daf\u00fcr gibt es aber Sonne satt) und da haben wir leider keine gescheiten H\u00e4nge in\u2026","rel":"","context":"In &quot;Allgemein&quot;","img":{"alt_text":"","src":"","width":0,"height":0},"classes":[]},{"id":2062,"url":"https:\/\/fliegerblog.rjs.de\/?p=2062","url_meta":{"origin":2055,"position":2},"title":"Windenf\u00fchrerausbildung","date":"M\u00e4rz 2, 2024","format":false,"excerpt":"Sowohl meine beiden Gleitschirmvereine (GFT und DGLC) als auch die Location in Wallertheim, wo ich immer wieder an der Winde fliege, brauchen dringend Windenf\u00fchrer. Ich habe schon seit Jahren vor, meinen Windenf\u00fchrerschein zu machen, aber bisher hat es nie geklappt. Am Donnerstagabend kam eine Nachricht auf Signal rein, dass am\u2026","rel":"","context":"\u00c4hnlicher Beitrag","img":{"alt_text":"","src":"https:\/\/i0.wp.com\/blogger.googleusercontent.com\/img\/b\/R29vZ2xl\/AVvXsEhEcxgWbR8Ui2fHW-GQ_StMo_pZHJdsVPbkSx0Gho_h6XoMMQBsx6aX7bGhNWbF_xAa-bcfCgIFGkRxzbb2i5zRqsf3PWu0kX49IPEXlzPFn-lAVIcChj-A-g-_yeN5l2DrIjVMcOT92rBf6OvlTzWR10FaU3AmD3MRv6EqYswNgj9233kY-fm9HputcsaG\/w320-h240\/b1.jpeg?resize=350%2C200&ssl=1","width":350,"height":200},"classes":[]},{"id":1478,"url":"https:\/\/fliegerblog.rjs.de\/?p=1478","url_meta":{"origin":2055,"position":3},"title":"F\u00fcr mich zu bockig","date":"Juli 7, 2018","format":false,"excerpt":"Seit gestern gibt es Nordwind und das ist ein Fall f\u00fcr MFK. Gestern hatte ich schon Zeit und vor hinzugehen. Aber nach den Messwerten am Vormittag und den Prognosen habe ich das gelassen. Ich hatte vermutet, dass es zu stark und zu bockig w\u00fcrde. Aber heute bin ich hin, da\u2026","rel":"","context":"\u00c4hnlicher Beitrag","img":{"alt_text":"","src":"","width":0,"height":0},"classes":[]},{"id":1908,"url":"https:\/\/fliegerblog.rjs.de\/?p=1908","url_meta":{"origin":2055,"position":4},"title":"Wegwerfen, einsammeln, zusammenpacken","date":"M\u00e4rz 20, 2022","format":false,"excerpt":"Mein Schirm ist immer noch nicht vom Check zur\u00fcck. Ich habe zwischenzeitlich deshalb zwar ein paar Flugtage verpasst, aber im Grunde kaum Zeit gehabt und daher ist das nicht sonderlich \u00e4rgerlich. Ich hoffe nur, dass die lange Zeit Nichts zu bedeuten hat. Auf jeden Fall habe ich eben mal wieder\u2026","rel":"","context":"\u00c4hnlicher Beitrag","img":{"alt_text":"","src":"https:\/\/blogger.googleusercontent.com\/img\/a\/AVvXsEh2LnaC5oOift0R6bQ-KAj5BDsV5OkR1nK1lKsJNn4ikrv82uyluOLpSLOmEOFlervTbCW6dHe8kKLuKPF2VdZd77EwfApu5ThW9V4oKEZbeDG8WZVSf9f15PbXc1b85SZtMVce8LOydsF0aw4KCX6aOaGgQKmu6xsi5wXk7E7X7Ypebe4zejGE0_QOPw=s320","width":350,"height":200},"classes":[]},{"id":1266,"url":"https:\/\/fliegerblog.rjs.de\/?p=1266","url_meta":{"origin":2055,"position":5},"title":"Erst hei\u00df und mau, aber dann Grand Finale","date":"Mai 27, 2017","format":false,"excerpt":"Um die Mittagszeit hatte ich heute einen Zahnarzt-Termin in Eppstein. Und da ich damit sowieso schon im Taunus war, bin ich - entgegen meiner sonstigen Gewohnheit - auch an einem Tag am Wochenende nach Eschbach. Die Bedingungen sahen in der Vorschau sehr gut aus und ich dachte mir, dass wegen\u2026","rel":"","context":"\u00c4hnlicher Beitrag","img":{"alt_text":"","src":"https:\/\/i0.wp.com\/1.bp.blogspot.com\/-SQ9k3kjfaLU\/WSnOpNJHm7I\/AAAAAAAADbc\/fHXIGV480T80np-Ok9ZE6FecUW9_EIUygCLcB\/s400\/GOPR3453.JPG?resize=350%2C200&ssl=1","width":350,"height":200},"classes":[]}],"_links":{"self":[{"href":"https:\/\/fliegerblog.rjs.de\/index.php?rest_route=\/wp\/v2\/posts\/2055","targetHints":{"allow":["GET"]}}],"collection":[{"href":"https:\/\/fliegerblog.rjs.de\/index.php?rest_route=\/wp\/v2\/posts"}],"about":[{"href":"https:\/\/fliegerblog.rjs.de\/index.php?rest_route=\/wp\/v2\/types\/post"}],"author":[{"embeddable":true,"href":"https:\/\/fliegerblog.rjs.de\/index.php?rest_route=\/wp\/v2\/users\/1"}],"replies":[{"embeddable":true,"href":"https:\/\/fliegerblog.rjs.de\/index.php?rest_route=%2Fwp%2Fv2%2Fcomments&post=2055"}],"version-history":[{"count":1,"href":"https:\/\/fliegerblog.rjs.de\/index.php?rest_route=\/wp\/v2\/posts\/2055\/revisions"}],"predecessor-version":[{"id":2056,"href":"https:\/\/fliegerblog.rjs.de\/index.php?rest_route=\/wp\/v2\/posts\/2055\/revisions\/2056"}],"wp:attachment":[{"href":"https:\/\/fliegerblog.rjs.de\/index.php?rest_route=%2Fwp%2Fv2%2Fmedia&parent=2055"}],"wp:term":[{"taxonomy":"category","embeddable":true,"href":"https:\/\/fliegerblog.rjs.de\/index.php?rest_route=%2Fwp%2Fv2%2Fcategories&post=2055"},{"taxonomy":"post_tag","embeddable":true,"href":"https:\/\/fliegerblog.rjs.de\/index.php?rest_route=%2Fwp%2Fv2%2Ftags&post=2055"}],"curies":[{"name":"wp","href":"https:\/\/api.w.org\/{rel}","templated":true}]}}