{"id":2046,"date":"2023-10-08T16:31:09","date_gmt":"2023-10-08T16:31:09","guid":{"rendered":"https:\/\/fliegerblog.rjs.de\/?p=2046"},"modified":"2023-10-08T17:12:10","modified_gmt":"2023-10-08T17:12:10","slug":"moppedtour-zu-kurzschlepps","status":"publish","type":"post","link":"https:\/\/fliegerblog.rjs.de\/?p=2046","title":{"rendered":"Moppedtour zu Kurzschlepps"},"content":{"rendered":"<p>Ich werde mein Gurtzeug wohl doch zur Reperatur einschicken. Meine Ideen funktionieren bisher nicht wirklich. Von daher hatte ich das Wochenende nicht mit Schleppen auf dem Schirm (Wortspiel). Stattdessen war eine kleine Tour mit dem Mopped geplant.<\/p>\n<p>Aber die Windenschleppgemeinschaft Rhein-Hessen hatte f\u00fcr heute in Wallertheim Ausbildlungsfl\u00fcge f\u00fcr den neuen Windenfahrer angesetzt und es haben Piloten gefehlt. Daher habe ich auf WhatsApp mal angedeutet, dass ich im Prinzip Zeit, aber kein Gurtzeug h\u00e4tte. Mir wurde dann von dem Piloten, der gerade zum Windenfahrer ausgebildet wird, sein Gurtzeug angeboten. Interessanter Weise exakt das gleiche Gurtzeug wie meines. Sogar in der identischen Gr\u00f6\u00dfe.<\/p>\n<p>Also habe ich aus der Sache eine Win-Win-Situation gemacht. Auch in Hinsicht auf die geplante Moppedtour, denn da ich kein Gurtzeug mitschleppen musste, konnte ich recht bequem mit dem Mopped zum Schleppgel\u00e4nde fahren und den Weg dahin auch noch ein bisschen ausdehnen, ohne den vollst\u00e4ndigen Packsack mit dem kompletten Geraffel auf dem R\u00fccken zu haben.<\/p>\n<p><iframe loading=\"lazy\" title=\"YouTube video player\" src=\"https:\/\/www.youtube.com\/embed\/46fadG_AyVw?si=G6-rDQj9KpcWxft-\" width=\"560\" height=\"315\" frameborder=\"0\" allowfullscreen=\"allowfullscreen\"><\/iframe><\/p>\n<p>Ich bin dann 3 Stunden beim Schleppen geblieben, hab zwei Kurzschlepps mit ruhigen, aber dennoch recht netten kleinen Fl\u00fcgen gemacht, noch ein bisschen geholfen und bin dann den Rest meiner Moppedtour gefahren. War wirklich gut, dass ich endlich mal wieder in Wallertheim geflogen bin (wenngleich auch nur kurz), denn die Zeit ist gewaltig ins Land gegangen und 2022 bin ich da gar nicht gewesen.<\/p>\n<p>Die Jahre davor hatte ich dort in der Regel so um die 10 &#8211; 15 Fl\u00fcge pro Jahr. Aber die diesj\u00e4hrige Windensaision ist sowieso elend schlecht. Gerade mal 5 Schlepps stehen bisher auf meinem Flugkonto 2023. Ich hoffe, dass im Oktober noch was geht, wobei ich dann aber vermutlich weiter auf Leihgurtzeuge angewiesen bin oder bei meinem Gurtzeug eine sichere L\u00f6sung finden muss. Einschicken will ich es eigentlich erst im November, wenn sowieso kaum gute Flugzeit sein sollte.<\/p>\n","protected":false},"excerpt":{"rendered":"<p>Ich werde mein Gurtzeug wohl doch zur Reperatur einschicken. Meine Ideen funktionieren bisher nicht wirklich. Von daher hatte ich das Wochenende nicht mit Schleppen auf dem Schirm (Wortspiel). Stattdessen war eine kleine Tour mit dem Mopped geplant. Aber die Windenschleppgemeinschaft Rhein-Hessen hatte f\u00fcr heute in Wallertheim Ausbildlungsfl\u00fcge f\u00fcr den neuen Windenfahrer angesetzt und es haben &hellip; <a href=\"https:\/\/fliegerblog.rjs.de\/?p=2046\" class=\"more-link\"><span class=\"screen-reader-text\">\u201eMoppedtour zu Kurzschlepps\u201c<\/span> weiterlesen<\/a><\/p>\n","protected":false},"author":1,"featured_media":0,"comment_status":"closed","ping_status":"open","sticky":false,"template":"","format":"standard","meta":{"jetpack_post_was_ever_published":false,"footnotes":"","jetpack_publicize_message":"","jetpack_is_tweetstorm":false,"jetpack_publicize_feature_enabled":true,"jetpack_social_options":[]},"categories":[1],"tags":[],"class_list":["post-2046","post","type-post","status-publish","format-standard","hentry","category-uncategorized"],"jetpack_publicize_connections":[],"jetpack_featured_media_url":"","jetpack_shortlink":"https:\/\/wp.me\/p788kK-x0","jetpack-related-posts":[{"id":1822,"url":"https:\/\/fliegerblog.rjs.de\/?p=1822","url_meta":{"origin":2046,"position":0},"title":"Kurzschlepp zum Einstellen des Gurtzeugs","date":"Juli 3, 2021","format":false,"excerpt":"Irgendwie habe ich ziemlich mit den Nachwirkungen der Corona-Impfung zu k\u00e4mpfen, wie mir scheint. An manchen Tagen h\u00e4nge ich extrem in den Seilen. Gestern war ich so matt, dass ich beim Waldlauf fast r\u00fcckw\u00e4rts gekrochen und kaum aus dem Wald wieder rausgekommen bin. Deshalb hatte ich mich f\u00fcr heute schon\u2026","rel":"","context":"\u00c4hnlicher Beitrag","img":{"alt_text":"","src":"https:\/\/i0.wp.com\/1.bp.blogspot.com\/-Mzeoq-53-DI\/YOB9AHDDCVI\/AAAAAAAAGJc\/2w8cJohuXpo0MOKfH0TxF-MFTjM_YBnHQCLcBGAsYHQ\/w400-h300\/GOPR8095.JPG?resize=350%2C200&ssl=1","width":350,"height":200},"classes":[]},{"id":337,"url":"https:\/\/fliegerblog.rjs.de\/?p=337","url_meta":{"origin":2046,"position":1},"title":"Gurtzeug getestet","date":"Juni 13, 2010","format":false,"excerpt":"Hab mich heute um 11:00 Uhr am Hang in Arnoldshain verabredet. War zwar wenig Wind angek\u00fcndigt und ab 14:00 Uhr sollte auch dieser wenige Wind ganz nachlassen. Aber ich hatte vorher gerade die Rettung in mein neues Gurtzeug eingebaut und wollte dieses mal testen und einstellen. Dazu bietet sich ein\u2026","rel":"","context":"In &quot;Allgemein&quot;","img":{"alt_text":"","src":"","width":0,"height":0},"classes":[]},{"id":1945,"url":"https:\/\/fliegerblog.rjs.de\/?p=1945","url_meta":{"origin":2046,"position":2},"title":"G-Force","date":"September 4, 2022","format":false,"excerpt":"\ufeff Auch wenn es heute kein Fliegen am Schirm war, war das doch ein Fliegen - nur der anderen Art. Was dennoch in die Richtung Gleitschirmfliegen ging. Im wahrsten Sinn des Wortes, denn es ging um das \u00dcben einer Steilspirale bzw. das Erfahren der dort auftretenden Kr\u00e4fte an einem Simulator.\u2026","rel":"","context":"\u00c4hnlicher Beitrag","img":{"alt_text":"","src":"https:\/\/i0.wp.com\/blogger.googleusercontent.com\/img\/b\/R29vZ2xl\/AVvXsEhKm3TW0_UDTfCSM86yPsP-oOtHlg6dUy0EkxelQY_MrNAjlepx460y_D7KExlI_K338Xz8fcPbA2ymkpfuFR0w24YhRpj7EWeXLE-oWYYzyAWeT1NjIJi3KXTZs6bdcEbcd1-mlGbfZ6okpdGnWJ4vTPe1wJPFi9ewTSekBt7KNJn915DODQYeYOAYmg\/w400-h300\/IMG_20220904_084413.jpg?resize=350%2C200&ssl=1","width":350,"height":200},"classes":[]},{"id":216,"url":"https:\/\/fliegerblog.rjs.de\/?p=216","url_meta":{"origin":2046,"position":3},"title":"Anderes Gurtzeug getestet","date":"August 22, 2009","format":false,"excerpt":"Heute war leichter NW angesagt und wir haben uns gegen 14:00 Uhr in Treisberg getroffen. Waren auch \u00fcber den Nachmittag ziemlich viele Flieger da - mehr als 10 allemal. Und viele neue Flieger oder solche, die ich noch nicht kannte. Nachdem ich aber kein Auto zur Verf\u00fcgung hatte, musste ich\u2026","rel":"","context":"In &quot;Allgemein&quot;","img":{"alt_text":"","src":"","width":0,"height":0},"classes":[]},{"id":2041,"url":"https:\/\/fliegerblog.rjs.de\/?p=2041","url_meta":{"origin":2046,"position":4},"title":"Gurtzeug macht Strich durch die Rechnung","date":"Oktober 1, 2023","format":false,"excerpt":"Da war ich heute seit fast 2 Jahren endlich mal wieder bei der Schleppgemeinschaft Rhein-Hessen in Wallertheim und dann konnte ich nicht fliegen, weil mein Gurtzeug gestreikt hat. Das gleiche Problem wie beim D\u00fcnenfliegen in D\u00e4nemark vor ein paar Wochen. Das Gurtzeug hat so ganz fummelige Verschl\u00fcsse, die mit einer\u2026","rel":"","context":"\u00c4hnlicher Beitrag","img":{"alt_text":"","src":"","width":0,"height":0},"classes":[]},{"id":1949,"url":"https:\/\/fliegerblog.rjs.de\/?p=1949","url_meta":{"origin":2046,"position":5},"title":"&#8222;Neues&#8220; Gurtzeug","date":"September 11, 2022","format":false,"excerpt":"Gestern kam mein neues Gurtzeug an - ein WW Haska. Mein bisheriges Gurtzeug hat einfach nicht mehr gepasst und da es sowieso von 2010 war, war auch die Grenze schon \u00fcberschritten, wo man das Gurtzeug tauschen soll. Allerdings habe ich mir kein neues Gurtzeug geholt, sondern ein gebrauchtes auf ebay\u2026","rel":"","context":"\u00c4hnlicher Beitrag","img":{"alt_text":"","src":"https:\/\/i0.wp.com\/blogger.googleusercontent.com\/img\/b\/R29vZ2xl\/AVvXsEgP9bwWAGz3Amn4cxPoZgLB9SrFt0PzJI81Kqjc31fLb4fM4yEKIv4K7J4MhgkrqePZ-DRbbQHGiB_Pw5Q6fzHY2TFLiwULpI89QWVrvWKiDI1TPJqb8F3rxfcMZx_v6a0x31DxkReuFa25MXTsFzMSdO1k2S9BjnRYN9dRX11zcjh3NMKRp5f19CgmIQ\/s320\/IMG_20220910_145622.jpg?resize=350%2C200&ssl=1","width":350,"height":200},"classes":[]}],"_links":{"self":[{"href":"https:\/\/fliegerblog.rjs.de\/index.php?rest_route=\/wp\/v2\/posts\/2046","targetHints":{"allow":["GET"]}}],"collection":[{"href":"https:\/\/fliegerblog.rjs.de\/index.php?rest_route=\/wp\/v2\/posts"}],"about":[{"href":"https:\/\/fliegerblog.rjs.de\/index.php?rest_route=\/wp\/v2\/types\/post"}],"author":[{"embeddable":true,"href":"https:\/\/fliegerblog.rjs.de\/index.php?rest_route=\/wp\/v2\/users\/1"}],"replies":[{"embeddable":true,"href":"https:\/\/fliegerblog.rjs.de\/index.php?rest_route=%2Fwp%2Fv2%2Fcomments&post=2046"}],"version-history":[{"count":1,"href":"https:\/\/fliegerblog.rjs.de\/index.php?rest_route=\/wp\/v2\/posts\/2046\/revisions"}],"predecessor-version":[{"id":2047,"href":"https:\/\/fliegerblog.rjs.de\/index.php?rest_route=\/wp\/v2\/posts\/2046\/revisions\/2047"}],"wp:attachment":[{"href":"https:\/\/fliegerblog.rjs.de\/index.php?rest_route=%2Fwp%2Fv2%2Fmedia&parent=2046"}],"wp:term":[{"taxonomy":"category","embeddable":true,"href":"https:\/\/fliegerblog.rjs.de\/index.php?rest_route=%2Fwp%2Fv2%2Fcategories&post=2046"},{"taxonomy":"post_tag","embeddable":true,"href":"https:\/\/fliegerblog.rjs.de\/index.php?rest_route=%2Fwp%2Fv2%2Ftags&post=2046"}],"curies":[{"name":"wp","href":"https:\/\/api.w.org\/{rel}","templated":true}]}}