{"id":2041,"date":"2023-10-01T15:19:29","date_gmt":"2023-10-01T15:19:29","guid":{"rendered":"https:\/\/fliegerblog.rjs.de\/?p=2041"},"modified":"2023-10-01T15:19:29","modified_gmt":"2023-10-01T15:19:29","slug":"gurtzeug-macht-strich-durch-die-rechnung","status":"publish","type":"post","link":"https:\/\/fliegerblog.rjs.de\/?p=2041","title":{"rendered":"Gurtzeug macht Strich durch die Rechnung"},"content":{"rendered":"<p>Da war ich heute seit fast 2 Jahren endlich mal wieder bei der Schleppgemeinschaft Rhein-Hessen in Wallertheim und dann konnte ich nicht fliegen, weil mein Gurtzeug gestreikt hat. Das gleiche Problem wie beim D\u00fcnenfliegen in D\u00e4nemark vor ein paar Wochen. Das Gurtzeug hat so ganz fummelige Verschl\u00fcsse, die mit einer Feder intern arbeiten, total flach sind und zudem genietet. Absoluter Schrott. Als die eine Seite vom Brustgurt in D\u00e4nemark unter Last immer aufgegangen ist, habe ich das mit Kabelbinder fixiert. Der Verschluss ging damit zwar gar nicht mehr auf, aber ich konnte immer noch gut in das Gurtzeug einsteigen und bisher hat das gehalten. Aber heute hatte ich pl\u00f6tzlich das gleiche Problem auf der anderen Seite. Das wollte ich nicht auch noch mit Kabelbindern fest machen, denn dann w\u00e4re ich kaum noch in der Gurtzeug rein- bzw. rausgekommen und irgendwann ist es zuviel mit improvisieren. Also heute nur ein bisschen das Schleppauto gefahren, Startleiter gemacht und dann frustriert wieder nach Hause gefahren.<\/p>\n<p>Hier habe ich das Gurtzeug jetzt mal genau angesehen, \u00fcberlegt und mir kam eine Idee. Ich verzichte auf diese Fehlkonstruktion mit diesen genieten Flachverschl\u00fcssen und fixiere die Versch\u00fcsse des Brustgurts mit kleinen Karabinern. Es ist ja sowieso kein Druck auf dem Brustgurt, die Karabiner halten zudem vermutlich mehr Last als diese originalen Schrottdinger, das ist nicht so fummelig und ich kann wieder alles problemlos auf- und zumachen. Eben umgebaut und das sieht gut und sicher aus. Vermutlich sogar besser als das Originalkonzept.<\/p>\n","protected":false},"excerpt":{"rendered":"<p>Da war ich heute seit fast 2 Jahren endlich mal wieder bei der Schleppgemeinschaft Rhein-Hessen in Wallertheim und dann konnte ich nicht fliegen, weil mein Gurtzeug gestreikt hat. Das gleiche Problem wie beim D\u00fcnenfliegen in D\u00e4nemark vor ein paar Wochen. Das Gurtzeug hat so ganz fummelige Verschl\u00fcsse, die mit einer Feder intern arbeiten, total flach &hellip; <a href=\"https:\/\/fliegerblog.rjs.de\/?p=2041\" class=\"more-link\"><span class=\"screen-reader-text\">\u201eGurtzeug macht Strich durch die Rechnung\u201c<\/span> weiterlesen<\/a><\/p>\n","protected":false},"author":1,"featured_media":0,"comment_status":"closed","ping_status":"open","sticky":false,"template":"","format":"standard","meta":{"jetpack_post_was_ever_published":false,"footnotes":"","jetpack_publicize_message":"","jetpack_is_tweetstorm":false,"jetpack_publicize_feature_enabled":true,"jetpack_social_options":[]},"categories":[1],"tags":[],"class_list":["post-2041","post","type-post","status-publish","format-standard","hentry","category-uncategorized"],"jetpack_publicize_connections":[],"jetpack_featured_media_url":"","jetpack_shortlink":"https:\/\/wp.me\/p788kK-wV","jetpack-related-posts":[{"id":216,"url":"https:\/\/fliegerblog.rjs.de\/?p=216","url_meta":{"origin":2041,"position":0},"title":"Anderes Gurtzeug getestet","date":"August 22, 2009","format":false,"excerpt":"Heute war leichter NW angesagt und wir haben uns gegen 14:00 Uhr in Treisberg getroffen. Waren auch \u00fcber den Nachmittag ziemlich viele Flieger da - mehr als 10 allemal. Und viele neue Flieger oder solche, die ich noch nicht kannte. Nachdem ich aber kein Auto zur Verf\u00fcgung hatte, musste ich\u2026","rel":"","context":"In &quot;Allgemein&quot;","img":{"alt_text":"","src":"","width":0,"height":0},"classes":[]},{"id":2046,"url":"https:\/\/fliegerblog.rjs.de\/?p=2046","url_meta":{"origin":2041,"position":1},"title":"Moppedtour zu Kurzschlepps","date":"Oktober 8, 2023","format":false,"excerpt":"Ich werde mein Gurtzeug wohl doch zur Reperatur einschicken. Meine Ideen funktionieren bisher nicht wirklich. Von daher hatte ich das Wochenende nicht mit Schleppen auf dem Schirm (Wortspiel). Stattdessen war eine kleine Tour mit dem Mopped geplant. Aber die Windenschleppgemeinschaft Rhein-Hessen hatte f\u00fcr heute in Wallertheim Ausbildlungsfl\u00fcge f\u00fcr den neuen\u2026","rel":"","context":"\u00c4hnlicher Beitrag","img":{"alt_text":"","src":"","width":0,"height":0},"classes":[]},{"id":1945,"url":"https:\/\/fliegerblog.rjs.de\/?p=1945","url_meta":{"origin":2041,"position":2},"title":"G-Force","date":"September 4, 2022","format":false,"excerpt":"\ufeff Auch wenn es heute kein Fliegen am Schirm war, war das doch ein Fliegen - nur der anderen Art. Was dennoch in die Richtung Gleitschirmfliegen ging. Im wahrsten Sinn des Wortes, denn es ging um das \u00dcben einer Steilspirale bzw. das Erfahren der dort auftretenden Kr\u00e4fte an einem Simulator.\u2026","rel":"","context":"\u00c4hnlicher Beitrag","img":{"alt_text":"","src":"https:\/\/i0.wp.com\/blogger.googleusercontent.com\/img\/b\/R29vZ2xl\/AVvXsEhKm3TW0_UDTfCSM86yPsP-oOtHlg6dUy0EkxelQY_MrNAjlepx460y_D7KExlI_K338Xz8fcPbA2ymkpfuFR0w24YhRpj7EWeXLE-oWYYzyAWeT1NjIJi3KXTZs6bdcEbcd1-mlGbfZ6okpdGnWJ4vTPe1wJPFi9ewTSekBt7KNJn915DODQYeYOAYmg\/w400-h300\/IMG_20220904_084413.jpg?resize=350%2C200&ssl=1","width":350,"height":200},"classes":[]},{"id":1952,"url":"https:\/\/fliegerblog.rjs.de\/?p=1952","url_meta":{"origin":2041,"position":3},"title":"Gurtzeugtest","date":"September 12, 2022","format":false,"excerpt":"Ich hatte heute Zeit, das Wetter war super, ich musste sowieso beruflich in den Taunus und der Wind sollte moderat aus SW-SO kommen. Also perfekte Voraussetzungen, um mein neues Gurtzeug in Reichenbach zu testen. Aber Theorie in Praxis stimmen nicht immer \u00fcberein. Als ich am Hang ankam, standen 7 Sonnen\u2026","rel":"","context":"\u00c4hnlicher Beitrag","img":{"alt_text":"","src":"","width":0,"height":0},"classes":[]},{"id":1949,"url":"https:\/\/fliegerblog.rjs.de\/?p=1949","url_meta":{"origin":2041,"position":4},"title":"&#8222;Neues&#8220; Gurtzeug","date":"September 11, 2022","format":false,"excerpt":"Gestern kam mein neues Gurtzeug an - ein WW Haska. Mein bisheriges Gurtzeug hat einfach nicht mehr gepasst und da es sowieso von 2010 war, war auch die Grenze schon \u00fcberschritten, wo man das Gurtzeug tauschen soll. Allerdings habe ich mir kein neues Gurtzeug geholt, sondern ein gebrauchtes auf ebay\u2026","rel":"","context":"\u00c4hnlicher Beitrag","img":{"alt_text":"","src":"https:\/\/i0.wp.com\/blogger.googleusercontent.com\/img\/b\/R29vZ2xl\/AVvXsEgP9bwWAGz3Amn4cxPoZgLB9SrFt0PzJI81Kqjc31fLb4fM4yEKIv4K7J4MhgkrqePZ-DRbbQHGiB_Pw5Q6fzHY2TFLiwULpI89QWVrvWKiDI1TPJqb8F3rxfcMZx_v6a0x31DxkReuFa25MXTsFzMSdO1k2S9BjnRYN9dRX11zcjh3NMKRp5f19CgmIQ\/s320\/IMG_20220910_145622.jpg?resize=350%2C200&ssl=1","width":350,"height":200},"classes":[]},{"id":1960,"url":"https:\/\/fliegerblog.rjs.de\/?p=1960","url_meta":{"origin":2041,"position":5},"title":"Feierabendspielereien mit Praxistest vom neuen Gurtzeug","date":"September 30, 2022","format":false,"excerpt":"Das war heute mal wieder ein Lichtblick in meinem sonst ziemlich tr\u00fcben Flugjahr. Ich konnte halbwegs fr\u00fchzeitig Feierabend machen und da ich heute in Eppstein gearbeitet hatte, war ich so gegen 15:30 Uhr in Reichenbach am Hang. Es waren zu der Zeit schon 4 Flieger vor Ort und der Wind\u2026","rel":"","context":"\u00c4hnlicher Beitrag","img":{"alt_text":"","src":"https:\/\/i0.wp.com\/blogger.googleusercontent.com\/img\/b\/R29vZ2xl\/AVvXsEiozZuGK0r3Qllz5oj1YfbI-NXuR4pAquEv1N48FOh81sk1pGGUTORFNTtBYGZIBVHxktZ6g04yzBwYq9Qpe4Nls0uXCYp-toPmz8P64buMSObAg99Pzgu9bGzESJCw0zNGbDauOb5WHYymYB30XRHMigeVOZ7frjkEPctmvsgzh2dWf4CtTJE089f1uw\/s320\/reichenbach1664550721.052112.jpg?resize=350%2C200&ssl=1","width":350,"height":200},"classes":[]}],"_links":{"self":[{"href":"https:\/\/fliegerblog.rjs.de\/index.php?rest_route=\/wp\/v2\/posts\/2041","targetHints":{"allow":["GET"]}}],"collection":[{"href":"https:\/\/fliegerblog.rjs.de\/index.php?rest_route=\/wp\/v2\/posts"}],"about":[{"href":"https:\/\/fliegerblog.rjs.de\/index.php?rest_route=\/wp\/v2\/types\/post"}],"author":[{"embeddable":true,"href":"https:\/\/fliegerblog.rjs.de\/index.php?rest_route=\/wp\/v2\/users\/1"}],"replies":[{"embeddable":true,"href":"https:\/\/fliegerblog.rjs.de\/index.php?rest_route=%2Fwp%2Fv2%2Fcomments&post=2041"}],"version-history":[{"count":1,"href":"https:\/\/fliegerblog.rjs.de\/index.php?rest_route=\/wp\/v2\/posts\/2041\/revisions"}],"predecessor-version":[{"id":2042,"href":"https:\/\/fliegerblog.rjs.de\/index.php?rest_route=\/wp\/v2\/posts\/2041\/revisions\/2042"}],"wp:attachment":[{"href":"https:\/\/fliegerblog.rjs.de\/index.php?rest_route=%2Fwp%2Fv2%2Fmedia&parent=2041"}],"wp:term":[{"taxonomy":"category","embeddable":true,"href":"https:\/\/fliegerblog.rjs.de\/index.php?rest_route=%2Fwp%2Fv2%2Fcategories&post=2041"},{"taxonomy":"post_tag","embeddable":true,"href":"https:\/\/fliegerblog.rjs.de\/index.php?rest_route=%2Fwp%2Fv2%2Ftags&post=2041"}],"curies":[{"name":"wp","href":"https:\/\/api.w.org\/{rel}","templated":true}]}}