{"id":2010,"date":"2023-07-22T21:05:57","date_gmt":"2023-07-22T21:05:57","guid":{"rendered":"https:\/\/fliegerblog.rjs.de\/?p=2010"},"modified":"2023-07-22T21:05:57","modified_gmt":"2023-07-22T21:05:57","slug":"endlich-mal-wieder-auf-tour-kuestenfliegen","status":"publish","type":"post","link":"https:\/\/fliegerblog.rjs.de\/?p=2010","title":{"rendered":"Endlich mal wieder auf Tour &#8211; K\u00fcstenfliegen"},"content":{"rendered":"<div class=\"separator\" style=\"clear: both; text-align: center;\"><a style=\"clear: left; float: left; margin-bottom: 1em; margin-right: 1em;\" href=\"https:\/\/i0.wp.com\/blogger.googleusercontent.com\/img\/b\/R29vZ2xl\/AVvXsEipwPBsFiv46HoXSX63Ho4ABKKZATJGH4z_h5oBPezyi0vYnKCy791SQtCGR4gXngn9185sSq9KwMo77y_Pa1E7lpVKV9xKD697fm8rMEKOhy6Q_Y75rqifQyywXNHkU1gd82jbXiioQ576ZvJhCOmCb8bhZ2HkaTwzwmhvowCGXzWcWlJAnTx1ZUjDUIDE\/s4000\/20230722_184637.jpg?ssl=1\"><img loading=\"lazy\" decoding=\"async\" src=\"https:\/\/i0.wp.com\/blogger.googleusercontent.com\/img\/b\/R29vZ2xl\/AVvXsEipwPBsFiv46HoXSX63Ho4ABKKZATJGH4z_h5oBPezyi0vYnKCy791SQtCGR4gXngn9185sSq9KwMo77y_Pa1E7lpVKV9xKD697fm8rMEKOhy6Q_Y75rqifQyywXNHkU1gd82jbXiioQ576ZvJhCOmCb8bhZ2HkaTwzwmhvowCGXzWcWlJAnTx1ZUjDUIDE\/s320\/20230722_184637.jpg?resize=320%2C240&#038;ssl=1\" width=\"320\" height=\"240\" border=\"0\" data-original-height=\"3000\" data-original-width=\"4000\" data-recalc-dims=\"1\" \/><\/a><\/div>\n<p>Die letzten Monate wird es bei mir immer weniger mit Airtime :-(. Teils meine Faulheit bzw. Bequemlichkeit, teils immer weiter eingeschr\u00e4nkte Optionen, teils das Wetter. Ein Teufelskreis.<\/p>\n<div class=\"separator\" style=\"clear: both; text-align: center;\"><a style=\"clear: right; float: right; margin-bottom: 1em; margin-left: 1em;\" href=\"https:\/\/i0.wp.com\/blogger.googleusercontent.com\/img\/b\/R29vZ2xl\/AVvXsEiQjjO-1Y_MmuqooO6vKuy0PNLZ0tUxijAzrB7JW43gqfeSoDYlZKDZaLBK_zlFdhLrXofS_rBlD2D85xZrKw_rpPG3cPWbVVDmJXREpSWVEkcMmPT_vmh_ukuizSFZ_6UNMgpleOkVsDJ_7vemk6ZXVXgkJspLl_yPhXWcMK1KpThyiAm8vYAPKVgQwXY5\/s4000\/20230722_184631.jpg?ssl=1\"><img loading=\"lazy\" decoding=\"async\" src=\"https:\/\/i0.wp.com\/blogger.googleusercontent.com\/img\/b\/R29vZ2xl\/AVvXsEiQjjO-1Y_MmuqooO6vKuy0PNLZ0tUxijAzrB7JW43gqfeSoDYlZKDZaLBK_zlFdhLrXofS_rBlD2D85xZrKw_rpPG3cPWbVVDmJXREpSWVEkcMmPT_vmh_ukuizSFZ_6UNMgpleOkVsDJ_7vemk6ZXVXgkJspLl_yPhXWcMK1KpThyiAm8vYAPKVgQwXY5\/s320\/20230722_184631.jpg?resize=320%2C240&#038;ssl=1\" width=\"320\" height=\"240\" border=\"0\" data-original-height=\"3000\" data-original-width=\"4000\" data-recalc-dims=\"1\" \/><\/a><\/div>\n<p>Aber nachdem ich mir Jahr f\u00fcr Jahr vorgenommen hatte, endlich mal wieder einen Flugurlaub zu machen, bin ich jetzt f\u00fcr eine Woche zum D\u00fcnenfliegen in D\u00e4nemark an der Westk\u00fcste von J\u00fctland angekommen. Es ist nicht zu fassen, wie lange meine letzte Flugreise her ist. Das war 2008 und das ist jetzt 15 (in Worten F\u00fcnfzehn) Jahre her. Da war ich auch hier in der N\u00e4he &#8211; nur noch gut 50 &#8211; 80 Km weiter im Norden. Ich bin damit zum 3.ten Mal an der Westk\u00fcste von D\u00e4nemark zum Soaren.<\/p>\n<div class=\"separator\" style=\"clear: both; text-align: center;\"><a style=\"clear: left; float: left; margin-bottom: 1em; margin-right: 1em;\" href=\"https:\/\/i0.wp.com\/blogger.googleusercontent.com\/img\/b\/R29vZ2xl\/AVvXsEiXD8wOHbrmxKic4iL-W0Z9gUD7cJvPsUkFnl_vEJ0g6aM4zgV-4SHtRpQAamMRcG5Ms348wOB0ilM6T29aJ1U0NWH0O9BDh6H2kA4t0yjEAXjLT_pKGXwuUA9xLNPh2kg9znBAaz4SqL07tA5URWJKEFkPqCgGl_MlY6AoCBtyw-ut_dlsjmmFvQFhn11K\/s4000\/20230722_175323.jpg?ssl=1\"><img loading=\"lazy\" decoding=\"async\" src=\"https:\/\/i0.wp.com\/blogger.googleusercontent.com\/img\/b\/R29vZ2xl\/AVvXsEiXD8wOHbrmxKic4iL-W0Z9gUD7cJvPsUkFnl_vEJ0g6aM4zgV-4SHtRpQAamMRcG5Ms348wOB0ilM6T29aJ1U0NWH0O9BDh6H2kA4t0yjEAXjLT_pKGXwuUA9xLNPh2kg9znBAaz4SqL07tA5URWJKEFkPqCgGl_MlY6AoCBtyw-ut_dlsjmmFvQFhn11K\/w400-h300\/20230722_175323.jpg?resize=400%2C300&#038;ssl=1\" width=\"400\" height=\"300\" border=\"0\" data-original-height=\"3000\" data-original-width=\"4000\" data-recalc-dims=\"1\" \/><\/a><\/div>\n<p>Mir ist kurzfristig eine Schulung ausgefallen und so habe ich spontan diesen Flugurlaub gebucht. Ja &#8211; tats\u00e4chlich ein betreuter Flugurlaub, aber so kurzfristig h\u00e4tte ich niemand gefunden und alleine wollte ich das nicht machen. Diese Chance musste ich jedoch einfach nutzen, nachdem sich \u00fcber besagte viele Jahre meine Vorhaben immer in Luft aufgel\u00f6st hatten.<br \/>\nDie Anreise war allerdings die H\u00f6lle, denn ich hatte komplett \u00fcbersehen, dass mehrere Bundesl\u00e4nder heute Ferienbeginn hatten. Dazu die endlose Folge an Baustellen auf der A7 und vor allen Dingen durch Hamburg ist das mit der Baustelle am Elbtunnel eine Katastrophe. Ich bin gut 12 Stunden unterwegs gewesen :-(.<\/p>\n<div class=\"separator\" style=\"clear: both; text-align: center;\"><a style=\"clear: right; float: right; margin-bottom: 1em; margin-left: 1em;\" href=\"https:\/\/i0.wp.com\/blogger.googleusercontent.com\/img\/b\/R29vZ2xl\/AVvXsEjU60p7hYbP8e_MqNPq04oXS4OjZe8h3QUQsVzWtTdjRxVvRk923KmhlHKdcN3dGa-nXz8yAk-H7rCfAcLbviKjqsTGzgADDBXPixTnZlNOj9b_8SYsf0a-NRta49otWum2PygFuG_8yJ9LXjHTMFRq1UqjJKrMIUg7sab6Cn1U9vtaaEP6uoTc4-tiuq_f\/s4000\/20230722_175307.jpg?ssl=1\"><img loading=\"lazy\" decoding=\"async\" src=\"https:\/\/i0.wp.com\/blogger.googleusercontent.com\/img\/b\/R29vZ2xl\/AVvXsEjU60p7hYbP8e_MqNPq04oXS4OjZe8h3QUQsVzWtTdjRxVvRk923KmhlHKdcN3dGa-nXz8yAk-H7rCfAcLbviKjqsTGzgADDBXPixTnZlNOj9b_8SYsf0a-NRta49otWum2PygFuG_8yJ9LXjHTMFRq1UqjJKrMIUg7sab6Cn1U9vtaaEP6uoTc4-tiuq_f\/w400-h300\/20230722_175307.jpg?resize=400%2C300&#038;ssl=1\" width=\"400\" height=\"300\" border=\"0\" data-original-height=\"3000\" data-original-width=\"4000\" data-recalc-dims=\"1\" \/><\/a><\/div>\n<p>Als ich am Campingsplatz dann angekommen bin, habe ich \u00fcber der D\u00fcne schon Schirme gesehen. Ich habe nicht einmal mein Auto ausger\u00e4umt, sondern bin sofort an den Strand. Morgen soll es regnen und da ich 2006 in Lokken schon einmal so schlechte Erfahrungen gemacht hatte und eine ganze Woche nur an einem Tag fliegen konnte, wollte ich einfach in die Luft, um zumindest schon mal ein paar Stunden Airtime auf der Uhr zu haben. Tats\u00e4chlich wurden es gut 2 Stunden und teils kam ich sogar recht gut mit dem Soaren zurecht. Ich denke, dass ich die K\u00fcstenlinie teils auf gut 2 Kilometer abgeflogen bin.<\/p>\n<div class=\"separator\" style=\"clear: both; text-align: center;\"><a style=\"clear: left; float: left; margin-bottom: 1em; margin-right: 1em;\" href=\"https:\/\/i0.wp.com\/blogger.googleusercontent.com\/img\/b\/R29vZ2xl\/AVvXsEg1VvivySgxvX697Qj0kBxWcZ7_TdU__OSggcPVzHmIxC8MVJviNEBYf_1YeJQ3Bc_ag4egrLMmFc3Ob0jyr1woxJyix5mKgX1NQ4fNjKx68hhezSdooxJFAJONvBlOEwmWOfv2SRWhGqGIyXAZEkHW4jkKVUpWKni65Tf2wdeGIoQJM2wBmstdPZX4N2Ns\/s4000\/20230722_173047.jpg?ssl=1\"><img loading=\"lazy\" decoding=\"async\" src=\"https:\/\/i0.wp.com\/blogger.googleusercontent.com\/img\/b\/R29vZ2xl\/AVvXsEg1VvivySgxvX697Qj0kBxWcZ7_TdU__OSggcPVzHmIxC8MVJviNEBYf_1YeJQ3Bc_ag4egrLMmFc3Ob0jyr1woxJyix5mKgX1NQ4fNjKx68hhezSdooxJFAJONvBlOEwmWOfv2SRWhGqGIyXAZEkHW4jkKVUpWKni65Tf2wdeGIoQJM2wBmstdPZX4N2Ns\/s320\/20230722_173047.jpg?resize=320%2C240&#038;ssl=1\" width=\"320\" height=\"240\" border=\"0\" data-original-height=\"3000\" data-original-width=\"4000\" data-recalc-dims=\"1\" \/><\/a><\/div>\n<p>Der Kurs an sich ging heute noch nicht wirklich los und obwohl sich die Teilnehmer schon mehr oder weniger getroffen haben, war das reines Freifliegen f\u00fcr diejenigen, die schon mal an der K\u00fcste geflogen sind. Obwohl es morgen regnen und zudem der Wind aus Ost kommen soll, bin ich ganz guter Hoffnung, dass sich diese Woche noch ein paar Flugfenster auftun. Der Anfang war zumindest schon mal vielversprechend. Und wenn Fliegen nicht geht, habe ich das Fahrrad dabei oder gehe ins Schwimmbad auf dem Campingplatz oder im Meer baden, wenn es nicht zu kalt wird.<\/p>\n","protected":false},"excerpt":{"rendered":"<p>Die letzten Monate wird es bei mir immer weniger mit Airtime :-(. Teils meine Faulheit bzw. Bequemlichkeit, teils immer weiter eingeschr\u00e4nkte Optionen, teils das Wetter. Ein Teufelskreis. Aber nachdem ich mir Jahr f\u00fcr Jahr vorgenommen hatte, endlich mal wieder einen Flugurlaub zu machen, bin ich jetzt f\u00fcr eine Woche zum D\u00fcnenfliegen in D\u00e4nemark an der &hellip; <a href=\"https:\/\/fliegerblog.rjs.de\/?p=2010\" class=\"more-link\"><span class=\"screen-reader-text\">\u201eEndlich mal wieder auf Tour &#8211; K\u00fcstenfliegen\u201c<\/span> weiterlesen<\/a><\/p>\n","protected":false},"author":1,"featured_media":0,"comment_status":"closed","ping_status":"open","sticky":false,"template":"","format":"standard","meta":{"jetpack_post_was_ever_published":false,"footnotes":"","jetpack_publicize_message":"","jetpack_is_tweetstorm":false,"jetpack_publicize_feature_enabled":true,"jetpack_social_options":[]},"categories":[1],"tags":[],"class_list":["post-2010","post","type-post","status-publish","format-standard","hentry","category-uncategorized"],"jetpack_publicize_connections":[],"jetpack_featured_media_url":"","jetpack_shortlink":"https:\/\/wp.me\/p788kK-wq","jetpack-related-posts":[{"id":1726,"url":"https:\/\/fliegerblog.rjs.de\/?p=1726","url_meta":{"origin":2010,"position":0},"title":"Abl\u00f6sung","date":"Juli 11, 2020","format":false,"excerpt":"Im Prinzip war heute sowohl in Singhofen als auch Wallertheim Schleppen angesetzt, aber es haben sich bei beiden Veranstaltungen so gut wie keine Flieger angemeldet. Ich hatte mich auch f\u00fcr den Hang entschieden und selbst mit meiner Anmeldung w\u00e4re in beiden F\u00e4llen die Mindestbesetzung noch lange nicht erreicht gewesen. An\u2026","rel":"","context":"\u00c4hnlicher Beitrag","img":{"alt_text":"","src":"https:\/\/i0.wp.com\/1.bp.blogspot.com\/-qVieY2no0_Q\/XwoRXai8nPI\/AAAAAAAAFgk\/HWTr4bj26E496UU-73DF_DoXyizjCN7TACLcBGAsYHQ\/s320\/GOPR4644.JPG?resize=350%2C200&ssl=1","width":350,"height":200},"classes":[]},{"id":813,"url":"https:\/\/fliegerblog.rjs.de\/?p=813","url_meta":{"origin":2010,"position":1},"title":"Same procedure as &#8230;","date":"August 1, 2014","format":false,"excerpt":"Ich habe das Gef\u00fchl, dass ich im Moment nur noch in Eschbach fliege. War heute von 12:00 bis 15:30 Uhr wieder da. Der Wind war recht schwach angek\u00fcndigt und dementsprechend (!) hat es teils heftig gekachelt. Dazu ziemlich thermische Bedingungen. Einge Flieger sind auf Strecke gegangen, aber 3 Flieger sind\u2026","rel":"","context":"In &quot;Allgemein&quot;","img":{"alt_text":"","src":"","width":0,"height":0},"classes":[]},{"id":980,"url":"https:\/\/fliegerblog.rjs.de\/?p=980","url_meta":{"origin":2010,"position":2},"title":"Endlich mal wieder zum Schleppen in Neu-Anspach geschafft","date":"September 3, 2015","format":false,"excerpt":"Die letzten Jahre war ich sehr oft zum Windenfliegen in Neu-Anspach. Aber dieses Jahr war bei mir der Wurm drin, wenn da Schleppen angesetzt war. Ich war in 2015 erst 2x da gewesen und das ist auch schon ein paar Monate her. Heute hat es aber mal wieder geklappt. Dabei\u2026","rel":"","context":"In &quot;Allgemein&quot;","img":{"alt_text":"","src":"https:\/\/i0.wp.com\/4.bp.blogspot.com\/-gshbww5IkV8\/VeiaGzJpJ-I\/AAAAAAAACps\/1muvDR-5DhU\/s400\/IMG_20150903_153851.jpg?resize=350%2C200","width":350,"height":200},"classes":[]},{"id":417,"url":"https:\/\/fliegerblog.rjs.de\/?p=417","url_meta":{"origin":2010,"position":3},"title":"Rock it babe","date":"M\u00e4rz 28, 2011","format":false,"excerpt":"Am Samstag war ich in Niederselters, hatte meinen Schirm im Auto und nachdem ich meine Sachen um 11:00 Uhr erledigt hatte, bin ich nicht (!) nach MFK an den Hang. Die Windprognosen erschienen mir zu schwach. Kaum war ich jedoch in Bad Camberg auf die Autobahn Richtung nach Hause aufgefahren,\u2026","rel":"","context":"In &quot;Allgemein&quot;","img":{"alt_text":"","src":"","width":0,"height":0},"classes":[]},{"id":815,"url":"https:\/\/fliegerblog.rjs.de\/?p=815","url_meta":{"origin":2010,"position":4},"title":"Wieder Freitag und wieder SO","date":"August 8, 2014","format":false,"excerpt":"Es ist schon wirklich mehr als Zufall, aber Freitags steht immer wieder SO an. Von daher war ich auch heute wieder von 12:30 Uhr bis kurz vor 17:00 Uhr in Eschbach. Die Bedingungen waren aber auch dieses Mal wieder knackig. Mehrere Flieger sind auf Strecke gegangen, aber das ist nichts\u2026","rel":"","context":"In &quot;Allgemein&quot;","img":{"alt_text":"","src":"","width":0,"height":0},"classes":[]},{"id":1238,"url":"https:\/\/fliegerblog.rjs.de\/?p=1238","url_meta":{"origin":2010,"position":5},"title":"Reichenbacher Traumwetter","date":"M\u00e4rz 28, 2017","format":false,"excerpt":"7 Sonnen stehen im Moment am Himmel und wer Zeit hat, geht irgendwie nach drau\u00dfen. Bei mir war die Zeit vorhanden und da S\u00fcdwind angesagt war, bin ich heute gegen 12:00 Uhr in Reichenbach am Hang angekommen. Bis etwa 15:00 Uhr sollte der Wind aus S\u00fcd kommen und erst dann\u2026","rel":"","context":"\u00c4hnlicher Beitrag","img":{"alt_text":"","src":"https:\/\/i0.wp.com\/1.bp.blogspot.com\/-OH7j5M5cYkk\/WNqgXRcBaUI\/AAAAAAAADW0\/3Ngs6li33j0ux4e5M9RlcD3wuOhIImmgwCLcB\/s320\/GOPR1312.JPG?resize=350%2C200&ssl=1","width":350,"height":200},"classes":[]}],"_links":{"self":[{"href":"https:\/\/fliegerblog.rjs.de\/index.php?rest_route=\/wp\/v2\/posts\/2010","targetHints":{"allow":["GET"]}}],"collection":[{"href":"https:\/\/fliegerblog.rjs.de\/index.php?rest_route=\/wp\/v2\/posts"}],"about":[{"href":"https:\/\/fliegerblog.rjs.de\/index.php?rest_route=\/wp\/v2\/types\/post"}],"author":[{"embeddable":true,"href":"https:\/\/fliegerblog.rjs.de\/index.php?rest_route=\/wp\/v2\/users\/1"}],"replies":[{"embeddable":true,"href":"https:\/\/fliegerblog.rjs.de\/index.php?rest_route=%2Fwp%2Fv2%2Fcomments&post=2010"}],"version-history":[{"count":1,"href":"https:\/\/fliegerblog.rjs.de\/index.php?rest_route=\/wp\/v2\/posts\/2010\/revisions"}],"predecessor-version":[{"id":2011,"href":"https:\/\/fliegerblog.rjs.de\/index.php?rest_route=\/wp\/v2\/posts\/2010\/revisions\/2011"}],"wp:attachment":[{"href":"https:\/\/fliegerblog.rjs.de\/index.php?rest_route=%2Fwp%2Fv2%2Fmedia&parent=2010"}],"wp:term":[{"taxonomy":"category","embeddable":true,"href":"https:\/\/fliegerblog.rjs.de\/index.php?rest_route=%2Fwp%2Fv2%2Fcategories&post=2010"},{"taxonomy":"post_tag","embeddable":true,"href":"https:\/\/fliegerblog.rjs.de\/index.php?rest_route=%2Fwp%2Fv2%2Ftags&post=2010"}],"curies":[{"name":"wp","href":"https:\/\/api.w.org\/{rel}","templated":true}]}}