{"id":197,"date":"2009-07-16T21:16:52","date_gmt":"2009-07-16T20:16:52","guid":{"rendered":"http:\/\/www.rjs.de\/fliegerblog\/?p=197"},"modified":"2009-07-16T21:16:52","modified_gmt":"2009-07-16T20:16:52","slug":"ballonnotlandung","status":"publish","type":"post","link":"https:\/\/fliegerblog.rjs.de\/?p=197","title":{"rendered":"Ballonnotlandung"},"content":{"rendered":"<p>Die letzten Tage komme ich nicht zum Fliegen (das Wetter passt einfach nicht, die Wiesen sind nicht gem\u00e4ht zu Zeit habe auch kaum) :-(, aber heute am sp\u00e4ten Abend hat sich im Ort eine Sensation ereignet :-). <\/p>\n<p>Ein Ballon kam nicht mehr aus dem Bereich unseres Ortes raus (liegt in einem Talkessel) und musste mittem im Ort notlanden. In dicht bebautem Gebiet auf einer winzigen Wiese, auf der demn\u00e4chst neue H\u00e4user entstehen sollen. <\/p>\n<p>Der Ballon kam so gegen 21:15 Uhr vielleicht 30 Meter \u00fcber meinen Balkon an und ich bin mit dem Fahrrad hinterher. Und mit mir wohl das halbe Ort. War lustig. \u00dcber der Wiese haben sie ein Seil herabgelassen und den Ballon damit zu Boden gebracht. Da absolut kein Wind war ging das auch recht gut.<\/p>\n<p><object width=\"425\" height=\"344\"><param name=\"movie\" value=\"http:\/\/www.youtube.com\/v\/eDkTtapC_FY&#038;hl=de&#038;fs=1\"><\/param><param name=\"allowFullScreen\" value=\"true\"><\/param><param name=\"allowscriptaccess\" value=\"always\"><\/param><\/object><\/p>\n","protected":false},"excerpt":{"rendered":"<p>Die letzten Tage komme ich nicht zum Fliegen (das Wetter passt einfach nicht, die Wiesen sind nicht gem\u00e4ht zu Zeit habe auch kaum) :-(, aber heute am sp\u00e4ten Abend hat sich im Ort eine Sensation ereignet :-). Ein Ballon kam nicht mehr aus dem Bereich unseres Ortes raus (liegt in einem Talkessel) und musste mittem &hellip; <a href=\"https:\/\/fliegerblog.rjs.de\/?p=197\" class=\"more-link\"><span class=\"screen-reader-text\">\u201eBallonnotlandung\u201c<\/span> weiterlesen<\/a><\/p>\n","protected":false},"author":1,"featured_media":0,"comment_status":"open","ping_status":"open","sticky":false,"template":"","format":"standard","meta":{"jetpack_post_was_ever_published":false,"footnotes":"","jetpack_publicize_message":"","jetpack_is_tweetstorm":false,"jetpack_publicize_feature_enabled":true,"jetpack_social_options":[]},"categories":[2],"tags":[],"class_list":["post-197","post","type-post","status-publish","format-standard","hentry","category-allgemein"],"jetpack_publicize_connections":[],"jetpack_featured_media_url":"","jetpack_shortlink":"https:\/\/wp.me\/p788kK-3b","jetpack-related-posts":[{"id":394,"url":"https:\/\/fliegerblog.rjs.de\/?p=394","url_meta":{"origin":197,"position":0},"title":"Start ADAC-Hubschrauber direkt aus altem Ortskern","date":"Januar 20, 2011","format":false,"excerpt":"Mal wieder ein kleiner Blog, der nicht mit meinen Gleitschirmaktionen, aber dennoch mit Fliegen zu tun hat: Dachte eben, was denn das f\u00fcr ein Krach \u00fcber meinem Dach ist? Hatte das Gef\u00fchl, da knallt war in meine H\u00fctte. Als der Krach n\u00e4herkam war er als Hubschrauber zu identifizieren. Hab aus\u2026","rel":"","context":"In &quot;Allgemein&quot;","img":{"alt_text":"","src":"","width":0,"height":0},"classes":[]},{"id":1271,"url":"https:\/\/fliegerblog.rjs.de\/?p=1271","url_meta":{"origin":197,"position":1},"title":"Ereignisreicher Flugtag","date":"Juni 11, 2017","format":false,"excerpt":"Mit \u00fcber 30 Grad und schwachem S\u00fcdost, der \u00fcber den Mittag auf S\u00fcd drehen sollte, waren die Prognosen f\u00fcr Eschbach heute eigentlich nicht so gut. Au\u00dferdem meide ich den Hang an Wochenenden meist, weil sehr oft zu voll. Ich hatte mich deshalb zum Schleppen in Wallertheim angemeldet, aber das ist\u2026","rel":"","context":"\u00c4hnlicher Beitrag","img":{"alt_text":"","src":"https:\/\/i0.wp.com\/4.bp.blogspot.com\/-air7_j1VKjk\/WT194lP_jrI\/AAAAAAAADcc\/6LvySIgsTrw-WDnh2NN6kd0zblZKI0a-QCLcB\/s400\/GOPR3642.JPG?resize=350%2C200&ssl=1","width":350,"height":200},"classes":[]},{"id":1706,"url":"https:\/\/fliegerblog.rjs.de\/?p=1706","url_meta":{"origin":197,"position":2},"title":"Endlich raus dem elenden Corona-Lockdown","date":"Mai 15, 2020","format":false,"excerpt":"Wir haben Mitte Mai und am 7. Februar war ich das letzte Mal in der Luft. Nicht einmal eine Gesch\u00e4ftsreise mit dem Flieger hat Airtime verschafft, da alle Videoaufnahmen, die sonst in Graz laufen, wegen Corona auf remote umgestellt wurde.. \u00dcber 4 Monate gegrounded - und fast die gesamte Zeit\u2026","rel":"","context":"\u00c4hnlicher Beitrag","img":{"alt_text":"","src":"https:\/\/i0.wp.com\/1.bp.blogspot.com\/-MoN0KA8b1J8\/Xr77u2jrDjI\/AAAAAAAAFZE\/R_lxLXzI4KEuLcuBF1ka6CneDhmIb6jygCLcBGAsYHQ\/s320\/GOPR3955.JPG?resize=350%2C200&ssl=1","width":350,"height":200},"classes":[]},{"id":1507,"url":"https:\/\/fliegerblog.rjs.de\/?p=1507","url_meta":{"origin":197,"position":3},"title":"F\u00fcr den Hang ein (kleiner) Hammertag","date":"Oktober 12, 2018","format":false,"excerpt":"\"In Reichenbach kann man nicht fliegen. Das ist nur ein Spielhang.\" Oft die Einsch\u00e4tzung geh\u00f6rt und meist bewahrheitet sich das vor Ort auch. Leider. Aber meist ist nicht immer. Und dann den \"Nicht-Meist-Tagen\" mutiert Reichenbach zum Flughang - zumindest ein bisschen. Und heute war so ein Ausnahmetag. Ich war so\u2026","rel":"","context":"\u00c4hnlicher Beitrag","img":{"alt_text":"","src":"https:\/\/i0.wp.com\/3.bp.blogspot.com\/-kIB0YoFsFrA\/W8DP9n8b78I\/AAAAAAAAEJ0\/u6Dl7VPqn-AY_4ihK-J_T9tevQtbTJJQACLcBGAs\/s320\/GOPR4156.JPG?resize=350%2C200&ssl=1","width":350,"height":200},"classes":[]},{"id":200,"url":"https:\/\/fliegerblog.rjs.de\/?p=200","url_meta":{"origin":197,"position":4},"title":"Zwischenhoch","date":"Juli 27, 2009","format":false,"excerpt":"Z.Z. wird man als Gleitschirmflieger mit dem Wetter einfach nicht gl\u00fccklich. Zwar ist es warm und immer wieder sonnig, aber auch st\u00e4ndig liegen Gewitter, Regen und zuviel Wind in der Luft :-(. Und gerade am Wochenende ist es meist am \u00fcbelsten :-(. Heute war aber mal wieder vern\u00fcnftiger SW mit\u2026","rel":"","context":"In &quot;Allgemein&quot;","img":{"alt_text":"","src":"","width":0,"height":0},"classes":[]},{"id":1510,"url":"https:\/\/fliegerblog.rjs.de\/?p=1510","url_meta":{"origin":197,"position":5},"title":"Seemann gr\u00fc\u00df mir die Flieger","date":"Oktober 13, 2018","format":false,"excerpt":"Das war heute verdammt schwer eine Entscheidung zu treffen, was man denn am besten macht. So richtig, richtig warm, geniale Sonne und Zeit. Dazu war Schleppen in Singhofen angesetzt und um 11 Uhr war da Treffen. Aber der Wind sollte aus SO kommen. Das ist genau quer zur Schleppstrecke. Und\u2026","rel":"","context":"\u00c4hnlicher Beitrag","img":{"alt_text":"","src":"https:\/\/i0.wp.com\/1.bp.blogspot.com\/-npGnvChQsW0\/W8IZiNZgfLI\/AAAAAAAAEK4\/Y1TcP-Vg4rwFl1ukfmTaYdVQ2-XeNqpvQCLcBGAs\/s320\/IMG_20181013_112207.jpg?resize=350%2C200&ssl=1","width":350,"height":200},"classes":[]}],"_links":{"self":[{"href":"https:\/\/fliegerblog.rjs.de\/index.php?rest_route=\/wp\/v2\/posts\/197","targetHints":{"allow":["GET"]}}],"collection":[{"href":"https:\/\/fliegerblog.rjs.de\/index.php?rest_route=\/wp\/v2\/posts"}],"about":[{"href":"https:\/\/fliegerblog.rjs.de\/index.php?rest_route=\/wp\/v2\/types\/post"}],"author":[{"embeddable":true,"href":"https:\/\/fliegerblog.rjs.de\/index.php?rest_route=\/wp\/v2\/users\/1"}],"replies":[{"embeddable":true,"href":"https:\/\/fliegerblog.rjs.de\/index.php?rest_route=%2Fwp%2Fv2%2Fcomments&post=197"}],"version-history":[{"count":0,"href":"https:\/\/fliegerblog.rjs.de\/index.php?rest_route=\/wp\/v2\/posts\/197\/revisions"}],"wp:attachment":[{"href":"https:\/\/fliegerblog.rjs.de\/index.php?rest_route=%2Fwp%2Fv2%2Fmedia&parent=197"}],"wp:term":[{"taxonomy":"category","embeddable":true,"href":"https:\/\/fliegerblog.rjs.de\/index.php?rest_route=%2Fwp%2Fv2%2Fcategories&post=197"},{"taxonomy":"post_tag","embeddable":true,"href":"https:\/\/fliegerblog.rjs.de\/index.php?rest_route=%2Fwp%2Fv2%2Ftags&post=197"}],"curies":[{"name":"wp","href":"https:\/\/api.w.org\/{rel}","templated":true}]}}