{"id":196,"date":"2009-07-04T20:55:28","date_gmt":"2009-07-04T19:55:28","guid":{"rendered":"http:\/\/www.rjs.de\/fliegerblog\/?p=196"},"modified":"2009-07-04T20:55:28","modified_gmt":"2009-07-04T19:55:28","slug":"wie-spielen-im-plantschbecken","status":"publish","type":"post","link":"https:\/\/fliegerblog.rjs.de\/?p=196","title":{"rendered":"Wie spielen im Plantschbecken :-)"},"content":{"rendered":"<p>Nordwind, Sonne, 30 Grad. Perfekte Voraussetzungen f\u00fcr MFK. Und die Erwartungen haben sich erf\u00fcllt. Starker, aber laminarer Wind direkt von vorne, leichte Thermik. Ich fand, dass es f\u00fcr mich fast perfekte Bedingungen waren. Auf jeden Fall hat mir das Fliegen heute so viel Spa\u00df gemacht wie lange nicht mehr. Wie Kindern wohl das Spielen im Sandkasten oder Plantschbecken. Starten von \u00fcberall m\u00f6glich, Halten ging, dynamisches Fliegen kurz \u00fcber&#8217;m Boden. Alles drin. Einfach geile Spielerei am Hang \ud83d\ude42<\/p>\n","protected":false},"excerpt":{"rendered":"<p>Nordwind, Sonne, 30 Grad. Perfekte Voraussetzungen f\u00fcr MFK. Und die Erwartungen haben sich erf\u00fcllt. Starker, aber laminarer Wind direkt von vorne, leichte Thermik. Ich fand, dass es f\u00fcr mich fast perfekte Bedingungen waren. Auf jeden Fall hat mir das Fliegen heute so viel Spa\u00df gemacht wie lange nicht mehr. Wie Kindern wohl das Spielen im &hellip; <a href=\"https:\/\/fliegerblog.rjs.de\/?p=196\" class=\"more-link\"><span class=\"screen-reader-text\">\u201eWie spielen im Plantschbecken :-)\u201c<\/span> weiterlesen<\/a><\/p>\n","protected":false},"author":1,"featured_media":0,"comment_status":"open","ping_status":"open","sticky":false,"template":"","format":"standard","meta":{"jetpack_post_was_ever_published":false,"footnotes":"","jetpack_publicize_message":"","jetpack_is_tweetstorm":false,"jetpack_publicize_feature_enabled":true,"jetpack_social_options":[]},"categories":[2],"tags":[],"class_list":["post-196","post","type-post","status-publish","format-standard","hentry","category-allgemein"],"jetpack_publicize_connections":[],"jetpack_featured_media_url":"","jetpack_shortlink":"https:\/\/wp.me\/p788kK-3a","jetpack-related-posts":[{"id":86,"url":"https:\/\/fliegerblog.rjs.de\/?p=86","url_meta":{"origin":196,"position":0},"title":"Die perfekte Welle","date":"August 27, 2007","format":false,"excerpt":"Von wegen perfekte Welle und Juli. August ist daf\u00fcr angesagt ;-). Heute war vermutlich der Tag des Jahres in MF. Hat sich gestern schon abgezeichnet, obwohl ich eigentlich wegen der letzten schon genialen Tage in MF immer danach eine Steigerung ausgeschlossen hatte. Kann mir kaum vorstellen, dass man in MF\u2026","rel":"","context":"In &quot;Allgemein&quot;","img":{"alt_text":"","src":"","width":0,"height":0},"classes":[]},{"id":1405,"url":"https:\/\/fliegerblog.rjs.de\/?p=1405","url_meta":{"origin":196,"position":1},"title":"Ich bin der Neue","date":"M\u00e4rz 30, 2018","format":false,"excerpt":"Meine Wildcat hat es leider nicht \u00fcber den Check geschafft. Die Luftdurchl\u00e4ssigkeit vom Untersegel (!) war zu schlecht, wobei zum Groundhandlen und f\u00fcr das Fliegen am Strand\/der D\u00fcne (falls es endlich mal wieder klappen sollte) sollte die Wildkatze sich noch eignen. Aber das Aus kommt nicht wirklich \u00fcberraschend und ich\u2026","rel":"","context":"\u00c4hnlicher Beitrag","img":{"alt_text":"","src":"https:\/\/i0.wp.com\/3.bp.blogspot.com\/-Lm-jatyAp-Q\/Wr4mvc_tWDI\/AAAAAAAADyY\/Jaa4Nfny5MITlf6-ZDzIKW9taCZWr5t6QCLcBGAs\/s640\/GOPR9052.JPG?resize=350%2C200&ssl=1","width":350,"height":200},"classes":[]},{"id":859,"url":"https:\/\/fliegerblog.rjs.de\/?p=859","url_meta":{"origin":196,"position":2},"title":"So sollte der November bleiben","date":"November 1, 2014","format":false,"excerpt":"1. November 2014, tr\u00fcber Nebel in den T\u00e4lern, irgendwelche durchgeknallten Verkaufsleiter haben im Drogenrausch in einigen Gesch\u00e4ften - teils seit mehreren Tagen - bereits Weihnachtsdeko drapiert (ein trauriges Schicksal - solchen Leuten kann man auch mit kaltem Entzug sicher nicht mehr helfen) und n\u00e4chste Woche soll im Nachbardorf die Eisbahn\u2026","rel":"","context":"In &quot;Allgemein&quot;","img":{"alt_text":"","src":"","width":0,"height":0},"classes":[]},{"id":1199,"url":"https:\/\/fliegerblog.rjs.de\/?p=1199","url_meta":{"origin":196,"position":3},"title":"Die Winterpause kommt n\u00e4her","date":"Oktober 15, 2016","format":false,"excerpt":"Die letzte Woche war ich beruflich komplett in K\u00f6ln und auch schon die Tage davor standen Schulungen an. Das ist jedes Jahr gleich. Im Sommer habe ich viel Zeit und Flexibilit\u00e4t, um bei passenden Bedingungen an den Hang zu gehen. Schreiben von Computerb\u00fcchern und Aufnahmen von Videotrainings sind genauso wenig\u2026","rel":"","context":"\u00c4hnlicher Beitrag","img":{"alt_text":"","src":"https:\/\/i0.wp.com\/4.bp.blogspot.com\/-zfBdp0j-g78\/WAJgpRIPIuI\/AAAAAAAADKk\/XNln-liBFXcYMhTedjkLGoMBGNHL6Js_gCLcB\/s320\/GOPR9129.JPG?resize=350%2C200&ssl=1","width":350,"height":200},"classes":[]},{"id":1238,"url":"https:\/\/fliegerblog.rjs.de\/?p=1238","url_meta":{"origin":196,"position":4},"title":"Reichenbacher Traumwetter","date":"M\u00e4rz 28, 2017","format":false,"excerpt":"7 Sonnen stehen im Moment am Himmel und wer Zeit hat, geht irgendwie nach drau\u00dfen. Bei mir war die Zeit vorhanden und da S\u00fcdwind angesagt war, bin ich heute gegen 12:00 Uhr in Reichenbach am Hang angekommen. Bis etwa 15:00 Uhr sollte der Wind aus S\u00fcd kommen und erst dann\u2026","rel":"","context":"\u00c4hnlicher Beitrag","img":{"alt_text":"","src":"https:\/\/i0.wp.com\/1.bp.blogspot.com\/-OH7j5M5cYkk\/WNqgXRcBaUI\/AAAAAAAADW0\/3Ngs6li33j0ux4e5M9RlcD3wuOhIImmgwCLcB\/s320\/GOPR1312.JPG?resize=350%2C200&ssl=1","width":350,"height":200},"classes":[]},{"id":15,"url":"https:\/\/fliegerblog.rjs.de\/?p=15","url_meta":{"origin":196,"position":5},"title":"Nikolausgeschenk","date":"Dezember 7, 2008","format":false,"excerpt":"Man,die letzten Wochen waren im Beruf nur stressig. Aber zum Fliegen w\u00e4re man wegen dem Sch...wetter sowieso nicht gekommen. Mittwoch waren wir sogar eingeschneit.F\u00fcr heute war es recht tr\u00fcbe angesagt. Dazu schwacher Wind aus NW-N (so um die 8 Knoten). Wirklich kein Highlight. Dennoch - man muss z.Z. nehmen was\u2026","rel":"","context":"In &quot;Allgemein&quot;","img":{"alt_text":"","src":"","width":0,"height":0},"classes":[]}],"_links":{"self":[{"href":"https:\/\/fliegerblog.rjs.de\/index.php?rest_route=\/wp\/v2\/posts\/196","targetHints":{"allow":["GET"]}}],"collection":[{"href":"https:\/\/fliegerblog.rjs.de\/index.php?rest_route=\/wp\/v2\/posts"}],"about":[{"href":"https:\/\/fliegerblog.rjs.de\/index.php?rest_route=\/wp\/v2\/types\/post"}],"author":[{"embeddable":true,"href":"https:\/\/fliegerblog.rjs.de\/index.php?rest_route=\/wp\/v2\/users\/1"}],"replies":[{"embeddable":true,"href":"https:\/\/fliegerblog.rjs.de\/index.php?rest_route=%2Fwp%2Fv2%2Fcomments&post=196"}],"version-history":[{"count":0,"href":"https:\/\/fliegerblog.rjs.de\/index.php?rest_route=\/wp\/v2\/posts\/196\/revisions"}],"wp:attachment":[{"href":"https:\/\/fliegerblog.rjs.de\/index.php?rest_route=%2Fwp%2Fv2%2Fmedia&parent=196"}],"wp:term":[{"taxonomy":"category","embeddable":true,"href":"https:\/\/fliegerblog.rjs.de\/index.php?rest_route=%2Fwp%2Fv2%2Fcategories&post=196"},{"taxonomy":"post_tag","embeddable":true,"href":"https:\/\/fliegerblog.rjs.de\/index.php?rest_route=%2Fwp%2Fv2%2Ftags&post=196"}],"curies":[{"name":"wp","href":"https:\/\/api.w.org\/{rel}","templated":true}]}}