{"id":194,"date":"2009-06-25T20:28:56","date_gmt":"2009-06-25T19:28:56","guid":{"rendered":"http:\/\/www.rjs.de\/fliegerblog\/?p=194"},"modified":"2009-06-25T20:28:56","modified_gmt":"2009-06-25T19:28:56","slug":"warm-sonnig-thermisch","status":"publish","type":"post","link":"https:\/\/fliegerblog.rjs.de\/?p=194","title":{"rendered":"Warm, sonnig, thermisch"},"content":{"rendered":"<p>Endlich hat mal wieder ein Schlepptermin geklappt. Ich war heute ab 16:00 Uhr in Neu Anspach auf dem Flughafen. Waren fast ideale Bedingungen. Warm, sonnig, thermisch. Leider konnten wir die guten Gegebenheiten aber nur bedingt ausnutzen.<br \/>\n<object width=\"425\" height=\"344\"><param name=\"movie\" value=\"http:\/\/www.youtube.com\/v\/5nkaYymdYuk&#038;hl=de&#038;fs=1\"><\/param><param name=\"allowFullScreen\" value=\"true\"><\/param><param name=\"allowscriptaccess\" value=\"always\"><\/param><\/object><br \/>\nDie Fliegertruppe war zwar recht klein, aber dennoch kam es durch insgesamt 5 Seilrisse zu ziemlichen Verz\u00f6gerungen. Aber wenn wir geflogen sind, hat es gut getragen. <\/p>\n<p>Ich bin 3x gestartet und kam im 2. Flug sogar bei 500 Meter raus. Aber nur durch den da sehr starken Wind. Der Schlepp war mir nicht ganz geheuer. Da hat ne rabenschwarze Wolken von hinten gesaugt. Bin wie ein Kinderdrachen am Seil nach oben gegangen ohne mich der Winde zu n\u00e4hern. Vom Seil gel\u00f6st war der Flug aber harmlos (au\u00dfer, dass ich kaum gegen den Wind vorw\u00e4rts kam). <\/p>\n<p>Dennoch war der 3. Flug der sch\u00f6nste. Hat schon was, wenn man in die Abendsonne fliegt und s\u00fcdlich die Skyline von Frankfurt und n\u00f6rdlich der Feldberg die Kulissen darstellen.<\/p>\n","protected":false},"excerpt":{"rendered":"<p>Endlich hat mal wieder ein Schlepptermin geklappt. Ich war heute ab 16:00 Uhr in Neu Anspach auf dem Flughafen. Waren fast ideale Bedingungen. Warm, sonnig, thermisch. Leider konnten wir die guten Gegebenheiten aber nur bedingt ausnutzen. Die Fliegertruppe war zwar recht klein, aber dennoch kam es durch insgesamt 5 Seilrisse zu ziemlichen Verz\u00f6gerungen. Aber wenn &hellip; <a href=\"https:\/\/fliegerblog.rjs.de\/?p=194\" class=\"more-link\"><span class=\"screen-reader-text\">\u201eWarm, sonnig, thermisch\u201c<\/span> weiterlesen<\/a><\/p>\n","protected":false},"author":1,"featured_media":0,"comment_status":"open","ping_status":"open","sticky":false,"template":"","format":"standard","meta":{"jetpack_post_was_ever_published":false,"footnotes":"","jetpack_publicize_message":"","jetpack_is_tweetstorm":false,"jetpack_publicize_feature_enabled":true,"jetpack_social_options":[]},"categories":[2],"tags":[],"class_list":["post-194","post","type-post","status-publish","format-standard","hentry","category-allgemein"],"jetpack_publicize_connections":[],"jetpack_featured_media_url":"","jetpack_shortlink":"https:\/\/wp.me\/p788kK-38","jetpack-related-posts":[{"id":832,"url":"https:\/\/fliegerblog.rjs.de\/?p=832","url_meta":{"origin":194,"position":0},"title":"Windige Winde in Laufenselden","date":"September 26, 2014","format":false,"excerpt":"Es sah heute morgen so sch\u00f6n sonnig aus und zudem war der Wind moderat, dass ich richtig gute Flugbedingungen f\u00fcr den Nachmittag in Laufenselden erwartet hatte. Nachdem der Schlepptermin ganz knapp zustande kam (nur 4 Flieger waren letztendlich da), waren die Bedingungen vor Ort aber nicht mehr so berauschend. \u00c4hnlich\u2026","rel":"","context":"In &quot;Allgemein&quot;","img":{"alt_text":"","src":"","width":0,"height":0},"classes":[]},{"id":1728,"url":"https:\/\/fliegerblog.rjs.de\/?p=1728","url_meta":{"origin":194,"position":1},"title":"Dreieinhalb","date":"Juli 18, 2020","format":false,"excerpt":"Das war heute gar kein schlechter Flugtag in Singhofen. Angek\u00fcndigt war 100% Bew\u00f6lkung und schwacher Wind, aber vor Ort kam immer wieder die Sonne durch und es ging thermisch teils recht anspruchsvoll. Von ziemlich langen und hohen Fl\u00fcgen bis zu reinen Abgleitern war heute alles dabei. Nur leider hat die\u2026","rel":"","context":"\u00c4hnlicher Beitrag","img":{"alt_text":"","src":"https:\/\/i0.wp.com\/1.bp.blogspot.com\/-_AGvQb_6h9M\/XxMWd1Hz5HI\/AAAAAAAAFhA\/_kSNqErpNdUKRk0WpUzgnys869M8fI0cwCLcBGAsYHQ\/s320\/GOPR4959.JPG?resize=350%2C200&ssl=1","width":350,"height":200},"classes":[]},{"id":326,"url":"https:\/\/fliegerblog.rjs.de\/?p=326","url_meta":{"origin":194,"position":2},"title":"Endlich mal wieder Schleppen","date":"Juni 4, 2010","format":false,"excerpt":"Endlich hat die Schleppsaison 2010 begonnen. Zum Einen hat bisher das Wetter nicht viel hergegeben, zum Anderen war die Winde bei passendem Wetter nicht bereit oder aber das Gel\u00e4nde zu. Aber heute waren wir ab 13:30 Uhr in Laufenselden auf dem Flugplatz. Leider hatten wir durch den Br\u00fcckentag Mischbetrieb mit\u2026","rel":"","context":"In &quot;Allgemein&quot;","img":{"alt_text":"","src":"","width":0,"height":0},"classes":[]},{"id":624,"url":"https:\/\/fliegerblog.rjs.de\/?p=624","url_meta":{"origin":194,"position":3},"title":"Fast 3 Monate &#8230;","date":"M\u00e4rz 15, 2013","format":false,"excerpt":"bin ich nicht mehr richtig in die Luft gekommen. Seit ich Gleitschirm fliege, war kein Winter so d\u00fcrftig. Am Mittwoch war Wind aus NW und eigentlich hatten wir den MFK angepeilt. Aber der Donnerstag schien vielversprechender und von daher wollten wir da dann gehen. Und dann kam Schneefall. Ich hatte\u2026","rel":"","context":"In &quot;Allgemein&quot;","img":{"alt_text":"","src":"","width":0,"height":0},"classes":[]},{"id":1855,"url":"https:\/\/fliegerblog.rjs.de\/?p=1855","url_meta":{"origin":194,"position":4},"title":"Erst ist der Hammer geflogen, dann ich","date":"September 25, 2021","format":false,"excerpt":"Heute musste ich mich wieder zwischen Wallertheim und Singhofen entscheiden. An beiden Locations wurde geschleppt. Aber die Entscheidung war recht einfach, denn ich hatte mich f\u00fcr 10:00 Uhr in Niederselters zum Hammerwerfen gemeldet und wenn man schon in die Richtung unterwegs ist, macht es Sinn, dann nach Singhofen zu gehen.\u2026","rel":"","context":"\u00c4hnlicher Beitrag","img":{"alt_text":"","src":"https:\/\/i0.wp.com\/1.bp.blogspot.com\/-KcmP8jGODLE\/YU9IGr4R5HI\/AAAAAAAAGVQ\/vDaOkJaPtIg_qtx9T9oat7la6qyNYef-QCLcBGAsYHQ\/w400-h300\/GOPR0089.JPG?resize=350%2C200&ssl=1","width":350,"height":200},"classes":[]},{"id":936,"url":"https:\/\/fliegerblog.rjs.de\/?p=936","url_meta":{"origin":194,"position":5},"title":"The first and the last","date":"Mai 22, 2015","format":false,"excerpt":"Heute beim Windenfliegen in Laufenselden habe ich den Dummy gemacht und bin als Erster raus. Ich habe aber auch den letzten Flug des Tages und den Deckel f\u00fcr den Flugtag zu gemacht. Um 15:00 Uhr ging es los und \u00fcber den Nachmittag waren sogar recht viele Flieger da. Obwohl sich\u2026","rel":"","context":"In &quot;Allgemein&quot;","img":{"alt_text":"","src":"https:\/\/i0.wp.com\/1.bp.blogspot.com\/-T-65hlAC4Rs\/VV-AWE8zeYI\/AAAAAAAACes\/LUwpaMNOREM\/s320\/GOPR1104.JPG?resize=350%2C200","width":350,"height":200},"classes":[]}],"_links":{"self":[{"href":"https:\/\/fliegerblog.rjs.de\/index.php?rest_route=\/wp\/v2\/posts\/194","targetHints":{"allow":["GET"]}}],"collection":[{"href":"https:\/\/fliegerblog.rjs.de\/index.php?rest_route=\/wp\/v2\/posts"}],"about":[{"href":"https:\/\/fliegerblog.rjs.de\/index.php?rest_route=\/wp\/v2\/types\/post"}],"author":[{"embeddable":true,"href":"https:\/\/fliegerblog.rjs.de\/index.php?rest_route=\/wp\/v2\/users\/1"}],"replies":[{"embeddable":true,"href":"https:\/\/fliegerblog.rjs.de\/index.php?rest_route=%2Fwp%2Fv2%2Fcomments&post=194"}],"version-history":[{"count":0,"href":"https:\/\/fliegerblog.rjs.de\/index.php?rest_route=\/wp\/v2\/posts\/194\/revisions"}],"wp:attachment":[{"href":"https:\/\/fliegerblog.rjs.de\/index.php?rest_route=%2Fwp%2Fv2%2Fmedia&parent=194"}],"wp:term":[{"taxonomy":"category","embeddable":true,"href":"https:\/\/fliegerblog.rjs.de\/index.php?rest_route=%2Fwp%2Fv2%2Fcategories&post=194"},{"taxonomy":"post_tag","embeddable":true,"href":"https:\/\/fliegerblog.rjs.de\/index.php?rest_route=%2Fwp%2Fv2%2Ftags&post=194"}],"curies":[{"name":"wp","href":"https:\/\/api.w.org\/{rel}","templated":true}]}}