{"id":1930,"date":"2022-06-11T15:33:04","date_gmt":"2022-06-11T15:33:04","guid":{"rendered":"https:\/\/fliegerblog.rjs.de\/?p=1930"},"modified":"2022-06-11T15:33:04","modified_gmt":"2022-06-11T15:33:04","slug":"kh-spielereien","status":"publish","type":"post","link":"https:\/\/fliegerblog.rjs.de\/?p=1930","title":{"rendered":"KH-Spielereien"},"content":{"rendered":"<p>Nachdem das Wochenende sowohl in Singhofen als auch Wallertheim keinen Windenfahrer verf\u00fcgbar sind, war heute der Hang angesagt. Nur ist auch das schwierig im Moment, denn meine beiden Lieblingsh\u00e4nge sind derzeit gesperrt . Der eine sogar bei Herbst\/Winter, aber da h\u00e4tte die Richtung sowieso nicht gepasst. Nur f\u00fcr Reichenbach w\u00e4re es heute gut gewesen, denke ich. Da das Gras aber noch nicht gem\u00e4ht ist, geht da im Moment leider nix. Deshalb bin ich heute in die Ecke von Bad Kreuznach. Dort habe ich eine Jahreskarte f\u00fcr 5 H\u00e4nge, die ich so gut wie nie nutze. Aber heute waren davon 2 H\u00e4nge durchaus eine Option. Zuerst bin ich nach Weiler, aber da war niemand, soweit ich von unten erkennen konnte. Und der Wind sah recht schwach aus. Deshalb bin ich nach Auen weiter, was ja nur wenige Kilometer entfernt ist. Diese Entscheidung war aber nicht so gut, denke ich, auch wenn es letztendlich mal wieder gut war, \u00fcberhaupt an einen Hang zu kommen.<\/p>\n<p><iframe loading=\"lazy\" title=\"YouTube video player\" src=\"https:\/\/www.youtube.com\/embed\/XNTulXIEzos\" width=\"560\" height=\"315\" frameborder=\"0\" allowfullscreen=\"allowfullscreen\"><\/iframe><\/p>\n<p>Denn in Auen kam der Wind ziemlich von der Seite (\u00fcberwiegend West mit Tendenz sogar auf NW) und war auch zudem total schwach. Ich bin dennoch da geblieben, da ich den Hang landschaftlich ziemlich sch\u00f6n finde und halt schon mal da war. Er ist so ein bisschen wie Reichenbach. Landschaftlich vielleicht sogar noch sch\u00f6ner, aber zum Spielen nicht ganz so gut. Zum Spielen ist er ein bisschen zu steil und zum Fliegen zu klein. Aber schlecht ist der Hang nicht &#8211; nicht falsch verstehen. Man kann durchaus was machen.<\/p>\n<p>Als ich ankam, war die Flugschule, die den Hang gepachtet hat, mit einem Kurs da. Ich habe mich etwas entfernt von denen auf die Lauer nach einer Abl\u00f6sung und Wind von vorne gelegt. Tats\u00e4chlich kamen solche Bedingungen gelegentlich vorbei, aber zu mehr als 4 H\u00fcpfern (von denen man einen mit etwas guten Willen auch als Flug bezeichnen kann) hat es dann doch nicht gelangt. Und beim letzten Flug bin ich ganz gut vom Hang weggestiegen, um dann aber von hinten eine Walze zu bekommen, die mich ziemlich schnell auf den Boden gedr\u00fcckt hat. Wenn der Wind in Auen nicht direkt von vorne kommt, kann der Hang schon bockig werden. Sowas habe ich beim ersten und einzigen Mal, wo ich vorher schon mal da geflogen war, auch bemerkt.<\/p>\n<p>In Weiler hatte zwischenzeitlich der Wind zugenommen und es waren wohl auch Flieger da. Das w\u00e4re also vermutlich die bessere Wahl gewesen, aber durch eine Radtour am Morgen und das Hanghochsteigen in Auen bei der brutalen Hitze und Sonne war ich zu fertig, um nochmal nach Weiler r\u00fcberzugehen. Grunds\u00e4tzlich ziehe ich die H\u00e4nge im Taunus vor, aber es ist schon gut, eine Alternative zu haben.<\/p>\n","protected":false},"excerpt":{"rendered":"<p>Nachdem das Wochenende sowohl in Singhofen als auch Wallertheim keinen Windenfahrer verf\u00fcgbar sind, war heute der Hang angesagt. Nur ist auch das schwierig im Moment, denn meine beiden Lieblingsh\u00e4nge sind derzeit gesperrt . Der eine sogar bei Herbst\/Winter, aber da h\u00e4tte die Richtung sowieso nicht gepasst. Nur f\u00fcr Reichenbach w\u00e4re es heute gut gewesen, denke &hellip; <a href=\"https:\/\/fliegerblog.rjs.de\/?p=1930\" class=\"more-link\"><span class=\"screen-reader-text\">\u201eKH-Spielereien\u201c<\/span> weiterlesen<\/a><\/p>\n","protected":false},"author":1,"featured_media":0,"comment_status":"closed","ping_status":"open","sticky":false,"template":"","format":"standard","meta":{"jetpack_post_was_ever_published":false,"footnotes":"","jetpack_publicize_message":"","jetpack_is_tweetstorm":false,"jetpack_publicize_feature_enabled":true,"jetpack_social_options":[]},"categories":[1],"tags":[],"class_list":["post-1930","post","type-post","status-publish","format-standard","hentry","category-uncategorized"],"jetpack_publicize_connections":[],"jetpack_featured_media_url":"","jetpack_shortlink":"https:\/\/wp.me\/p788kK-v8","jetpack-related-posts":[{"id":1806,"url":"https:\/\/fliegerblog.rjs.de\/?p=1806","url_meta":{"origin":1930,"position":0},"title":"Pers\u00f6nlicher H\u00f6henrekord in AH","date":"Mai 29, 2021","format":false,"excerpt":"\u00a0 Ich denke, dass ich gut 2 Jahre nicht mehr in Arnoldshain geflogen bin. Aber da die f\u00fcr heute geplante Er\u00f6ffnung der Schleppsaison bei der Schleppgemeinschaft Rheinhessen kurzfristig wegen dem Anstieg der Corona-Zahlen im Landkreis abgesagt werden musste, bin ich nach Arnoldshain. Im Moment gibt es sowieso kaum Alternativen, weil\u2026","rel":"","context":"\u00c4hnlicher Beitrag","img":{"alt_text":"","src":"https:\/\/i0.wp.com\/1.bp.blogspot.com\/-7BAQ-gzpIE8\/YLJVuThN6sI\/AAAAAAAAGDo\/E4n3kkEpkfcANezO_rqfUT3FCzx_jqePgCLcBGAsYHQ\/w640-h480\/IMG_20210529_132019.jpg?resize=350%2C200&ssl=1","width":350,"height":200},"classes":[]},{"id":1849,"url":"https:\/\/fliegerblog.rjs.de\/?p=1849","url_meta":{"origin":1930,"position":1},"title":"Erstmals in Boos geflogen","date":"September 2, 2021","format":false,"excerpt":"Seit etwa Mai habe ich eine Jahreskarte f\u00fcr 5 H\u00e4nge in der Gegend von Bad Kreuznach, aber ausser in Auen bin ich bisher nach der Einweisung noch nicht dahin gekommen. Da wir leider an einigen meiner Stammh\u00e4nge Stress haben bzw. die im Moment gar nicht genutzt werden k\u00f6nnen, will ich\u2026","rel":"","context":"\u00c4hnlicher Beitrag","img":{"alt_text":"","src":"https:\/\/i0.wp.com\/1.bp.blogspot.com\/-RKydpWKO75k\/YTD3P_bimaI\/AAAAAAAAGS0\/MxI4CVe2INQkUxcJxZKpiOuJOKxQx2CYgCLcBGAsYHQ\/w400-h300\/GOPR9773.JPG?resize=350%2C200&ssl=1","width":350,"height":200},"classes":[]},{"id":1491,"url":"https:\/\/fliegerblog.rjs.de\/?p=1491","url_meta":{"origin":1930,"position":2},"title":"Long time not seen","date":"September 1, 2018","format":false,"excerpt":"Oh man - ich war den gesamten August nicht in der Luft. Zumindest nicht mit dem Gleitschirm (das Flugzeug nach Jersey und zur\u00fcck z\u00e4hlt nicht wirklich). Wobei Urlaub durchaus eine akzeptable Alternative ist, aber dennoch - die anderen 2 Wochen h\u00e4tte es ja mal klappen k\u00f6nnen und so eine L\u00fccke\u2026","rel":"","context":"\u00c4hnlicher Beitrag","img":{"alt_text":"","src":"https:\/\/i0.wp.com\/3.bp.blogspot.com\/-ZcoJAiukdD4\/W4rlRl9ATLI\/AAAAAAAAEEw\/QGsPO1oA6UIe3Ssw7OVM0Ufz0-5Hq5XBACLcBGAs\/s320\/GOPR3538.JPG?resize=350%2C200&ssl=1","width":350,"height":200},"classes":[]},{"id":1801,"url":"https:\/\/fliegerblog.rjs.de\/?p=1801","url_meta":{"origin":1930,"position":3},"title":"Gel\u00e4ndeeinweisung","date":"Mai 16, 2021","format":false,"excerpt":"Corona-bedingt als auch durch ungew\u00f6hnlich schlechtes Wetter komme ich dieses Jahr in einer Zeit nicht zum Fliegen, wo ich sonstige Jahre eigentlich jede Woche in der Luft war. Oftmals sogar mehrfach die Woche. Dazu gibt es auf mehreren meiner Standardfluggebiete im Moment etwas Stress bzw. es sind diverse Dinge zu\u2026","rel":"","context":"\u00c4hnlicher Beitrag","img":{"alt_text":"","src":"https:\/\/i0.wp.com\/1.bp.blogspot.com\/-urb3uWDjCTg\/YKFBK7Ig1PI\/AAAAAAAAGCM\/alzW49TUzGse9tRWcox9NGynKg3ks8NDQCLcBGAsYHQ\/w640-h224\/IMG_20210516_130048.jpg?resize=350%2C200&ssl=1","width":350,"height":200},"classes":[]},{"id":16,"url":"https:\/\/fliegerblog.rjs.de\/?p=16","url_meta":{"origin":1930,"position":4},"title":"Mal wieder in der Kreuznacher Ecke","date":"November 8, 2008","format":false,"excerpt":"Heute war wieder SW angek\u00fcndigt. Ich habe lange hin-und-her-\u00fcberlegt, ob ich wie \u00fcblich nach Reichenbach oder endlich mal wieder mit in die Kreuznacher Ecke gehen sollte. Es gab mal wieder 2 Fraktionen: 1 f\u00fcr Reichenbach und 1 f\u00fcr eben Kreuznach. Heute hab ich mal seit langer Zeit f\u00fcr die 2.\u2026","rel":"","context":"In &quot;Allgemein&quot;","img":{"alt_text":"","src":"https:\/\/i0.wp.com\/img.youtube.com\/vi\/ejCbRu4H4DU\/0.jpg?resize=350%2C200","width":350,"height":200},"classes":[]},{"id":1562,"url":"https:\/\/fliegerblog.rjs.de\/?p=1562","url_meta":{"origin":1930,"position":5},"title":"Touristischer Moseltripp","date":"Februar 27, 2019","format":false,"excerpt":"Ich hatte mich f\u00fcr die Woche auf Freitag bis Sonntag als gute Flugtage eingestellt. Freitag Nordwind und am Wochenende Schleppen mit dem GFT in Singhofen. Aber die Prognosen sagen ab morgen schon einen Wetterumschwung vorher. Mit starkem Wind und Regen. Wobei das heute auch extrem warm war - ein Local\u2026","rel":"","context":"\u00c4hnlicher Beitrag","img":{"alt_text":"","src":"https:\/\/i0.wp.com\/3.bp.blogspot.com\/-bil6H12YD8c\/XHbqsY_BCiI\/AAAAAAAAEgU\/Vm9ciwehbJwuAqOzx64W9rN23-hXCWWLACLcBGAs\/s320\/GOPR6417.JPG?resize=350%2C200&ssl=1","width":350,"height":200},"classes":[]}],"_links":{"self":[{"href":"https:\/\/fliegerblog.rjs.de\/index.php?rest_route=\/wp\/v2\/posts\/1930","targetHints":{"allow":["GET"]}}],"collection":[{"href":"https:\/\/fliegerblog.rjs.de\/index.php?rest_route=\/wp\/v2\/posts"}],"about":[{"href":"https:\/\/fliegerblog.rjs.de\/index.php?rest_route=\/wp\/v2\/types\/post"}],"author":[{"embeddable":true,"href":"https:\/\/fliegerblog.rjs.de\/index.php?rest_route=\/wp\/v2\/users\/1"}],"replies":[{"embeddable":true,"href":"https:\/\/fliegerblog.rjs.de\/index.php?rest_route=%2Fwp%2Fv2%2Fcomments&post=1930"}],"version-history":[{"count":1,"href":"https:\/\/fliegerblog.rjs.de\/index.php?rest_route=\/wp\/v2\/posts\/1930\/revisions"}],"predecessor-version":[{"id":1931,"href":"https:\/\/fliegerblog.rjs.de\/index.php?rest_route=\/wp\/v2\/posts\/1930\/revisions\/1931"}],"wp:attachment":[{"href":"https:\/\/fliegerblog.rjs.de\/index.php?rest_route=%2Fwp%2Fv2%2Fmedia&parent=1930"}],"wp:term":[{"taxonomy":"category","embeddable":true,"href":"https:\/\/fliegerblog.rjs.de\/index.php?rest_route=%2Fwp%2Fv2%2Fcategories&post=1930"},{"taxonomy":"post_tag","embeddable":true,"href":"https:\/\/fliegerblog.rjs.de\/index.php?rest_route=%2Fwp%2Fv2%2Ftags&post=1930"}],"curies":[{"name":"wp","href":"https:\/\/api.w.org\/{rel}","templated":true}]}}