{"id":193,"date":"2009-06-22T14:03:39","date_gmt":"2009-06-22T13:03:39","guid":{"rendered":"http:\/\/www.rjs.de\/fliegerblog\/?p=193"},"modified":"2009-06-22T14:03:39","modified_gmt":"2009-06-22T13:03:39","slug":"besser-geflogen-aber-im-busch-gelandet","status":"publish","type":"post","link":"https:\/\/fliegerblog.rjs.de\/?p=193","title":{"rendered":"Besser geflogen :-), aber im Busch gelandet :-("},"content":{"rendered":"<p>Heute gab es zwischen 9:00 &#8211; 12:00 Uhr noch einen Versuch in MF (andere sind vielleicht noch sp\u00e4ter geflogen, aber ich muss ab Nachmittag arbeiten). Und es ging auch recht gut. Das war mal wieder richtiges Fliegen ;-). Nur bin ich direkt \u00fcber einem riesigen Geb\u00fcsch durchgesackt und von oben mitten rein gekracht. Ich stand voll angegurtet im 3 -4 Meter hohen Unterholz, knapp 1,5 Meter vom Heckenrand weg und der Schirm ist zur H\u00e4lfte nach vorne aus dem Geb\u00fcsch raus gefallen. Das war ein Geschaffe, bis der Schirm aus dem Geraffel raus war (danke nochmal an Bj\u00f6rn). Gl\u00fccklicher Weise hat der Schirm nur einen Miniriss abbekommen.<\/p>\n","protected":false},"excerpt":{"rendered":"<p>Heute gab es zwischen 9:00 &#8211; 12:00 Uhr noch einen Versuch in MF (andere sind vielleicht noch sp\u00e4ter geflogen, aber ich muss ab Nachmittag arbeiten). Und es ging auch recht gut. Das war mal wieder richtiges Fliegen ;-). Nur bin ich direkt \u00fcber einem riesigen Geb\u00fcsch durchgesackt und von oben mitten rein gekracht. Ich stand &hellip; <a href=\"https:\/\/fliegerblog.rjs.de\/?p=193\" class=\"more-link\"><span class=\"screen-reader-text\">\u201eBesser geflogen :-), aber im Busch gelandet :-(\u201c<\/span> weiterlesen<\/a><\/p>\n","protected":false},"author":1,"featured_media":0,"comment_status":"open","ping_status":"open","sticky":false,"template":"","format":"standard","meta":{"jetpack_post_was_ever_published":false,"footnotes":"","jetpack_publicize_message":"","jetpack_is_tweetstorm":false,"jetpack_publicize_feature_enabled":true,"jetpack_social_options":[]},"categories":[2],"tags":[],"class_list":["post-193","post","type-post","status-publish","format-standard","hentry","category-allgemein"],"jetpack_publicize_connections":[],"jetpack_featured_media_url":"","jetpack_shortlink":"https:\/\/wp.me\/p788kK-37","jetpack-related-posts":[{"id":273,"url":"https:\/\/fliegerblog.rjs.de\/?p=273","url_meta":{"origin":193,"position":0},"title":"Sonnig und \u00fcberraschender Weise doch Wind von vorne","date":"Januar 2, 2010","format":false,"excerpt":"So schnell kann der Wind drehen. Gestern noch Nordost und heute kam er von S\u00fcdwest. Das war sch\u00f6n vorhin in Reichenbach. Zwar schwacher Wind, aber meist direkt von vorne und es hat durch die kalte, trockene Luft getragen. Dazu noch sch\u00f6ne Sonne bei leichtem Schnee auf dem Hang. Dabei hatte\u2026","rel":"","context":"In &quot;Allgemein&quot;","img":{"alt_text":"","src":"","width":0,"height":0},"classes":[]},{"id":1300,"url":"https:\/\/fliegerblog.rjs.de\/?p=1300","url_meta":{"origin":193,"position":1},"title":"Endlich mal wieder Hanglage","date":"August 14, 2017","format":false,"excerpt":"Ich fliege definitiv lieber am Hang als an der Winde. Aber die letzte Zeit kam ich kaum dazu. Zwar hatte ich mehrere Windentage und das war auch sch\u00f6n. Aber ..das Soaren am Hang ging mir ein paar Wochen schon ab. Heute war es aber wieder soweit. SO-Wind, Sonne und Zeit.\u2026","rel":"","context":"\u00c4hnlicher Beitrag","img":{"alt_text":"","src":"https:\/\/i0.wp.com\/2.bp.blogspot.com\/-pbs9h4i814Q\/WZKPJnKXC3I\/AAAAAAAADgk\/wAFAe1_5sYwRoyogFqnTm1Gt58nofEcZgCLcBGAs\/s640\/IMG-20170814-WA0000.jpg?resize=350%2C200&ssl=1","width":350,"height":200},"classes":[]},{"id":907,"url":"https:\/\/fliegerblog.rjs.de\/?p=907","url_meta":{"origin":193,"position":2},"title":"Gegrounded und cheated","date":"April 5, 2015","format":false,"excerpt":"Letzte Woche war ich mit der Familie in Norderney zum Urlaub. Das habe ich zum Anlass genommen, um den dringend notwendigen Check meiner Wildcat machen zu lassen. Die vergangene Woche h\u00e4tte ich den Schirm sowieso nicht nutzen k\u00f6nnen. Der Nachteil ist aber, dass ich das gesamte Osterwochenende ohne Schirm bin,\u2026","rel":"","context":"In &quot;Allgemein&quot;","img":{"alt_text":"","src":"","width":0,"height":0},"classes":[]},{"id":540,"url":"https:\/\/fliegerblog.rjs.de\/?p=540","url_meta":{"origin":193,"position":3},"title":"Ewig gewartet &#8211; und dann belohnt worden","date":"M\u00e4rz 27, 2012","format":false,"excerpt":"Heute stand ein erster Testlauf mit kleiner Besetzung f\u00fcr die Saison 2012 Schleppen in Neu-Anspach zur Diskussion, aber das hat sich am sp\u00e4ten Vormittag zerschlagen. War auch gut so, denn im Nachhinein w\u00e4re der Wind wohl zu stark gewesen als auch zuweit aus Nord gekommen. Ich war da aber sowieso\u2026","rel":"","context":"In &quot;Allgemein&quot;","img":{"alt_text":"","src":"","width":0,"height":0},"classes":[]},{"id":85,"url":"https:\/\/fliegerblog.rjs.de\/?p=85","url_meta":{"origin":193,"position":4},"title":"Einer geht noch","date":"August 30, 2007","format":false,"excerpt":"Es ist unglaublich, was die Tage in MF geht. War heute um 14:30 Uhr am Hang. Sehr starker Wind und zudem thermisch. Hab mich von oben nicht getraut. Aber auch unten ging es brutal. Power Soaring. Da stehst Du an einem Hang, der kaum eine nennenswerte Neigung hat, und machts\u2026","rel":"","context":"In &quot;Allgemein&quot;","img":{"alt_text":"","src":"","width":0,"height":0},"classes":[]},{"id":42,"url":"https:\/\/fliegerblog.rjs.de\/?p=42","url_meta":{"origin":193,"position":5},"title":"Reisebericht Husby, D\u00e4nemark","date":"Juni 29, 2008","format":false,"excerpt":"Flugtagebuch K\u00fcstensoaren in Husby - D\u00e4nemark im Juni 200821. JuniIch bin wieder zum K\u00fcstenfliegen in D\u00e4nemark. In Husby, etwa 150 Kilometer s\u00fcdlich von Loekken, wo ich letztes Jahr war. Nachdem der Trip letztes Jahr eigentlich ein Reinfall war und ich in einer Woche nur einen Tag zum Fliegen kam, wollte\u2026","rel":"","context":"In &quot;Allgemein&quot;","img":{"alt_text":"","src":"https:\/\/i0.wp.com\/img.youtube.com\/vi\/1PDZNyzILZw\/0.jpg?resize=350%2C200","width":350,"height":200},"classes":[]}],"_links":{"self":[{"href":"https:\/\/fliegerblog.rjs.de\/index.php?rest_route=\/wp\/v2\/posts\/193","targetHints":{"allow":["GET"]}}],"collection":[{"href":"https:\/\/fliegerblog.rjs.de\/index.php?rest_route=\/wp\/v2\/posts"}],"about":[{"href":"https:\/\/fliegerblog.rjs.de\/index.php?rest_route=\/wp\/v2\/types\/post"}],"author":[{"embeddable":true,"href":"https:\/\/fliegerblog.rjs.de\/index.php?rest_route=\/wp\/v2\/users\/1"}],"replies":[{"embeddable":true,"href":"https:\/\/fliegerblog.rjs.de\/index.php?rest_route=%2Fwp%2Fv2%2Fcomments&post=193"}],"version-history":[{"count":0,"href":"https:\/\/fliegerblog.rjs.de\/index.php?rest_route=\/wp\/v2\/posts\/193\/revisions"}],"wp:attachment":[{"href":"https:\/\/fliegerblog.rjs.de\/index.php?rest_route=%2Fwp%2Fv2%2Fmedia&parent=193"}],"wp:term":[{"taxonomy":"category","embeddable":true,"href":"https:\/\/fliegerblog.rjs.de\/index.php?rest_route=%2Fwp%2Fv2%2Fcategories&post=193"},{"taxonomy":"post_tag","embeddable":true,"href":"https:\/\/fliegerblog.rjs.de\/index.php?rest_route=%2Fwp%2Fv2%2Ftags&post=193"}],"curies":[{"name":"wp","href":"https:\/\/api.w.org\/{rel}","templated":true}]}}