{"id":1928,"date":"2022-06-04T23:47:09","date_gmt":"2022-06-04T23:47:09","guid":{"rendered":"https:\/\/fliegerblog.rjs.de\/?p=1928"},"modified":"2022-06-05T07:52:49","modified_gmt":"2022-06-05T07:52:49","slug":"labile-sache","status":"publish","type":"post","link":"https:\/\/fliegerblog.rjs.de\/?p=1928","title":{"rendered":"Labile Sache"},"content":{"rendered":"<div class=\"separator\" style=\"clear: both; text-align: center;\"><a style=\"clear: left; float: left; margin-bottom: 1em; margin-right: 1em;\" href=\"https:\/\/i0.wp.com\/blogger.googleusercontent.com\/img\/b\/R29vZ2xl\/AVvXsEgX7woHW3V9FVnqxL1Gs1uun09YOvF3Rjr8AazadwsIzE6W1XGJt0y2DnKor1MyQjI0uy_NxLh0roq4T5Ea6snsNga7epYsbXFplT4mGGel2EHZh54de8cd92MagIFv_NZNrM4IB52X3eaBFDJ-rtPEDtFElLtHIFA-cl31B8rdWF5b1O53uLyOGhKexQ\/s3264\/IMG_20220604_134403.jpg?ssl=1\"><img loading=\"lazy\" decoding=\"async\" src=\"https:\/\/i0.wp.com\/blogger.googleusercontent.com\/img\/b\/R29vZ2xl\/AVvXsEgX7woHW3V9FVnqxL1Gs1uun09YOvF3Rjr8AazadwsIzE6W1XGJt0y2DnKor1MyQjI0uy_NxLh0roq4T5Ea6snsNga7epYsbXFplT4mGGel2EHZh54de8cd92MagIFv_NZNrM4IB52X3eaBFDJ-rtPEDtFElLtHIFA-cl31B8rdWF5b1O53uLyOGhKexQ\/w640-h320\/IMG_20220604_134403.jpg?resize=640%2C320&#038;ssl=1\" width=\"640\" height=\"320\" border=\"0\" data-original-height=\"1632\" data-original-width=\"3264\" data-recalc-dims=\"1\" \/><\/a><\/div>\n<p>\u00dcber Pfingsten sahen die langfristigen Flugprognosen eher schlecht aus. Nur f\u00fcr den Samstag habe ich die Chancen nicht schlecht eingesch\u00e4tzt und mich auch in der Gruppe der GFT daf\u00fcr ausgesprochen, einen Schlepptag zu versuchen. Um 11:00 Uhr haben wir angefangen und ich &#8211; wie meistens &#8211; den 1. Flug des Tages als Dummy gemacht. Der Wind war moderat, leichte Thermik und zu dem Zeitpunkt war es auch noch etwas bedeckt. Aber auch f\u00fcr den Samstag war bei einigen Vorhersagen Regen prognostiziert bis hin zu Gewittern und lokalem Starkregen. Das hat mich doch ein bisschen beunruhigt, da sich nach meinem ersten Flug Richtung Wiesbaden als auch Richtung Rhein dunkle Wolken mit T\u00fcrmen gebildet haben. Dazu wurde es schw\u00fcl, die Luft labil und M\u00fccken sind in gro\u00dfer Anzahl bodennah umhergeschwirrt. Alles sah nach einer kommenden \u00dcberentwicklung aus. Aber irgendwie kamen die dunklen Wolken nicht n\u00e4her und auch in der Ferne haben die T\u00fcrme keinen Hammer ausgebildet, sondern sich nach einer Weile immer wieder aufgel\u00f6st. Dazu ist wieder erwarten die Sonne durchgekommen, was ich am Ende des Tages an einem Sonnenbrand merken musste.<br \/>\nMein 2. Flug war dann recht thermisch (vor allen Dingen schon am Seil) und zu dem Zeitpunkt war ich immer noch in Sorge wegen einer \u00dcberentwicklung. Aber wie gesagt &#8211; ist alles harmlos geblieben und im Laufe des Tages wurden die Bedingungen wohl noch safer, was ich nachtr\u00e4glich in unserer WhatsApp-Gruppe von Leuten geh\u00f6rt habe, die in der Gegend wohnen. Denn so gegen 14:30 &#8211; 15:00 Uhr bin ich gegangen und der Rest war entweder auch schon weg oder wollte einpacken, soweit ich das mitbekommen habe.<\/p>\n<p><iframe loading=\"lazy\" title=\"YouTube video player\" src=\"https:\/\/www.youtube.com\/embed\/cpEK61T35DQ\" width=\"560\" height=\"315\" frameborder=\"0\" allowfullscreen=\"allowfullscreen\"><\/iframe><\/p>\n<p>Ich habe heute also nur 2 Fl\u00fcge, bin aber zwischenzeitlich eine ganze Weile das Quad zum Zur\u00fcckholen der Seile gefahren. Das hatte ich auch schon einige Zeit nicht mehr gemacht und das macht auch immer mal wieder Laune.<br \/>\nAuf der R\u00fcckfahrt habe ich dann bei Bad Schwallbach in den schattigen Ecken der Stra\u00dfe gesehen, dass wir ziemliches Gl\u00fcck mit dem Wetter hatten, denn da war die Stra\u00dfe ziemlich nass und es muss Einiges runtergekommen sein. Das h\u00e4tte auch leicht die paar Kilometer zu unserem Fluggebiet r\u00fcberziehen k\u00f6nnen. Allerdings k\u00f6nnte ich bei einer anderen Sache Pech gehabt haben &#8211; ich finde mein kleines SkyBean-Vario nicht mehr. Ich hatte es nach meinem 2. Flug in der Hand und dachte eigentlich, dass ich es ins Auto gelegt oder in die Tasche gesteckt h\u00e4tte. Nur wenn es dumm gelaufen ist, ist es mir bei den Autos runtergefallen :-(. W\u00e4re bl\u00f6d, denn das Teilchen war noch ziemlich neu. Aber vielleicht findet es sich auch wieder.<\/p>\n","protected":false},"excerpt":{"rendered":"<p>\u00dcber Pfingsten sahen die langfristigen Flugprognosen eher schlecht aus. Nur f\u00fcr den Samstag habe ich die Chancen nicht schlecht eingesch\u00e4tzt und mich auch in der Gruppe der GFT daf\u00fcr ausgesprochen, einen Schlepptag zu versuchen. Um 11:00 Uhr haben wir angefangen und ich &#8211; wie meistens &#8211; den 1. Flug des Tages als Dummy gemacht. Der &hellip; <a href=\"https:\/\/fliegerblog.rjs.de\/?p=1928\" class=\"more-link\"><span class=\"screen-reader-text\">\u201eLabile Sache\u201c<\/span> weiterlesen<\/a><\/p>\n","protected":false},"author":1,"featured_media":0,"comment_status":"closed","ping_status":"open","sticky":false,"template":"","format":"standard","meta":{"jetpack_post_was_ever_published":false,"footnotes":"","jetpack_publicize_message":"","jetpack_is_tweetstorm":false,"jetpack_publicize_feature_enabled":true,"jetpack_social_options":[]},"categories":[1],"tags":[],"class_list":["post-1928","post","type-post","status-publish","format-standard","hentry","category-uncategorized"],"jetpack_publicize_connections":[],"jetpack_featured_media_url":"","jetpack_shortlink":"https:\/\/wp.me\/p788kK-v6","jetpack-related-posts":[{"id":1505,"url":"https:\/\/fliegerblog.rjs.de\/?p=1505","url_meta":{"origin":1928,"position":0},"title":"Goldiger Oktober","date":"Oktober 5, 2018","format":false,"excerpt":"Der Oktober gibt nochmal alles. Leider war es gestern definitiv zu schwachwindig, aber f\u00fcr heute waren die Prognosen nicht schlecht. Eigentlich wollte ich unbedingt mal wieder auf die Wasserkuppe, denn obwohl ich da meine Ausbildung gemacht hatte, bin ich als Freiflieger kaum noch auf der Waku gewesen. Und die Aussichten\u2026","rel":"","context":"\u00c4hnlicher Beitrag","img":{"alt_text":"","src":"https:\/\/i0.wp.com\/1.bp.blogspot.com\/-VZfha2s8Gag\/W7egVtuJh6I\/AAAAAAAAEJY\/OqW7OgY-d0sYbBVrzHvQj-w7MCDXR1qDgCLcBGAs\/s400\/IMG_20181005_122130.jpg?resize=350%2C200&ssl=1","width":350,"height":200},"classes":[]},{"id":235,"url":"https:\/\/fliegerblog.rjs.de\/?p=235","url_meta":{"origin":1928,"position":1},"title":"Gar nicht schlecht","date":"Oktober 1, 2009","format":false,"excerpt":"Waren heute so gegen 16:00 Uhr in MF am Hang. Hatte gerade aufgeh\u00f6rt zu regnen und der Wind direkt optimal gepasst. So eine gute Stunde waren die Bedingungen richtig gut. Keine perfekten Flugbedingungen, aber es ging gar nicht schlecht. Dann hatte es etwas geregnet und danach gingen nur noch ein\u2026","rel":"","context":"In &quot;Allgemein&quot;","img":{"alt_text":"","src":"","width":0,"height":0},"classes":[]},{"id":173,"url":"https:\/\/fliegerblog.rjs.de\/?p=173","url_meta":{"origin":1928,"position":2},"title":"Sp\u00e4t kam es, aber es kam","date":"April 13, 2009","format":false,"excerpt":"Waren gegen 11:45 Uhr am Hang in MF. War schwacher NW angek\u00fcndigt, der gegen 14:30 immer mehr auf Ost gehen sollte. Und der Wind war auch schwach. Ich hatte auf die Sonne gehofft, aber der Dunst ist einfach nicht weggegangen. Schwache Abgleiter und gelegentlich mal etwas Gl\u00fcck mit einer Miniabl\u00f6sung.\u2026","rel":"","context":"In &quot;Allgemein&quot;","img":{"alt_text":"","src":"","width":0,"height":0},"classes":[]},{"id":1346,"url":"https:\/\/fliegerblog.rjs.de\/?p=1346","url_meta":{"origin":1928,"position":3},"title":"Nochmal Schleppen in Singhofen","date":"Oktober 31, 2017","format":false,"excerpt":"Wegen des Feiertags konnten wir heute noch einmal Schleppen in Singhofen. Wir waren seit der Freigabe des Platzes f\u00fcr uns vor einige Wochen jetzt schon 3x da, aber heute sollte es das meines Erachtens f\u00fcr die Schleppsaison da gewesen sein. Auch die anderen Schlepplocations d\u00fcrften so langsam die Winterpause einl\u00e4uten\u2026","rel":"","context":"\u00c4hnlicher Beitrag","img":{"alt_text":"","src":"https:\/\/i0.wp.com\/2.bp.blogspot.com\/-N9TR-rtmOYA\/Wfia7jDmOPI\/AAAAAAAADp0\/iDigFGKYqqkuqxwTBXEJa6XPmIHRnCPogCLcBGAs\/s320\/GOPR7766.JPG?resize=350%2C200&ssl=1","width":350,"height":200},"classes":[]},{"id":1275,"url":"https:\/\/fliegerblog.rjs.de\/?p=1275","url_meta":{"origin":1928,"position":4},"title":"Gar nicht schlecht f\u00fcr so spontan","date":"Juni 13, 2017","format":false,"excerpt":"Ich hatte es \u00fcberhaupt nicht auf dem Schirm, dass heute Nordwind angesagt war. Nur mehr oder weniger zuf\u00e4llig habe ich heute morgen auf WhatsApp mitbekommen, dass ein paar Flieger an den MFK wollten. Ich hab deshalb spontan meinen Tag umgeplant und Arbeit Arbeit sein lassen. Gegen 15:15 Uhr war ich\u2026","rel":"","context":"\u00c4hnlicher Beitrag","img":{"alt_text":"","src":"https:\/\/i0.wp.com\/2.bp.blogspot.com\/-ARPt0iIO1d4\/WUA3zkeBZBI\/AAAAAAAADc0\/ZHx1Lwpj3yEyan0fI6V66oASAkhXIDcOQCLcB\/s400\/GOPR3730.JPG?resize=350%2C200&ssl=1","width":350,"height":200},"classes":[]},{"id":1437,"url":"https:\/\/fliegerblog.rjs.de\/?p=1437","url_meta":{"origin":1928,"position":5},"title":"Sch\u00f6ner Flugtag","date":"Mai 3, 2018","format":false,"excerpt":"Die n\u00e4chsten 2 Wochen stehen wieder Schulungen an. Was fehlende Zeit f\u00fcr m\u00f6gliche Flugtage unter der Woche impliziert. Dazu sind f\u00fcr das kommende Wochenende zwar mehrere Schlepptermine angesetzt, aber ich erwarte eigentlich zu starken Wind bzw. zu heftige B\u00f6en. Deshalb hatte ich bereits seit Anfang der Woche den heutigen Tag\u2026","rel":"","context":"\u00c4hnlicher Beitrag","img":{"alt_text":"","src":"https:\/\/i0.wp.com\/3.bp.blogspot.com\/-aImEi5k-RTg\/Wuv2-YLPVFI\/AAAAAAAAD6U\/nAw7fJ7JeGkcc9XqdbWPVVhtfFQIewZ9wCLcBGAs\/s320\/GOPR1140.JPG?resize=350%2C200&ssl=1","width":350,"height":200},"classes":[]}],"_links":{"self":[{"href":"https:\/\/fliegerblog.rjs.de\/index.php?rest_route=\/wp\/v2\/posts\/1928","targetHints":{"allow":["GET"]}}],"collection":[{"href":"https:\/\/fliegerblog.rjs.de\/index.php?rest_route=\/wp\/v2\/posts"}],"about":[{"href":"https:\/\/fliegerblog.rjs.de\/index.php?rest_route=\/wp\/v2\/types\/post"}],"author":[{"embeddable":true,"href":"https:\/\/fliegerblog.rjs.de\/index.php?rest_route=\/wp\/v2\/users\/1"}],"replies":[{"embeddable":true,"href":"https:\/\/fliegerblog.rjs.de\/index.php?rest_route=%2Fwp%2Fv2%2Fcomments&post=1928"}],"version-history":[{"count":1,"href":"https:\/\/fliegerblog.rjs.de\/index.php?rest_route=\/wp\/v2\/posts\/1928\/revisions"}],"predecessor-version":[{"id":1929,"href":"https:\/\/fliegerblog.rjs.de\/index.php?rest_route=\/wp\/v2\/posts\/1928\/revisions\/1929"}],"wp:attachment":[{"href":"https:\/\/fliegerblog.rjs.de\/index.php?rest_route=%2Fwp%2Fv2%2Fmedia&parent=1928"}],"wp:term":[{"taxonomy":"category","embeddable":true,"href":"https:\/\/fliegerblog.rjs.de\/index.php?rest_route=%2Fwp%2Fv2%2Fcategories&post=1928"},{"taxonomy":"post_tag","embeddable":true,"href":"https:\/\/fliegerblog.rjs.de\/index.php?rest_route=%2Fwp%2Fv2%2Ftags&post=1928"}],"curies":[{"name":"wp","href":"https:\/\/api.w.org\/{rel}","templated":true}]}}