{"id":1925,"date":"2022-05-08T16:02:37","date_gmt":"2022-05-08T16:02:37","guid":{"rendered":"https:\/\/fliegerblog.rjs.de\/?p=1925"},"modified":"2022-05-08T16:02:37","modified_gmt":"2022-05-08T16:02:37","slug":"tricky-wetterbedingungen-aber-schoene-2-fluege","status":"publish","type":"post","link":"https:\/\/fliegerblog.rjs.de\/?p=1925","title":{"rendered":"Tricky Wetterbedingungen, aber sch\u00f6ne 2 Fl\u00fcge"},"content":{"rendered":"<div class=\"separator\" style=\"clear: both; text-align: center;\"><a style=\"clear: left; float: left; margin-bottom: 1em; margin-right: 1em;\" href=\"https:\/\/i0.wp.com\/blogger.googleusercontent.com\/img\/b\/R29vZ2xl\/AVvXsEhCRnPGmQgrGLL3iEKgtLtpjxSnd2668PQYYTVnJHFr8CQUqBDeEgLn7y3B4tt_xP6f85bXnIp7q26jKlbtn9B84tpEMb64dpJjBSEX40ZP4UrgTfkvRy8IRFOFPbrVtvWPFypO_vlR4qhg8hKmnNsv0QG911Q9Ewth4yCNz9NhfmsvBlBuc9cOFjZJsA\/s3264\/IMG_20220508_134814.jpg?ssl=1\"><img loading=\"lazy\" decoding=\"async\" src=\"https:\/\/i0.wp.com\/blogger.googleusercontent.com\/img\/b\/R29vZ2xl\/AVvXsEhCRnPGmQgrGLL3iEKgtLtpjxSnd2668PQYYTVnJHFr8CQUqBDeEgLn7y3B4tt_xP6f85bXnIp7q26jKlbtn9B84tpEMb64dpJjBSEX40ZP4UrgTfkvRy8IRFOFPbrVtvWPFypO_vlR4qhg8hKmnNsv0QG911Q9Ewth4yCNz9NhfmsvBlBuc9cOFjZJsA\/w400-h200\/IMG_20220508_134814.jpg?resize=400%2C200&#038;ssl=1\" width=\"400\" height=\"200\" border=\"0\" data-original-height=\"1632\" data-original-width=\"3264\" data-recalc-dims=\"1\" \/><\/a><\/div>\n<p>Heute war ich wieder beim Schleppen in Singhofen und mit zwei gar nicht so schlechten Fl\u00fcgen recht zufrieden. Insbesondere der 2. Flug war gut. Sehr gute Ausklinkh\u00f6he, dann auch weiter Steigen und ich bin bis r\u00fcber zum Dorf geflogen. Da ging es aber abw\u00e4rts und\u00a0 ich habe mich zur\u00fcck zum Flugplatz gemacht. Der Raps steht im Moment hoch und vorher hatte bereits ein anderer Flieger eine Landung im Rapsfeld. Denn der Wind war recht kr\u00e4ftig, was zum Einen heute die Thermik etwas verblasen hat, zum Anderen es aber auch schwierig machte, gegen den Wind voranzukommen.<\/p>\n<p><iframe loading=\"lazy\" title=\"YouTube video player\" src=\"https:\/\/www.youtube.com\/embed\/HQDa2PbGMeQ\" width=\"560\" height=\"315\" frameborder=\"0\" allowfullscreen=\"allowfullscreen\"><\/iframe><\/p>\n<p>Das hatte ich aber auch erwartet, denn nach meinem Prognosen war der Wind nicht gerade schwach angek\u00fcndigt und es wurde zudem ab 12:00 Uhr eine zunehmende Regenwahrscheinlichkeit f\u00fcr Singhofen vorhergesagt. Ab 15:00 Uhr lag die nach einigen Prognosen fast bei 80%. Alles in Allem habe ich also Bedingungen erwartet, die etwas tricky werden k\u00f6nnten. Und so ist es eben dann auch gekommen.<\/p>\n<p>Wir haben leider erst um 11:00 Uhr mit Schleppen angefangen, denn ob der zunehmenden Regenneigung am Nachmittag h\u00e4tte ich gerne fr\u00fcher angefangen. Aber soweit ich das dann mitbekommen habe, war der Wind fr\u00fcher am Platz ziemlich stark und deshalb w\u00e4re es letztendlich mit fr\u00fcherem Anfangen eher mau gewesen.<\/p>\n<p>Bei solchen Aussichten sehe ich zu, dass ich m\u00f6glichst beim ersten Paar des Tages bereits einen Schlepp mache, um schon mal einen Flug zu haben. So auch heute, wo ich den ersten Flug des Tages gemacht habe. Der Preis ist, dass man den Dummy spielt und die Bedingungen abchecken muss. Der Wind in der H\u00f6he war wirklich kr\u00e4ftig. Aber es war nicht bockig und tats\u00e4chlich hat der Wind auch \u00fcber den Tag erst einmal etwas nachgelassen. Mein zweiter Flug war dann durchaus thermisch. Ich bin im Schatten gestartet und nach etwa 50 Meter am Seil in die Sonne geflogen. Ab der Kante ging es gut hoch. Aber auch da hat der Wind in der H\u00f6he die Thermik etwas weggeblasen. Ich d\u00fcrfte dennoch den Flug des Tages damit gehabt haben, denn so richtig ging es bei den anderen Fliegern heute nicht. Und die waren zahlreich da. Viele Gastflieger vor allen Dingen.<\/p>\n<p>Wobei es im Vorfeld lange so ausgesehen hat, als w\u00fcrde das Schleppen wegen zu geringer Beteiligung ausfallen. Nur 4 Flieger bis Freitag und am Ende waren es dann 14 Anmeldungen. Es war also ziemlich voll, auch wenn nicht alle angemeldeten Flieger da waren. Damit wurden auch die Pausen zwischen Fl\u00fcgen lange und ich habe nach dem 2. Flug schon eingepackt &#8211; auch wenn ich noch etwas geblieben bin. Was sich auch deshalb als richtig erwiesen hat, denn ich w\u00e4re nicht mehr zu einem 3. Flug gekommen. Gegen 14:00 Uhr kamen dunkle Wolken heran, es wurde labil, im Westerwald konnten wir Regen sehen und um 14:30 Uhr hat es auch bei uns am Platz angefangen zu regnen. Wir haben deshalb den Schleppbetrieb eingestellt und mit den ersten Regentropfen bin ich heimgefahren.<\/p>\n","protected":false},"excerpt":{"rendered":"<p>Heute war ich wieder beim Schleppen in Singhofen und mit zwei gar nicht so schlechten Fl\u00fcgen recht zufrieden. Insbesondere der 2. Flug war gut. Sehr gute Ausklinkh\u00f6he, dann auch weiter Steigen und ich bin bis r\u00fcber zum Dorf geflogen. Da ging es aber abw\u00e4rts und\u00a0 ich habe mich zur\u00fcck zum Flugplatz gemacht. Der Raps steht &hellip; <a href=\"https:\/\/fliegerblog.rjs.de\/?p=1925\" class=\"more-link\"><span class=\"screen-reader-text\">\u201eTricky Wetterbedingungen, aber sch\u00f6ne 2 Fl\u00fcge\u201c<\/span> weiterlesen<\/a><\/p>\n","protected":false},"author":1,"featured_media":0,"comment_status":"closed","ping_status":"open","sticky":false,"template":"","format":"standard","meta":{"jetpack_post_was_ever_published":false,"footnotes":"","jetpack_publicize_message":"","jetpack_is_tweetstorm":false,"jetpack_publicize_feature_enabled":true,"jetpack_social_options":[]},"categories":[1],"tags":[],"class_list":["post-1925","post","type-post","status-publish","format-standard","hentry","category-uncategorized"],"jetpack_publicize_connections":[],"jetpack_featured_media_url":"","jetpack_shortlink":"https:\/\/wp.me\/p788kK-v3","jetpack-related-posts":[{"id":1300,"url":"https:\/\/fliegerblog.rjs.de\/?p=1300","url_meta":{"origin":1925,"position":0},"title":"Endlich mal wieder Hanglage","date":"August 14, 2017","format":false,"excerpt":"Ich fliege definitiv lieber am Hang als an der Winde. Aber die letzte Zeit kam ich kaum dazu. Zwar hatte ich mehrere Windentage und das war auch sch\u00f6n. Aber ..das Soaren am Hang ging mir ein paar Wochen schon ab. Heute war es aber wieder soweit. SO-Wind, Sonne und Zeit.\u2026","rel":"","context":"\u00c4hnlicher Beitrag","img":{"alt_text":"","src":"https:\/\/i0.wp.com\/2.bp.blogspot.com\/-pbs9h4i814Q\/WZKPJnKXC3I\/AAAAAAAADgk\/wAFAe1_5sYwRoyogFqnTm1Gt58nofEcZgCLcBGAs\/s640\/IMG-20170814-WA0000.jpg?resize=350%2C200&ssl=1","width":350,"height":200},"classes":[]},{"id":1562,"url":"https:\/\/fliegerblog.rjs.de\/?p=1562","url_meta":{"origin":1925,"position":1},"title":"Touristischer Moseltripp","date":"Februar 27, 2019","format":false,"excerpt":"Ich hatte mich f\u00fcr die Woche auf Freitag bis Sonntag als gute Flugtage eingestellt. Freitag Nordwind und am Wochenende Schleppen mit dem GFT in Singhofen. Aber die Prognosen sagen ab morgen schon einen Wetterumschwung vorher. Mit starkem Wind und Regen. Wobei das heute auch extrem warm war - ein Local\u2026","rel":"","context":"\u00c4hnlicher Beitrag","img":{"alt_text":"","src":"https:\/\/i0.wp.com\/3.bp.blogspot.com\/-bil6H12YD8c\/XHbqsY_BCiI\/AAAAAAAAEgU\/Vm9ciwehbJwuAqOzx64W9rN23-hXCWWLACLcBGAs\/s320\/GOPR6417.JPG?resize=350%2C200&ssl=1","width":350,"height":200},"classes":[]},{"id":1510,"url":"https:\/\/fliegerblog.rjs.de\/?p=1510","url_meta":{"origin":1925,"position":2},"title":"Seemann gr\u00fc\u00df mir die Flieger","date":"Oktober 13, 2018","format":false,"excerpt":"Das war heute verdammt schwer eine Entscheidung zu treffen, was man denn am besten macht. So richtig, richtig warm, geniale Sonne und Zeit. Dazu war Schleppen in Singhofen angesetzt und um 11 Uhr war da Treffen. Aber der Wind sollte aus SO kommen. Das ist genau quer zur Schleppstrecke. Und\u2026","rel":"","context":"\u00c4hnlicher Beitrag","img":{"alt_text":"","src":"https:\/\/i0.wp.com\/1.bp.blogspot.com\/-npGnvChQsW0\/W8IZiNZgfLI\/AAAAAAAAEK4\/Y1TcP-Vg4rwFl1ukfmTaYdVQ2-XeNqpvQCLcBGAs\/s320\/IMG_20181013_112207.jpg?resize=350%2C200&ssl=1","width":350,"height":200},"classes":[]},{"id":453,"url":"https:\/\/fliegerblog.rjs.de\/?p=453","url_meta":{"origin":1925,"position":3},"title":"Endlich einmal wieder &#8211; Schleppen in Neu Anspach","date":"August 4, 2011","format":false,"excerpt":"Die letzten Jahre war ich ziemlich oft zum Schleppen in Neu Anspach auf dem Flugplatz. Aber dieses Jahr war bisher der Wurm drin. Erst 1x ging es \u00fcberhaupt da mit Schleppen (erst Winde kaputt und dann Mistwetter an den geplanten Schleptagen) und da konnte ich nicht :-(. Aber heute sah\u2026","rel":"","context":"In &quot;Allgemein&quot;","img":{"alt_text":"","src":"","width":0,"height":0},"classes":[]},{"id":1266,"url":"https:\/\/fliegerblog.rjs.de\/?p=1266","url_meta":{"origin":1925,"position":4},"title":"Erst hei\u00df und mau, aber dann Grand Finale","date":"Mai 27, 2017","format":false,"excerpt":"Um die Mittagszeit hatte ich heute einen Zahnarzt-Termin in Eppstein. Und da ich damit sowieso schon im Taunus war, bin ich - entgegen meiner sonstigen Gewohnheit - auch an einem Tag am Wochenende nach Eschbach. Die Bedingungen sahen in der Vorschau sehr gut aus und ich dachte mir, dass wegen\u2026","rel":"","context":"\u00c4hnlicher Beitrag","img":{"alt_text":"","src":"https:\/\/i0.wp.com\/1.bp.blogspot.com\/-SQ9k3kjfaLU\/WSnOpNJHm7I\/AAAAAAAADbc\/fHXIGV480T80np-Ok9ZE6FecUW9_EIUygCLcB\/s400\/GOPR3453.JPG?resize=350%2C200&ssl=1","width":350,"height":200},"classes":[]},{"id":1911,"url":"https:\/\/fliegerblog.rjs.de\/?p=1911","url_meta":{"origin":1925,"position":5},"title":"Alles neu, macht der &#8230; M\u00e4rz. Er\u00f6ffnung Windensaison 2022","date":"M\u00e4rz 27, 2022","format":false,"excerpt":"Heute habe ich f\u00fcr mich die Windensaision 2022 in Singhofen er\u00f6ffnet. Allerdings unter etwas ungew\u00f6hnlichen Umst\u00e4nden. Denn ich hatte sowohl einen neuen Schirm, aber auch eine neue Kamera und auch ein neues Auto dabei. Sogar eine neue \"Action\"-Hose, die ich mir auf Wunsch meiner Kidds (da 3 St\u00fcck Rabatt bedeutet\u2026","rel":"","context":"\u00c4hnlicher Beitrag","img":{"alt_text":"","src":"https:\/\/i0.wp.com\/blogger.googleusercontent.com\/img\/b\/R29vZ2xl\/AVvXsEi864OWRj-ZZ5yDK107RTv7R-X7EvhttzNKdecKQghEYUnf3hGOSBVFBEfzvYW8-AMQz88I5doVnDx1EsrakiPCOovnf2ibtjB7QOpCZBMiwzShdSfmzk1GDkA8JuFoBZW85_9g8CaNnG-A-8slcRT4wcIdWkDCGgC1YvyDXUuQYZ9IpKSJh4vF5O_Fmg\/s320\/SING0002.JPG?resize=350%2C200&ssl=1","width":350,"height":200},"classes":[]}],"_links":{"self":[{"href":"https:\/\/fliegerblog.rjs.de\/index.php?rest_route=\/wp\/v2\/posts\/1925","targetHints":{"allow":["GET"]}}],"collection":[{"href":"https:\/\/fliegerblog.rjs.de\/index.php?rest_route=\/wp\/v2\/posts"}],"about":[{"href":"https:\/\/fliegerblog.rjs.de\/index.php?rest_route=\/wp\/v2\/types\/post"}],"author":[{"embeddable":true,"href":"https:\/\/fliegerblog.rjs.de\/index.php?rest_route=\/wp\/v2\/users\/1"}],"replies":[{"embeddable":true,"href":"https:\/\/fliegerblog.rjs.de\/index.php?rest_route=%2Fwp%2Fv2%2Fcomments&post=1925"}],"version-history":[{"count":1,"href":"https:\/\/fliegerblog.rjs.de\/index.php?rest_route=\/wp\/v2\/posts\/1925\/revisions"}],"predecessor-version":[{"id":1926,"href":"https:\/\/fliegerblog.rjs.de\/index.php?rest_route=\/wp\/v2\/posts\/1925\/revisions\/1926"}],"wp:attachment":[{"href":"https:\/\/fliegerblog.rjs.de\/index.php?rest_route=%2Fwp%2Fv2%2Fmedia&parent=1925"}],"wp:term":[{"taxonomy":"category","embeddable":true,"href":"https:\/\/fliegerblog.rjs.de\/index.php?rest_route=%2Fwp%2Fv2%2Fcategories&post=1925"},{"taxonomy":"post_tag","embeddable":true,"href":"https:\/\/fliegerblog.rjs.de\/index.php?rest_route=%2Fwp%2Fv2%2Ftags&post=1925"}],"curies":[{"name":"wp","href":"https:\/\/api.w.org\/{rel}","templated":true}]}}