{"id":192,"date":"2009-06-21T20:51:08","date_gmt":"2009-06-21T19:51:08","guid":{"rendered":"http:\/\/www.rjs.de\/fliegerblog\/?p=192"},"modified":"2009-06-21T20:51:08","modified_gmt":"2009-06-21T19:51:08","slug":"versuch-schien-es-wert","status":"publish","type":"post","link":"https:\/\/fliegerblog.rjs.de\/?p=192","title":{"rendered":"Versuch schien es wert"},"content":{"rendered":"<p>Heute schien es zwischen 16:00 &#8211; 19:00 Uhr einen Versuch am Hang in MF wert. Gerade zwischen 2 Regenphasen. Aber der Wind war zu schwach und zu westlich. Konnte mich gerade mal einen m\u00fcden Abgleiter raushauen \ud83d\ude41<\/p>\n","protected":false},"excerpt":{"rendered":"<p>Heute schien es zwischen 16:00 &#8211; 19:00 Uhr einen Versuch am Hang in MF wert. Gerade zwischen 2 Regenphasen. Aber der Wind war zu schwach und zu westlich. Konnte mich gerade mal einen m\u00fcden Abgleiter raushauen \ud83d\ude41<\/p>\n","protected":false},"author":1,"featured_media":0,"comment_status":"open","ping_status":"open","sticky":false,"template":"","format":"standard","meta":{"jetpack_post_was_ever_published":false,"footnotes":"","jetpack_publicize_message":"","jetpack_is_tweetstorm":false,"jetpack_publicize_feature_enabled":true,"jetpack_social_options":[]},"categories":[2],"tags":[],"class_list":["post-192","post","type-post","status-publish","format-standard","hentry","category-allgemein"],"jetpack_publicize_connections":[],"jetpack_featured_media_url":"","jetpack_shortlink":"https:\/\/wp.me\/p788kK-36","jetpack-related-posts":[{"id":14,"url":"https:\/\/fliegerblog.rjs.de\/?p=14","url_meta":{"origin":192,"position":0},"title":"Einen Versuch schien es wert&#8230;","date":"Dezember 19, 2008","format":false,"excerpt":"aber der Versuch hat sich nicht gelohnt. Au\u00dfer kurzem Aufziehen nix drin. Zu viel West und vor allen Dingen Wind zu stark bzw. b\u00f6ig.","rel":"","context":"In &quot;Allgemein&quot;","img":{"alt_text":"","src":"","width":0,"height":0},"classes":[]},{"id":1497,"url":"https:\/\/fliegerblog.rjs.de\/?p=1497","url_meta":{"origin":192,"position":1},"title":"Auf Kurs","date":"September 16, 2018","format":false,"excerpt":"\u00a0 F\u00fcr heute war von den GFT wieder Schleppen in Singhofen angesetzt. Zuammen mit einem Kurs. Aber da bei dem Kurs nur 6 Flugsch\u00fcler angek\u00fcndigt waren und auch kaum Freiflieger von uns sich gemeldet hatten, bin ich hin. Zwar wollte ich aus famili\u00e4ren Gr\u00fcnden nicht den ganzen Tag da bleiben,\u2026","rel":"","context":"\u00c4hnlicher Beitrag","img":{"alt_text":"","src":"https:\/\/i0.wp.com\/1.bp.blogspot.com\/-ReSxig1HnrU\/W55q6z1_7SI\/AAAAAAAAEFo\/GCLFFv-ow7cQM3rCDob-KVfAtxFeiAboACLcBGAs\/s320\/GOPR3649.JPG?resize=350%2C200&ssl=1","width":350,"height":200},"classes":[]},{"id":716,"url":"https:\/\/fliegerblog.rjs.de\/?p=716","url_meta":{"origin":192,"position":2},"title":"Vor-Silverster-Fliegen","date":"Dezember 30, 2013","format":false,"excerpt":"Wir waren heute um 14:00 Uhr in Reichenbach, denn es gab S\u00fcdwind und Sonne. Vor Ort haben wir uns aber spontan f\u00fcr Eschbach umentschieden, denn es schien von unten etwas Osttendenz da zu sein und in Eschbach geht es einfach um Welten besser, wenn der Wind da richtig auf dem\u2026","rel":"","context":"In &quot;Allgemein&quot;","img":{"alt_text":"","src":"","width":0,"height":0},"classes":[]},{"id":1647,"url":"https:\/\/fliegerblog.rjs.de\/?p=1647","url_meta":{"origin":192,"position":3},"title":"Kurzschlepps die Zweite","date":"August 3, 2019","format":false,"excerpt":"Nachdem das Testival in Asslar aufgrund der Wetterprognosen abgesagt wurde (gerade wegen den Aussichten f\u00fcr Samstag), war ich f\u00fcr heute eigentlich nicht auf Fliegen eingestellt. Zumal eine Familienveranstaltung am Vormittag es sowieso zu sp\u00e4t f\u00fcr ein Schleppen in Singhofen gemacht h\u00e4tte, was auch erstmal angesetzt war. und dann doch abgesagt\u2026","rel":"","context":"\u00c4hnlicher Beitrag","img":{"alt_text":"","src":"https:\/\/i0.wp.com\/3.bp.blogspot.com\/-jLvON9O6wl0\/XUWqGQ4JbmI\/AAAAAAAAE8A\/zpEuVKv8_DkhAgfbyhjfEN9ZnqTR2aAPwCLcBGAs\/s320\/GOPR0415.JPG?resize=350%2C200&ssl=1","width":350,"height":200},"classes":[]},{"id":888,"url":"https:\/\/fliegerblog.rjs.de\/?p=888","url_meta":{"origin":192,"position":4},"title":"H\u00e4ngchen wechsel Dich","date":"Februar 4, 2015","format":false,"excerpt":"Es war schon am Wochenende absehbar, dass es heute Nordwind gibt. Und ich einen Werkstatttermin f\u00fcr mein Auto :-(. Ich hatte einen ziemlichen Hals, aber die Werkstatt hat fix gearbeitet und ich konnte um 12:00 Uhr mein Auto wieder abholen. Um 13:30 Uhr war ich also doch noch in MFK\u2026","rel":"","context":"In &quot;Allgemein&quot;","img":{"alt_text":"","src":"https:\/\/i0.wp.com\/1.bp.blogspot.com\/-oRthbNSgfaA\/VNJWY7YLLiI\/AAAAAAAACTc\/tsJs6V1JdTQ\/s1600\/IMG_20150204_141754.jpg?resize=350%2C200","width":350,"height":200},"classes":[]},{"id":1110,"url":"https:\/\/fliegerblog.rjs.de\/?p=1110","url_meta":{"origin":192,"position":5},"title":"Schwach begonnen, aber dann ging es doch gut ab","date":"Februar 12, 2016","format":false,"excerpt":"Als ich kurz vor 12:00 Uhr in Eschbach am Hang ankam, war da nur ein Flieger vor Ort. Der hatte schon eine Weile gewartet und da gerade erst ausgepackt. Ich habe daher sogar den ersten Versuch des Tages gestartet. Der Wind war allerdings ziemlich schwach und ab 13:00 Uhr war\u2026","rel":"","context":"\u00c4hnlicher Beitrag","img":{"alt_text":"","src":"https:\/\/i0.wp.com\/1.bp.blogspot.com\/-9pFG-kaDAQ0\/Vr4bgqCahYI\/AAAAAAAAC2k\/RRVBTot1jrM\/s320\/IMG_20160212_125430.jpg?resize=350%2C200&ssl=1","width":350,"height":200},"classes":[]}],"_links":{"self":[{"href":"https:\/\/fliegerblog.rjs.de\/index.php?rest_route=\/wp\/v2\/posts\/192","targetHints":{"allow":["GET"]}}],"collection":[{"href":"https:\/\/fliegerblog.rjs.de\/index.php?rest_route=\/wp\/v2\/posts"}],"about":[{"href":"https:\/\/fliegerblog.rjs.de\/index.php?rest_route=\/wp\/v2\/types\/post"}],"author":[{"embeddable":true,"href":"https:\/\/fliegerblog.rjs.de\/index.php?rest_route=\/wp\/v2\/users\/1"}],"replies":[{"embeddable":true,"href":"https:\/\/fliegerblog.rjs.de\/index.php?rest_route=%2Fwp%2Fv2%2Fcomments&post=192"}],"version-history":[{"count":0,"href":"https:\/\/fliegerblog.rjs.de\/index.php?rest_route=\/wp\/v2\/posts\/192\/revisions"}],"wp:attachment":[{"href":"https:\/\/fliegerblog.rjs.de\/index.php?rest_route=%2Fwp%2Fv2%2Fmedia&parent=192"}],"wp:term":[{"taxonomy":"category","embeddable":true,"href":"https:\/\/fliegerblog.rjs.de\/index.php?rest_route=%2Fwp%2Fv2%2Fcategories&post=192"},{"taxonomy":"post_tag","embeddable":true,"href":"https:\/\/fliegerblog.rjs.de\/index.php?rest_route=%2Fwp%2Fv2%2Ftags&post=192"}],"curies":[{"name":"wp","href":"https:\/\/api.w.org\/{rel}","templated":true}]}}