{"id":1918,"date":"2022-04-14T19:11:28","date_gmt":"2022-04-14T19:11:28","guid":{"rendered":"https:\/\/fliegerblog.rjs.de\/?p=1918"},"modified":"2022-04-16T11:21:45","modified_gmt":"2022-04-16T11:21:45","slug":"ein-komplettes-jahr-ist-es-her","status":"publish","type":"post","link":"https:\/\/fliegerblog.rjs.de\/?p=1918","title":{"rendered":"Ein komplettes Jahr ist es her, &#8230;"},"content":{"rendered":"<p>&#8230; seit ich das\u00a0 letzte Mal am MFK war. Unglaublich, denn bis dahin war ich im Schnitt 1x -2x pro Monat an dem Hang. \u00dcber viele Jahre. Aber der Hang ist mittlerweile im Sommer komplett gesperrt und nur mit viel Gl\u00fcck konnten wir den April noch raushandeln. Normalerweise w\u00e4re der Hang schon zum 1. April wieder zugemacht worden. So habe ich es heute aber endlich mal wieder an meinen absoluten Lieblingshang geschafft. Der Wind war ziemlich moderat, aber es war sch\u00f6n sonnig, man konnte gut spielen und ein halbwegs brauchbarer Flug von ganz oben war auch dabei. Mit etwas Gl\u00fcck passt es morgen nochmal f\u00fcr den Hang und dann war es das vermutlich wieder f\u00fcr ein halbes Jahr :-(.<\/p>\n<p><iframe loading=\"lazy\" title=\"YouTube video player\" src=\"https:\/\/www.youtube.com\/embed\/BKSDw1bIl3I\" width=\"560\" height=\"315\" frameborder=\"0\" allowfullscreen=\"allowfullscreen\"><\/iframe><\/p>\n","protected":false},"excerpt":{"rendered":"<p>&#8230; seit ich das\u00a0 letzte Mal am MFK war. Unglaublich, denn bis dahin war ich im Schnitt 1x -2x pro Monat an dem Hang. \u00dcber viele Jahre. Aber der Hang ist mittlerweile im Sommer komplett gesperrt und nur mit viel Gl\u00fcck konnten wir den April noch raushandeln. Normalerweise w\u00e4re der Hang schon zum 1. April &hellip; <a href=\"https:\/\/fliegerblog.rjs.de\/?p=1918\" class=\"more-link\"><span class=\"screen-reader-text\">\u201eEin komplettes Jahr ist es her, &#8230;\u201c<\/span> weiterlesen<\/a><\/p>\n","protected":false},"author":1,"featured_media":0,"comment_status":"closed","ping_status":"open","sticky":false,"template":"","format":"standard","meta":{"jetpack_post_was_ever_published":false,"footnotes":"","jetpack_publicize_message":"","jetpack_is_tweetstorm":false,"jetpack_publicize_feature_enabled":true,"jetpack_social_options":[]},"categories":[1],"tags":[],"class_list":["post-1918","post","type-post","status-publish","format-standard","hentry","category-uncategorized"],"jetpack_publicize_connections":[],"jetpack_featured_media_url":"","jetpack_shortlink":"https:\/\/wp.me\/p788kK-uW","jetpack-related-posts":[{"id":16,"url":"https:\/\/fliegerblog.rjs.de\/?p=16","url_meta":{"origin":1918,"position":0},"title":"Mal wieder in der Kreuznacher Ecke","date":"November 8, 2008","format":false,"excerpt":"Heute war wieder SW angek\u00fcndigt. Ich habe lange hin-und-her-\u00fcberlegt, ob ich wie \u00fcblich nach Reichenbach oder endlich mal wieder mit in die Kreuznacher Ecke gehen sollte. Es gab mal wieder 2 Fraktionen: 1 f\u00fcr Reichenbach und 1 f\u00fcr eben Kreuznach. Heute hab ich mal seit langer Zeit f\u00fcr die 2.\u2026","rel":"","context":"In &quot;Allgemein&quot;","img":{"alt_text":"","src":"https:\/\/i0.wp.com\/img.youtube.com\/vi\/ejCbRu4H4DU\/0.jpg?resize=350%2C200","width":350,"height":200},"classes":[]},{"id":2121,"url":"https:\/\/fliegerblog.rjs.de\/?p=2121","url_meta":{"origin":1918,"position":1},"title":"Kam, sah, flog","date":"Oktober 5, 2024","format":false,"excerpt":"Nachdem wir vorgestern in Singhofen die Hosen zu voll hatten, um bei den Bedingungen an der Winde zu starten, ging es gestern wohl gut da. Es war aber m.W. nur ein Flieger vor Ort. Der hatte wohl Spass und ich wieder einmal den A... nicht hochbekommen, um dahinzufahren. Aber Singhofen\u2026","rel":"","context":"\u00c4hnlicher Beitrag","img":{"alt_text":"","src":"https:\/\/i0.wp.com\/blogger.googleusercontent.com\/img\/b\/R29vZ2xl\/AVvXsEjEoETA-F4DR39FUO2c0nonrcXLn6k6vTBJ0MCeJ12X78XvleCvPxStXEWdXm4G-GT9nW4Edz_6WVq9ORE3AceDuX-PE9b5GJDEtN7rPnImcxbd2jix7YyjwrbraAKSle8oBLTo2in97v858DcrClYs1fiegr8-S0wQBkAzdXzF-X25iamFgf4Cwq_q3lTS\/s320\/WhatsApp%20Image%202024-10-05%20at%2016.41.20.jpeg?resize=350%2C200&ssl=1","width":350,"height":200},"classes":[]},{"id":1491,"url":"https:\/\/fliegerblog.rjs.de\/?p=1491","url_meta":{"origin":1918,"position":2},"title":"Long time not seen","date":"September 1, 2018","format":false,"excerpt":"Oh man - ich war den gesamten August nicht in der Luft. Zumindest nicht mit dem Gleitschirm (das Flugzeug nach Jersey und zur\u00fcck z\u00e4hlt nicht wirklich). Wobei Urlaub durchaus eine akzeptable Alternative ist, aber dennoch - die anderen 2 Wochen h\u00e4tte es ja mal klappen k\u00f6nnen und so eine L\u00fccke\u2026","rel":"","context":"\u00c4hnlicher Beitrag","img":{"alt_text":"","src":"https:\/\/i0.wp.com\/3.bp.blogspot.com\/-ZcoJAiukdD4\/W4rlRl9ATLI\/AAAAAAAAEEw\/QGsPO1oA6UIe3Ssw7OVM0Ufz0-5Hq5XBACLcBGAs\/s320\/GOPR3538.JPG?resize=350%2C200&ssl=1","width":350,"height":200},"classes":[]},{"id":1874,"url":"https:\/\/fliegerblog.rjs.de\/?p=1874","url_meta":{"origin":1918,"position":3},"title":"November, S\u00fcdwind, Sonne und ganz viel los am Spielhang","date":"November 6, 2021","format":false,"excerpt":"Heute hat sich der Tag am Hang mal wieder richtig gelohnt. F\u00fcr November relativ warm, Aussichten auf recht guten S\u00fcdwind und vor allen Dingen sehr viel Sonne in den h\u00f6heren Lagen haben \u00fcber den Nachmittag eine ganze Armee an Fliegern an den Hang in Reichenbach gelockt. Sch\u00e4tze, dass wir gut\u2026","rel":"","context":"\u00c4hnlicher Beitrag","img":{"alt_text":"","src":"https:\/\/i0.wp.com\/1.bp.blogspot.com\/-a2xsMY-OEk0\/YYbGKlbpLyI\/AAAAAAAAGas\/pKMiAF9yzyk-APi2yXzNbNFYD_AUEqrtACLcBGAsYHQ\/w400-h300\/20211106_131534.JPG?resize=350%2C200&ssl=1","width":350,"height":200},"classes":[]},{"id":1806,"url":"https:\/\/fliegerblog.rjs.de\/?p=1806","url_meta":{"origin":1918,"position":4},"title":"Pers\u00f6nlicher H\u00f6henrekord in AH","date":"Mai 29, 2021","format":false,"excerpt":"\u00a0 Ich denke, dass ich gut 2 Jahre nicht mehr in Arnoldshain geflogen bin. Aber da die f\u00fcr heute geplante Er\u00f6ffnung der Schleppsaison bei der Schleppgemeinschaft Rheinhessen kurzfristig wegen dem Anstieg der Corona-Zahlen im Landkreis abgesagt werden musste, bin ich nach Arnoldshain. Im Moment gibt es sowieso kaum Alternativen, weil\u2026","rel":"","context":"\u00c4hnlicher Beitrag","img":{"alt_text":"","src":"https:\/\/i0.wp.com\/1.bp.blogspot.com\/-7BAQ-gzpIE8\/YLJVuThN6sI\/AAAAAAAAGDo\/E4n3kkEpkfcANezO_rqfUT3FCzx_jqePgCLcBGAsYHQ\/w640-h480\/IMG_20210529_132019.jpg?resize=350%2C200&ssl=1","width":350,"height":200},"classes":[]},{"id":1882,"url":"https:\/\/fliegerblog.rjs.de\/?p=1882","url_meta":{"origin":1918,"position":5},"title":"Neujahrsspringen","date":"Januar 1, 2022","format":false,"excerpt":"Es ist ein D\u00e9j\u00e0-vu, dass es jedes Jahr in der Winterzeit d\u00fcnn mit Fliegen wird. Gute bzw. schlechte Gr\u00fcnde gibt es immer die gleichen. Auch die Einschr\u00e4nkungen durch Corona sind ja aus dem letzten Winter schon vorhanden. Die\u00a0 wirken sich zwar bei mir nur begrenzt auf das Gleitschirmfliegen aus, verhindern\u2026","rel":"","context":"\u00c4hnlicher Beitrag","img":{"alt_text":"","src":"https:\/\/i0.wp.com\/fliegerblog.rjs.de\/wp-content\/uploads\/2022\/01\/reichenbach1641034321.318867.jpg?resize=350%2C200","width":350,"height":200},"classes":[]}],"_links":{"self":[{"href":"https:\/\/fliegerblog.rjs.de\/index.php?rest_route=\/wp\/v2\/posts\/1918","targetHints":{"allow":["GET"]}}],"collection":[{"href":"https:\/\/fliegerblog.rjs.de\/index.php?rest_route=\/wp\/v2\/posts"}],"about":[{"href":"https:\/\/fliegerblog.rjs.de\/index.php?rest_route=\/wp\/v2\/types\/post"}],"author":[{"embeddable":true,"href":"https:\/\/fliegerblog.rjs.de\/index.php?rest_route=\/wp\/v2\/users\/1"}],"replies":[{"embeddable":true,"href":"https:\/\/fliegerblog.rjs.de\/index.php?rest_route=%2Fwp%2Fv2%2Fcomments&post=1918"}],"version-history":[{"count":2,"href":"https:\/\/fliegerblog.rjs.de\/index.php?rest_route=\/wp\/v2\/posts\/1918\/revisions"}],"predecessor-version":[{"id":1922,"href":"https:\/\/fliegerblog.rjs.de\/index.php?rest_route=\/wp\/v2\/posts\/1918\/revisions\/1922"}],"wp:attachment":[{"href":"https:\/\/fliegerblog.rjs.de\/index.php?rest_route=%2Fwp%2Fv2%2Fmedia&parent=1918"}],"wp:term":[{"taxonomy":"category","embeddable":true,"href":"https:\/\/fliegerblog.rjs.de\/index.php?rest_route=%2Fwp%2Fv2%2Fcategories&post=1918"},{"taxonomy":"post_tag","embeddable":true,"href":"https:\/\/fliegerblog.rjs.de\/index.php?rest_route=%2Fwp%2Fv2%2Ftags&post=1918"}],"curies":[{"name":"wp","href":"https:\/\/api.w.org\/{rel}","templated":true}]}}