{"id":1913,"date":"2022-04-02T11:04:53","date_gmt":"2022-04-02T11:04:53","guid":{"rendered":"https:\/\/fliegerblog.rjs.de\/?p=1913"},"modified":"2022-04-02T11:04:53","modified_gmt":"2022-04-02T11:04:53","slug":"schirmtausch","status":"publish","type":"post","link":"https:\/\/fliegerblog.rjs.de\/?p=1913","title":{"rendered":"Schirmtausch"},"content":{"rendered":"<div class=\"separator\" style=\"clear: both; text-align: center;\"><a style=\"clear: left; float: left; margin-bottom: 1em; margin-right: 1em;\" href=\"https:\/\/i0.wp.com\/blogger.googleusercontent.com\/img\/b\/R29vZ2xl\/AVvXsEiJgEuapn3ouESshGDCmnNOC_J7NkNHYxAz8lc9Zo1Lsf65m0X7MiDK9UHVIV9acgnyOGh89G1EVC8UGBMyZ6Blyvu9QKv538O4qbI2I1b0MoLRnjr0Xm-q9yDJvnPPD2KAb7pN1S-VA7sLvZafwI2uwE_q63pu_hMEaasZorP6Eb0tR7fHwl7UV9r3eA\/s1913\/Zwischenablage01.png?ssl=1\"><img loading=\"lazy\" decoding=\"async\" src=\"https:\/\/i0.wp.com\/blogger.googleusercontent.com\/img\/b\/R29vZ2xl\/AVvXsEiJgEuapn3ouESshGDCmnNOC_J7NkNHYxAz8lc9Zo1Lsf65m0X7MiDK9UHVIV9acgnyOGh89G1EVC8UGBMyZ6Blyvu9QKv538O4qbI2I1b0MoLRnjr0Xm-q9yDJvnPPD2KAb7pN1S-VA7sLvZafwI2uwE_q63pu_hMEaasZorP6Eb0tR7fHwl7UV9r3eA\/w400-h225\/Zwischenablage01.png?resize=400%2C225&#038;ssl=1\" width=\"400\" height=\"225\" border=\"0\" data-original-height=\"1079\" data-original-width=\"1913\" data-recalc-dims=\"1\" \/><\/a><\/div>\n<p>Mein Buteo ist vom Check bzw. der Reparatur zur\u00fcck. Auch wenn da Einiges gemacht werden musste &#8211; er hat wieder 2 Jahre Check. Mein Leihschirm (auch ein Buteo) geht wieder zur\u00fcck. Ich hatte den nur 1x beim Schleppen letztes Wochenende im Einsatz und daf\u00fcr war die Leihgeb\u00fchr (Pauschale f\u00fcr Versand und Reinigung etc.) recht hoch. Aber der Flugtag war mir wichtiger als die paar M\u00e4use und deshalb alles ok.<\/p>\n<p>Theoretisch ist morgen Schleppen in Wallertheim angesetzt und da gehe ich sowieso nur mit meinem eigenen Schirm hin (durch den Acker kann ein Schirm da ziemlich dreckig werden). Aber in Anbetracht der Tatsache, dass es bis in die tiefsten T\u00e4ler geschneit hat und der Schnee zum Teil sogar liegenbleibt, gehe ich von einem Ausfall morgen aus. Schon irre &#8211; letztes Wochenende waren T-Shirt und kurze Hosen angesagt und an dem Wochenende ist es einfach nur saukalt.<\/p>\n","protected":false},"excerpt":{"rendered":"<p>Mein Buteo ist vom Check bzw. der Reparatur zur\u00fcck. Auch wenn da Einiges gemacht werden musste &#8211; er hat wieder 2 Jahre Check. Mein Leihschirm (auch ein Buteo) geht wieder zur\u00fcck. Ich hatte den nur 1x beim Schleppen letztes Wochenende im Einsatz und daf\u00fcr war die Leihgeb\u00fchr (Pauschale f\u00fcr Versand und Reinigung etc.) recht hoch. &hellip; <a href=\"https:\/\/fliegerblog.rjs.de\/?p=1913\" class=\"more-link\"><span class=\"screen-reader-text\">\u201eSchirmtausch\u201c<\/span> weiterlesen<\/a><\/p>\n","protected":false},"author":1,"featured_media":0,"comment_status":"closed","ping_status":"open","sticky":false,"template":"","format":"standard","meta":{"jetpack_post_was_ever_published":false,"footnotes":"","jetpack_publicize_message":"","jetpack_is_tweetstorm":false,"jetpack_publicize_feature_enabled":true,"jetpack_social_options":[]},"categories":[1],"tags":[],"class_list":["post-1913","post","type-post","status-publish","format-standard","hentry","category-uncategorized"],"jetpack_publicize_connections":[],"jetpack_featured_media_url":"","jetpack_shortlink":"https:\/\/wp.me\/p788kK-uR","jetpack-related-posts":[{"id":2110,"url":"https:\/\/fliegerblog.rjs.de\/?p=2110","url_meta":{"origin":1913,"position":0},"title":"Wildcat verkauft","date":"September 5, 2024","format":false,"excerpt":"Ich habe auf ebay f\u00fcr kleines Geld die Wildcat verkauft. Der Schirm hat schon \u00fcber 6 Jahre keinen Check mehr und ich habe ihn eigentlich nur f\u00fcr K\u00fcstenfliegen aufgehoben. In der Tat kam der Schirm auch vor einigen Wochen in Zoutelande einmal beim Groundhandlen am Strand zum Einsatz, aber letztendlich\u2026","rel":"","context":"\u00c4hnlicher Beitrag","img":{"alt_text":"","src":"https:\/\/i0.wp.com\/blogger.googleusercontent.com\/img\/b\/R29vZ2xl\/AVvXsEhUHgbWVkiW5Rlf5aIiurTItJrsCQAisFae37d_ZJft3PGXpab0Utm3ZyyxwHklm6bt7YTZXyE3nRrHAGEU7zuMbKdLRJsDDKhc9HWY5w1k07WgNd0LEUyUl61Z0pCN1KteXwY3FcMLEniU9PK_U-pG-SDJn_70ns4wakC03MaiEhW2Nk4PWPabA_aXD5o9\/w400-h300\/s-l16002.jpg?resize=350%2C200&ssl=1","width":350,"height":200},"classes":[]},{"id":1793,"url":"https:\/\/fliegerblog.rjs.de\/?p=1793","url_meta":{"origin":1913,"position":1},"title":"Handlen der Wildcat","date":"M\u00e4rz 22, 2021","format":false,"excerpt":"Meine Rettung ist wieder da, aber mein Buteo immer noch bei der Nachpr\u00fcfung. Heute war aber guter Nordwind angesagt und ich wollte endlich mal wieder raus, um dem Corona-Gef\u00e4ngnis tempor\u00e4r zu entfliehen. Daher bin ich gegen 14:00 Uhr am MF angekommen. Schon von Weitem habe ich bei der Anfahrt einen\u2026","rel":"","context":"\u00c4hnlicher Beitrag","img":{"alt_text":"","src":"","width":0,"height":0},"classes":[]},{"id":1911,"url":"https:\/\/fliegerblog.rjs.de\/?p=1911","url_meta":{"origin":1913,"position":2},"title":"Alles neu, macht der &#8230; M\u00e4rz. Er\u00f6ffnung Windensaison 2022","date":"M\u00e4rz 27, 2022","format":false,"excerpt":"Heute habe ich f\u00fcr mich die Windensaision 2022 in Singhofen er\u00f6ffnet. Allerdings unter etwas ungew\u00f6hnlichen Umst\u00e4nden. Denn ich hatte sowohl einen neuen Schirm, aber auch eine neue Kamera und auch ein neues Auto dabei. Sogar eine neue \"Action\"-Hose, die ich mir auf Wunsch meiner Kidds (da 3 St\u00fcck Rabatt bedeutet\u2026","rel":"","context":"\u00c4hnlicher Beitrag","img":{"alt_text":"","src":"https:\/\/i0.wp.com\/blogger.googleusercontent.com\/img\/b\/R29vZ2xl\/AVvXsEi864OWRj-ZZ5yDK107RTv7R-X7EvhttzNKdecKQghEYUnf3hGOSBVFBEfzvYW8-AMQz88I5doVnDx1EsrakiPCOovnf2ibtjB7QOpCZBMiwzShdSfmzk1GDkA8JuFoBZW85_9g8CaNnG-A-8slcRT4wcIdWkDCGgC1YvyDXUuQYZ9IpKSJh4vF5O_Fmg\/s320\/SING0002.JPG?resize=350%2C200&ssl=1","width":350,"height":200},"classes":[]},{"id":1500,"url":"https:\/\/fliegerblog.rjs.de\/?p=1500","url_meta":{"origin":1913,"position":3},"title":"Wildcat reloaded","date":"September 27, 2018","format":false,"excerpt":"Dieses Jahr wollte ich mit der Arbeit etwas k\u00fcrzer treten und vor allen Dingen Schulungen einschr\u00e4nken - vor allen Dingen solche, wo ich weiter anreisen muss. Resultat der Bem\u00fchungen - ich arbeite mir dieses Jahr den Wolf und die Anzahl der Schulungen scheint zu explodieren. Folge - ich kam dieses\u2026","rel":"","context":"\u00c4hnlicher Beitrag","img":{"alt_text":"","src":"https:\/\/i0.wp.com\/3.bp.blogspot.com\/-zfvuMaWMFaQ\/W60htTtCZkI\/AAAAAAAAEG8\/Sos6Rry8ligbIUCW76bBflDsNSXoTMSSQCLcBGAs\/s320\/GOPR3713.JPG?resize=350%2C200&ssl=1","width":350,"height":200},"classes":[]},{"id":2137,"url":"https:\/\/fliegerblog.rjs.de\/?p=2137","url_meta":{"origin":1913,"position":4},"title":"Schirm weg","date":"M\u00e4rz 14, 2025","format":false,"excerpt":"Mein Buteo hat zwar letztes Jahr 2 Jahre Check bekommen, muss aber wegen der Luftdurchl\u00e4ssigkeitswerte dieses Jahr zur Zwischenkontrolle. Deshalb ist er gerade unterwegs. Aber die Bedingungen taugen im Moment sowieso nicht zum Fliegen und zudem habe ich viel Arbeit um die Ohren.","rel":"","context":"\u00c4hnlicher Beitrag","img":{"alt_text":"","src":"","width":0,"height":0},"classes":[]},{"id":2095,"url":"https:\/\/fliegerblog.rjs.de\/?p=2095","url_meta":{"origin":1913,"position":5},"title":"Wildcat &#038; Minicamper","date":"Mai 18, 2024","format":false,"excerpt":"Heute war wieder NW angesagt und damit der gleiche Strand bei Westkapelle. Aber die Aktion von gestern, bei der ich die gesamte Strecke mit dem Rad gefahren bin, wollte ich mir heute nicht mehr antun. Zumal das Wetter recht k\u00fchl und tr\u00fcbe am Anfang daherkam und ich mehr Sachen mitnehmen\u2026","rel":"","context":"\u00c4hnlicher Beitrag","img":{"alt_text":"","src":"https:\/\/i0.wp.com\/blogger.googleusercontent.com\/img\/b\/R29vZ2xl\/AVvXsEhOGkd1aZUIhcdnNPRnvPYW-_2ys7rhuyEjgQgs1fx_y_CAREwJo-pYXXnge8uh4eocD996rNPQO837AwlUIfivKDYcHNYLt7hrr_IoJw3E_BqBR3AK68Uv6E-JydlGZTIje83c60URpakvbJRIi4lPMxOBzamoAPk0Q1iCsqQLWazGIditqg7y0bauQ4IH\/s320\/WhatsApp%20Image%202024-05-18%20at%2017.46.38.jpeg?resize=350%2C200&ssl=1","width":350,"height":200},"classes":[]}],"_links":{"self":[{"href":"https:\/\/fliegerblog.rjs.de\/index.php?rest_route=\/wp\/v2\/posts\/1913","targetHints":{"allow":["GET"]}}],"collection":[{"href":"https:\/\/fliegerblog.rjs.de\/index.php?rest_route=\/wp\/v2\/posts"}],"about":[{"href":"https:\/\/fliegerblog.rjs.de\/index.php?rest_route=\/wp\/v2\/types\/post"}],"author":[{"embeddable":true,"href":"https:\/\/fliegerblog.rjs.de\/index.php?rest_route=\/wp\/v2\/users\/1"}],"replies":[{"embeddable":true,"href":"https:\/\/fliegerblog.rjs.de\/index.php?rest_route=%2Fwp%2Fv2%2Fcomments&post=1913"}],"version-history":[{"count":1,"href":"https:\/\/fliegerblog.rjs.de\/index.php?rest_route=\/wp\/v2\/posts\/1913\/revisions"}],"predecessor-version":[{"id":1914,"href":"https:\/\/fliegerblog.rjs.de\/index.php?rest_route=\/wp\/v2\/posts\/1913\/revisions\/1914"}],"wp:attachment":[{"href":"https:\/\/fliegerblog.rjs.de\/index.php?rest_route=%2Fwp%2Fv2%2Fmedia&parent=1913"}],"wp:term":[{"taxonomy":"category","embeddable":true,"href":"https:\/\/fliegerblog.rjs.de\/index.php?rest_route=%2Fwp%2Fv2%2Fcategories&post=1913"},{"taxonomy":"post_tag","embeddable":true,"href":"https:\/\/fliegerblog.rjs.de\/index.php?rest_route=%2Fwp%2Fv2%2Ftags&post=1913"}],"curies":[{"name":"wp","href":"https:\/\/api.w.org\/{rel}","templated":true}]}}