{"id":1833,"date":"2021-07-17T16:57:57","date_gmt":"2021-07-17T16:57:57","guid":{"rendered":"https:\/\/fliegerblog.rjs.de\/?p=1833"},"modified":"2021-07-17T16:57:57","modified_gmt":"2021-07-17T16:57:57","slug":"werfen-und-packen-der-rettung-ausser-der-reihe","status":"publish","type":"post","link":"https:\/\/fliegerblog.rjs.de\/?p=1833","title":{"rendered":"Werfen und packen der Rettung au\u00dfer der Reihe"},"content":{"rendered":"<p>&nbsp;<\/p>\n<div class=\"separator\"><a href=\"https:\/\/i0.wp.com\/1.bp.blogspot.com\/-di180BjEKhA\/YPMH-Dzz26I\/AAAAAAAAGNw\/OS28-xuQ4ZcB6ZJD-DrXjefow9KUZnS4gCLcBGAsYHQ\/s2048\/IMG_20210717_113355.jpg?ssl=1\"><img loading=\"lazy\" decoding=\"async\" class=\"alignleft\" src=\"https:\/\/i0.wp.com\/1.bp.blogspot.com\/-di180BjEKhA\/YPMH-Dzz26I\/AAAAAAAAGNw\/OS28-xuQ4ZcB6ZJD-DrXjefow9KUZnS4gCLcBGAsYHQ\/w400-h300\/IMG_20210717_113355.jpg?resize=400%2C300&#038;ssl=1\" width=\"400\" height=\"300\" border=\"0\" data-original-height=\"1536\" data-original-width=\"2048\" data-recalc-dims=\"1\" \/><\/a><\/div>\n<p>Mein einer Verein veranstaltet seit ein paar Jahren jeden Winter in FFM in einer Schulturnhalle ein gemeinsames Packen der Rettung unter Aufsicht eines Fluglehrers samt vorangehendem Werfen der Rettung. Das nehme ich eigentlich sehr gerne und regelm\u00e4\u00dfig wahr, auch wenn ich zwischendurch meine Rettung immer wieder mal zum Packen an Profis \u00fcbergebe.<\/p>\n<p>Corona-bedingt ist der Termin dieses Jahr aber ausgefallen. Daf\u00fcr wurde er an diesem Wochenende als Nachholtermin angesetzt. Ziemlich ungew\u00f6hnlich, weil w\u00e4hrend der Flugsaison. Ich habe mich dennoch f\u00fcr den Sonntag gemeldet &#8211; auch wenn ich erst im M\u00e4rz die Rettung hab packen lassen. Aber mehrmals im Jahr zu packen ist ja gar nicht schlecht.<\/p>\n<p>Ich finde es vor allen Dingen ganz wichtig, hin und wieder das Werfen der Rettung zu \u00fcben. Ebenso das Packen, denn obwohl ich einen Packschein habe und auch gesch\u00e4tzt mindestens 7x &#8211; 8x meine Rettungen schon selbst gepackt habe, vergesse ich immer wieder die einzelnen Schritte. Deshalb nehme ich das Angebot der Hilfe durch den Fluglehrer bei Bedarf gerne an.<\/p>\n<p>Nun war f\u00fcr den heutigen Samstag sowohl in Singhofen als auch Wallertheim Schleppen angesetzt, aber es hat sich schon gestern abgezeichnet, dass heute der Wind zu stark wird. Deshalb habe ich von Sonntag auf den heutigen Samstag umgeswitcht, um ggfs. den Sonntag f\u00fcr das Fliegen frei zu haben &#8211; wobei es wohl auch morgen ziemlich kr\u00e4ftig blasen soll.<\/p>\n<p>Anyway &#8211; ich hab mal wieder die Rettung geworfen und auch das Packen hat halbwegs funktioniert. Bis zum n\u00e4chsten Mal werde ich wohl die meisten Schritte wieder vergessen haben, aber vielleicht brennen die sich doch irgendwann ein.<\/p>\n<p>Die Sache hat heute auf jeden Fall wieder Spass gemacht &#8211; auch wenn der Tag wohl teuer wird. Der Fluglehrer hatte angeboten, sich die Gurtzeugeinstellungen anzusehen und zu korrigieren. Da ich eigentlich immer mit meinem aktuellen Gurtzeug am Rumstellen bin und nie richtig gl\u00fccklich mit den Einstellungen war, hab ich das Angebot angenommen. Seine Meinung &#8211; das Gurtzeug ist zu klein f\u00fcr mich. W\u00fcrde sich genau mit meinem Eindruck decken, dass ich eigentlich immer erst \u00fcber den Beinstrecker so halbwegs vern\u00fcnftig reinkomme. Und da das Teil sowieso schon 10 Jahre alt ist, \u00fcberlege ich jetzt die Anschaffung eines neuen Gurtzeugs.<\/p>\n","protected":false},"excerpt":{"rendered":"<p>&nbsp; Mein einer Verein veranstaltet seit ein paar Jahren jeden Winter in FFM in einer Schulturnhalle ein gemeinsames Packen der Rettung unter Aufsicht eines Fluglehrers samt vorangehendem Werfen der Rettung. Das nehme ich eigentlich sehr gerne und regelm\u00e4\u00dfig wahr, auch wenn ich zwischendurch meine Rettung immer wieder mal zum Packen an Profis \u00fcbergebe. Corona-bedingt ist &hellip; <a href=\"https:\/\/fliegerblog.rjs.de\/?p=1833\" class=\"more-link\"><span class=\"screen-reader-text\">\u201eWerfen und packen der Rettung au\u00dfer der Reihe\u201c<\/span> weiterlesen<\/a><\/p>\n","protected":false},"author":1,"featured_media":0,"comment_status":"closed","ping_status":"open","sticky":false,"template":"","format":"standard","meta":{"jetpack_post_was_ever_published":false,"footnotes":"","jetpack_publicize_message":"","jetpack_is_tweetstorm":false,"jetpack_publicize_feature_enabled":true,"jetpack_social_options":[]},"categories":[1],"tags":[],"class_list":["post-1833","post","type-post","status-publish","format-standard","hentry","category-uncategorized"],"jetpack_publicize_connections":[],"jetpack_featured_media_url":"","jetpack_shortlink":"https:\/\/wp.me\/p788kK-tz","jetpack-related-posts":[{"id":2055,"url":"https:\/\/fliegerblog.rjs.de\/?p=2055","url_meta":{"origin":1833,"position":0},"title":"Rettungwerfen DGLC","date":"Februar 25, 2024","format":false,"excerpt":"Es ist z.Z. einfach ein Graus. Ich will keine Ausreden suchen, aber bin nat\u00fcrlich angefressen, dass ich es ewig nicht mehr in die Luft geschafft habe. Das muss sich \u00e4ndern. Aber heute war mal wieder das Werfen der Rettung im Verein angesetzt. Wie \u00fcblich in einer Schulturnhallte in Frankfurt. Da\u2026","rel":"","context":"\u00c4hnlicher Beitrag","img":{"alt_text":"","src":"https:\/\/i0.wp.com\/blogger.googleusercontent.com\/img\/b\/R29vZ2xl\/AVvXsEjpVJhOoU-9yOceZYy2giO9ojG9NBtSbgVyssdshtdKgb8MJwva4GaucqeeI-opYj4JQHLsBQMVBPUtIw65fxJrfNrrgef13GjgcY_3okSWefwigafNAbEkY1XOjWFrpUPWJpAzb6Q3yhZ-zrFS7oqXTtS8fxWPDR0sn3OHINP4RxV6C6H2abqRohWWR94b\/w400-h300\/b1.jpeg?resize=350%2C200&ssl=1","width":350,"height":200},"classes":[]},{"id":1359,"url":"https:\/\/fliegerblog.rjs.de\/?p=1359","url_meta":{"origin":1833,"position":1},"title":"Rettung &#8211; Werfen und packen","date":"Januar 21, 2018","format":false,"excerpt":"Ich lass es immer zulange schleifen, die Rettung zu l\u00fcften. Seit ich die Evo2 neu habe, hat sie nicht 1x den Container verlassen. Und ich habe die Tage mit Erschrecken festgestellt, dass ich sie gar nicht 2017, sondern bereits 2016 gekauft hatte. L\u00fcften und neu packen war also mehr als\u2026","rel":"","context":"\u00c4hnlicher Beitrag","img":{"alt_text":"","src":"https:\/\/i0.wp.com\/3.bp.blogspot.com\/-1IvSlA_q08g\/WmThG1PzSVI\/AAAAAAAADsc\/6nZMjiui1gI_SiKo_GqeoIGIHo61qqEcACLcBGAs\/s320\/IMG_20180121_123216.jpg?resize=350%2C200&ssl=1","width":350,"height":200},"classes":[]},{"id":1117,"url":"https:\/\/fliegerblog.rjs.de\/?p=1117","url_meta":{"origin":1833,"position":2},"title":"Rettungsger\u00e4te-Wurtraining mit anschlie\u00dfendem Packen beim DGLC","date":"M\u00e4rz 5, 2016","format":false,"excerpt":"Wie schon die letzten Jahre hat mein einer Gleitschirmverein ein Wurftraining der Rettung mit anschlie\u00dfendem Packen angeboten. Zum Einen ist das n\u00fctzlich, um eben besagtes Werfen der Rettung zu \u00fcben und zudem kommt die Rettung aus dem Karton. Muss ja auch regelm\u00e4\u00dfig erfolgen, sonst klebt das Tuch immer mehr zusammen\u2026","rel":"","context":"\u00c4hnlicher Beitrag","img":{"alt_text":"","src":"https:\/\/i0.wp.com\/4.bp.blogspot.com\/-bHObSmMwAAc\/VtschNBIfCI\/AAAAAAAAC4U\/c3VTi57eacM\/s320\/IMG_20160305_135936.jpg?resize=350%2C200&ssl=1","width":350,"height":200},"classes":[]},{"id":2129,"url":"https:\/\/fliegerblog.rjs.de\/?p=2129","url_meta":{"origin":1833,"position":3},"title":"Wurf &#038; Pack","date":"M\u00e4rz 1, 2025","format":false,"excerpt":"Wie seit mittlerweile 13 Jahren um den Feb.\/M\u00e4rz herum fand heute beim DGLC in der Turnhalle in FFM-Sachsenhausen das Werfen und Packen der Rettung statt. Da nehme ich recht regelm\u00e4\u00dfig teil. Ich denke, dass ich das schon gut 10x gemacht habe. Urspr\u00fcnglich war die Veranstaltung f\u00fcr das letzte Wochenende geplant,\u2026","rel":"","context":"\u00c4hnlicher Beitrag","img":{"alt_text":"","src":"https:\/\/i0.wp.com\/blogger.googleusercontent.com\/img\/b\/R29vZ2xl\/AVvXsEhppDgiaDJSlIau8mf1k4nuCBYnMx0WV19tKgvBBndQi6EjaQseXNwvyxbDcekKfh8VPwYwrnFSiar3BZ2G_uepezc_Y8m87KampWDyRLe_zeVGb5pby_y_tv5OIet1ARkaEtlCabG3yZki61ZdJBDQ5zkdk9ccTr7ewSwZ8qgR9-5KoNORdJ7LWRPkM2je\/w400-h300\/WhatsApp%20Image%202025-03-01%20at%2016.38.09.jpeg?resize=350%2C200&ssl=1","width":350,"height":200},"classes":[]},{"id":883,"url":"https:\/\/fliegerblog.rjs.de\/?p=883","url_meta":{"origin":1833,"position":4},"title":"Rettungswerfen und -packen beim DGLC","date":"Januar 18, 2015","format":false,"excerpt":"Tja - wer konnte ahnen, dass heute gar nicht so schlechtes Flugwetter wird. In Reichenbach und Staudernheim sind sie gar nicht so schlecht geflogen, aber der DGLC hat f\u00fcr Anfang des Jahres in FFM zwei Termine f\u00fcr das Rettungswerfen und -packen angeboten und ich hatte mich f\u00fcr heute angemeldet. Meine\u2026","rel":"","context":"In &quot;Allgemein&quot;","img":{"alt_text":"","src":"","width":0,"height":0},"classes":[]},{"id":1566,"url":"https:\/\/fliegerblog.rjs.de\/?p=1566","url_meta":{"origin":1833,"position":5},"title":"Retter eingebaut","date":"M\u00e4rz 16, 2019","format":false,"excerpt":"Nachdem ich die Tage zu faul war, das j\u00e4hrliche Werfen und Packen der Rettung beim DGLC wahrzunehmen, habe ich die Rettung dieses Mal zum Packen eingeschickt. W\u00e4hrend ich in die Woche in Berlin war, kam der Retter zur\u00fcck und eben hab ich ihn wieder eingebaut. Jetzt muss nur wieder das\u2026","rel":"","context":"\u00c4hnlicher Beitrag","img":{"alt_text":"","src":"","width":0,"height":0},"classes":[]}],"_links":{"self":[{"href":"https:\/\/fliegerblog.rjs.de\/index.php?rest_route=\/wp\/v2\/posts\/1833","targetHints":{"allow":["GET"]}}],"collection":[{"href":"https:\/\/fliegerblog.rjs.de\/index.php?rest_route=\/wp\/v2\/posts"}],"about":[{"href":"https:\/\/fliegerblog.rjs.de\/index.php?rest_route=\/wp\/v2\/types\/post"}],"author":[{"embeddable":true,"href":"https:\/\/fliegerblog.rjs.de\/index.php?rest_route=\/wp\/v2\/users\/1"}],"replies":[{"embeddable":true,"href":"https:\/\/fliegerblog.rjs.de\/index.php?rest_route=%2Fwp%2Fv2%2Fcomments&post=1833"}],"version-history":[{"count":1,"href":"https:\/\/fliegerblog.rjs.de\/index.php?rest_route=\/wp\/v2\/posts\/1833\/revisions"}],"predecessor-version":[{"id":1834,"href":"https:\/\/fliegerblog.rjs.de\/index.php?rest_route=\/wp\/v2\/posts\/1833\/revisions\/1834"}],"wp:attachment":[{"href":"https:\/\/fliegerblog.rjs.de\/index.php?rest_route=%2Fwp%2Fv2%2Fmedia&parent=1833"}],"wp:term":[{"taxonomy":"category","embeddable":true,"href":"https:\/\/fliegerblog.rjs.de\/index.php?rest_route=%2Fwp%2Fv2%2Fcategories&post=1833"},{"taxonomy":"post_tag","embeddable":true,"href":"https:\/\/fliegerblog.rjs.de\/index.php?rest_route=%2Fwp%2Fv2%2Ftags&post=1833"}],"curies":[{"name":"wp","href":"https:\/\/api.w.org\/{rel}","templated":true}]}}