{"id":1829,"date":"2021-07-15T11:09:53","date_gmt":"2021-07-15T11:09:53","guid":{"rendered":"https:\/\/fliegerblog.rjs.de\/?p=1829"},"modified":"2021-07-15T11:15:04","modified_gmt":"2021-07-15T11:15:04","slug":"zuwachs-bei-der-flugelektronik","status":"publish","type":"post","link":"https:\/\/fliegerblog.rjs.de\/?p=1829","title":{"rendered":"Zuwachs bei der Flugelektronik"},"content":{"rendered":"<div class=\"separator\"><a href=\"https:\/\/i0.wp.com\/1.bp.blogspot.com\/-PXUz0GF_Hms\/YPAQ7wnwhWI\/AAAAAAAAGNU\/O-v35IVnJ9kTecRQlZfKMEZLbZsNJ_ARgCLcBGAsYHQ\/s1136\/Zwischenablage01.png?ssl=1\"><img decoding=\"async\" class=\"alignright\" src=\"https:\/\/i0.wp.com\/1.bp.blogspot.com\/-PXUz0GF_Hms\/YPAQ7wnwhWI\/AAAAAAAAGNU\/O-v35IVnJ9kTecRQlZfKMEZLbZsNJ_ARgCLcBGAsYHQ\/s320\/Zwischenablage01.png?w=320&#038;ssl=1\" border=\"0\" data-original-height=\"919\" data-original-width=\"1136\" data-recalc-dims=\"1\" \/><\/a>Bisher nutze ich als Vario ein altes Kobo mini (ein E-Book-Reader) mit angeflanschtem GPS-Sensor und XCSoar als Software. Befestigt habe ich den Kobo auf einem Flugcockpit. Diese zusammengebastelte Kombination hatte ich mir vor etwa 4 Jahren gekauft. Im Grunde funktioniert die Sache. So gar ziemlich gut, denn der Kobo hat ein grosses, scharfes Display und XCSoar ist eine extrem leistungsf\u00e4hige Software. Dazu l\u00e4uft der Kobo mit einer Aufladung sehr, sehr lange.<\/div>\n<p>Aber der Teufel steckt im Detail und in der Praxis bin ich nicht gl\u00fccklich mit dieser Ausstattung. Ich habe so einige Probleme genau genommen.<\/p>\n<ol>\n<li>Das Flugcockpit dreht sich oft nach unten und dann kann ich das Display nicht mehr erkennen.<\/li>\n<li>Der Kobo wird mit einem Touchscreen bedient und ich komme immer wieder aus Versehen auf den Screen und dann verstellt sich alles.<\/li>\n<li>Der GPS-Sensor wird mit einem Druckknopf oben eingeschaltet. Und halt auch ausgeschaltet. Beim Start an der Winde dr\u00fcckt immer wieder irgendwas vom Gurtzeug oder Cockpit da drauf und schon ist der Sensor aus.<\/li>\n<\/ol>\n<div class=\"separator\"><a href=\"https:\/\/i0.wp.com\/1.bp.blogspot.com\/-M7Z-pDagxyE\/YPAPj5BxLSI\/AAAAAAAAGNM\/EQHvIY-NpyseNjloWrI4ukiTqJpRjncFgCLcBGAsYHQ\/s2048\/Zwischenablage01.png?ssl=1\"><img loading=\"lazy\" decoding=\"async\" class=\"alignleft\" src=\"https:\/\/i0.wp.com\/1.bp.blogspot.com\/-M7Z-pDagxyE\/YPAPj5BxLSI\/AAAAAAAAGNM\/EQHvIY-NpyseNjloWrI4ukiTqJpRjncFgCLcBGAsYHQ\/w338-h400\/Zwischenablage01.png?resize=338%2C400&#038;ssl=1\" width=\"338\" height=\"400\" border=\"0\" data-original-height=\"2048\" data-original-width=\"1730\" data-recalc-dims=\"1\" \/><\/a><\/div>\n<p>Im Grunde k\u00f6nnte ich die Probleme vermutlich l\u00f6sen, wenn ich den Kobo anders befestige. Vielleicht probiere ich das auch nochmal. Ich bin noch unentschieden, ob ich den Kobo wieder verkaufe oder eben mit einer Befestigung am Bein oder so nochmal probiere. Aber so eine Befestigung hat halt auch Nachteile.<\/p>\n<p>Deshalb habe ich mir auf ebay einen nur f\u00fcr eine Schulung genutzten SkyDrop zugelegt. Was ich an Tests und Infos gelesen habe, soll das Vario ziemlich gut sein. Zwar in der Funktionalit\u00e4t erheblich gegen\u00fcber den Highend-Ger\u00e4ten eingeschr\u00e4nkt, aber daf\u00fcr auch f\u00fcr ein GPS-f\u00e4higes Ger\u00e4t mit Display sehr g\u00fcnstig.<\/p>\n<p>Eben habe ich den Kleinen ausgepackt. Und &#8222;Kleiner&#8220; trifft es in der Tat. Der SkyDrop ist noch kleiner als ich es erwartet bzw. mir vorgestellt habe. Mit allen Vorteilen, aber auch Nachteilen. Ich hoffe mal, dass ich \u00fcberhaupt das Display erkennen kann. Es scheint lichtstark und scharf genug zu sein, aber die Infos sind recht klein. Man kann die Widgets aber konfigurieren und ich muss einfach auf die wichtigsten Infos reduzieren. Ich brauche ja im Grunde nur die H\u00f6he mit Warnung vor der Grenze des Luftraums sowie Sinken und Steigen. Tracking, Zeit etc. muss ja nicht beim Fliegen angezeigt werden. Und dass das Teil so klein ist, ist dann ja auch ein wirklicher Vorteil. Ich kann auf das Flugcockpit verzichten und das Ding wohl an den Tragegurten oder dem Gurtzeug befestigen. Muss ich ausprobieren. Aber der SkyDrop ist so klein, dass man das Vario eigentlich immer dabei haben kann und solange ich nicht auf Strecke gehen will, brauche die Karten und weiteren Navigationsfeatures nicht, die mir der Kobo mit XCSoar bietet. Vermutlich behalte ich den Kobo deshalb aber auch. Frist ja kein Brot.<\/p>\n<p>&nbsp;<\/p>\n","protected":false},"excerpt":{"rendered":"<p>Bisher nutze ich als Vario ein altes Kobo mini (ein E-Book-Reader) mit angeflanschtem GPS-Sensor und XCSoar als Software. Befestigt habe ich den Kobo auf einem Flugcockpit. Diese zusammengebastelte Kombination hatte ich mir vor etwa 4 Jahren gekauft. Im Grunde funktioniert die Sache. So gar ziemlich gut, denn der Kobo hat ein grosses, scharfes Display und &hellip; <a href=\"https:\/\/fliegerblog.rjs.de\/?p=1829\" class=\"more-link\"><span class=\"screen-reader-text\">\u201eZuwachs bei der Flugelektronik\u201c<\/span> weiterlesen<\/a><\/p>\n","protected":false},"author":1,"featured_media":0,"comment_status":"closed","ping_status":"open","sticky":false,"template":"","format":"standard","meta":{"jetpack_post_was_ever_published":false,"footnotes":"","jetpack_publicize_message":"","jetpack_is_tweetstorm":false,"jetpack_publicize_feature_enabled":true,"jetpack_social_options":[]},"categories":[1],"tags":[],"class_list":["post-1829","post","type-post","status-publish","format-standard","hentry","category-uncategorized"],"jetpack_publicize_connections":[],"jetpack_featured_media_url":"","jetpack_shortlink":"https:\/\/wp.me\/p788kK-tv","jetpack-related-posts":[{"id":1252,"url":"https:\/\/fliegerblog.rjs.de\/?p=1252","url_meta":{"origin":1829,"position":0},"title":"Neues Vario","date":"April 21, 2017","format":false,"excerpt":"Es gibt hin und wieder \u00dcberschneidungen zwischen meinem Job und meinen Gleitschirm-Hobby. Gerade ist mal wieder so ein Tag. Dabei ist der Zusammenhang erstmal nicht offensichtlich, denn heute ist nur einfach mein neues Vario angekommen. Dazu habe ich mir gleich noch ein UP-Cockpit besorgt, um das Vario \u00fcberhaupt irgendwo befestigen\u2026","rel":"","context":"In \"Android\"","img":{"alt_text":"","src":"https:\/\/i0.wp.com\/3.bp.blogspot.com\/-w_WPfQooZ3s\/WPoP0vfMTnI\/AAAAAAAADYU\/ArxOjwlmbso0e5-6uYLz9C_PlPZTPpMnwCLcB\/s400\/IMG_20170421_143626.jpg?resize=350%2C200&ssl=1","width":350,"height":200},"classes":[]},{"id":2004,"url":"https:\/\/fliegerblog.rjs.de\/?p=2004","url_meta":{"origin":1829,"position":1},"title":"Schleppend","date":"Mai 18, 2023","format":false,"excerpt":"Es ist fast ein Jahr her, dass ich an der Winde geflogen bin, wenn ich mich halbwegs richtig entsinne. Aber heute hat bei meinem Verein (GFT) die Schleppsaison (endlich) begonnen. Obwohl ich gesundheitlich etwas angeschlagen war, wollte ich da den Beginn der Schleppsaison aus mehreren Gr\u00fcnden nicht verpassen. Und traditionsgem\u00e4\u00df\u2026","rel":"","context":"\u00c4hnlicher Beitrag","img":{"alt_text":"","src":"https:\/\/i0.wp.com\/blogger.googleusercontent.com\/img\/b\/R29vZ2xl\/AVvXsEiX9y1EkITwTIDk3sbzdSk7A0PTLIYn-ezl2k_7LbUwxHDUTMySsC6kBLjSajPPGzgVo6j-NEWuClObLt0cP5wv3wSagar4CaFo7yh-V4rM0G7ZE71iCiHZX1YwrGNFWkeT0kwJwQ8ZK5WE4y6urysOPHAR1AVeXccBCVyk_EncSSxkekFnhAY6wLzufQ\/s320\/20230518_115927.jpg?resize=350%2C200&ssl=1","width":350,"height":200},"classes":[]},{"id":1264,"url":"https:\/\/fliegerblog.rjs.de\/?p=1264","url_meta":{"origin":1829,"position":2},"title":"Abbitte an das Kobo mini","date":"Mai 26, 2017","format":false,"excerpt":"Da dachte ich doch, dass mir mein Kobo mini am letzten Sonntag eingefroren w\u00e4re. Aber ich hatte einfach nicht kapiert, dass der Akku leer war und der Screen von einem ebook-Reader einfach den aktuellen Stand der Anzeige auf Dauer anzeigt. An Strom geh\u00e4ngt und alles wieder gut. Auch komme ich\u2026","rel":"","context":"\u00c4hnlicher Beitrag","img":{"alt_text":"","src":"","width":0,"height":0},"classes":[]},{"id":1260,"url":"https:\/\/fliegerblog.rjs.de\/?p=1260","url_meta":{"origin":1829,"position":3},"title":"Meine Schleppsaision kommt mit gebremstem Dampf in Gang","date":"Mai 21, 2017","format":false,"excerpt":"So richtig hat meine Schleppsaision 2017 noch nicht Fahrt aufgenommen. Ich war bisher nur 1x dieses Jahr an der Winde und da hatte ich auch nur einen Flug gemacht. Das war vor ein paar Wochen bei der 1. Windenschleppgemeinschaft Rheinhessen in Wallertheim und da habe ich heute auch meinen 2.\u2026","rel":"","context":"\u00c4hnlicher Beitrag","img":{"alt_text":"","src":"https:\/\/i0.wp.com\/1.bp.blogspot.com\/-W-cWHAo15jU\/WSHWfjymyFI\/AAAAAAAADaw\/U3QRJOzUdvYmSNIQ9bUiPCVe2dLJl3ZBgCLcB\/s400\/GOPR3192.JPG?resize=350%2C200&ssl=1","width":350,"height":200},"classes":[]},{"id":784,"url":"https:\/\/fliegerblog.rjs.de\/?p=784","url_meta":{"origin":1829,"position":4},"title":"Pfingsten, gute Bedinungen und kaum jemand in Eschbach","date":"Juni 7, 2014","format":false,"excerpt":"Das war heute recht seltsam. Normalerweise ist es an einem Wochenend- oder Feiertag in Eschbach extrem voll, wenn die Bedingungen einen Flugtag versprechen. Heute war es aber leerer als an einem normalen Arbeitstag. Nach den Prognosen schien mir der Wind nur Vormittags bis vielleicht 13:00 Uhr von der Richtung zu\u2026","rel":"","context":"In &quot;Allgemein&quot;","img":{"alt_text":"","src":"https:\/\/i0.wp.com\/2.bp.blogspot.com\/-cLihO-L1IP8\/U9_Rzez_TkI\/AAAAAAAAB4g\/8vgfNOD3wzY\/s1600\/P1010234.JPG?resize=350%2C200","width":350,"height":200},"classes":[]},{"id":1482,"url":"https:\/\/fliegerblog.rjs.de\/?p=1482","url_meta":{"origin":1829,"position":5},"title":"Probeschleppen in Oberems","date":"Juli 18, 2018","format":false,"excerpt":"Heute war ziemlich kurzfristig Probeschleppen auf dem Segelflugplatz in Oberems angesetzt worden. Das Gel\u00e4nde steht schon einige Jahre zur Diskussion, ob es nicht auch f\u00fcr Gleitschirmflieger freigegeben werden kann und m.W. sind auch mehrere Vereine da dran gewesen oder eben immer noch dran. Letztes Jahr gab es ein erstes Probeschleppen\u2026","rel":"","context":"\u00c4hnlicher Beitrag","img":{"alt_text":"","src":"https:\/\/i0.wp.com\/4.bp.blogspot.com\/-O2Nm1dQKGTs\/W13aZvgz5YI\/AAAAAAAAEC8\/0gnwZhm-43YRgsy_KpqsfIU_OSwalMpqwCLcBGAs\/s400\/IMG_20180718_140014.jpg?resize=350%2C200&ssl=1","width":350,"height":200},"classes":[]}],"_links":{"self":[{"href":"https:\/\/fliegerblog.rjs.de\/index.php?rest_route=\/wp\/v2\/posts\/1829","targetHints":{"allow":["GET"]}}],"collection":[{"href":"https:\/\/fliegerblog.rjs.de\/index.php?rest_route=\/wp\/v2\/posts"}],"about":[{"href":"https:\/\/fliegerblog.rjs.de\/index.php?rest_route=\/wp\/v2\/types\/post"}],"author":[{"embeddable":true,"href":"https:\/\/fliegerblog.rjs.de\/index.php?rest_route=\/wp\/v2\/users\/1"}],"replies":[{"embeddable":true,"href":"https:\/\/fliegerblog.rjs.de\/index.php?rest_route=%2Fwp%2Fv2%2Fcomments&post=1829"}],"version-history":[{"count":3,"href":"https:\/\/fliegerblog.rjs.de\/index.php?rest_route=\/wp\/v2\/posts\/1829\/revisions"}],"predecessor-version":[{"id":1832,"href":"https:\/\/fliegerblog.rjs.de\/index.php?rest_route=\/wp\/v2\/posts\/1829\/revisions\/1832"}],"wp:attachment":[{"href":"https:\/\/fliegerblog.rjs.de\/index.php?rest_route=%2Fwp%2Fv2%2Fmedia&parent=1829"}],"wp:term":[{"taxonomy":"category","embeddable":true,"href":"https:\/\/fliegerblog.rjs.de\/index.php?rest_route=%2Fwp%2Fv2%2Fcategories&post=1829"},{"taxonomy":"post_tag","embeddable":true,"href":"https:\/\/fliegerblog.rjs.de\/index.php?rest_route=%2Fwp%2Fv2%2Ftags&post=1829"}],"curies":[{"name":"wp","href":"https:\/\/api.w.org\/{rel}","templated":true}]}}