{"id":1822,"date":"2021-07-03T15:22:47","date_gmt":"2021-07-03T15:22:47","guid":{"rendered":"https:\/\/fliegerblog.rjs.de\/?p=1822"},"modified":"2021-07-03T15:27:32","modified_gmt":"2021-07-03T15:27:32","slug":"kurzschlepp-zum-einstellen-des-gurtzeugs","status":"publish","type":"post","link":"https:\/\/fliegerblog.rjs.de\/?p=1822","title":{"rendered":"Kurzschlepp zum Einstellen des Gurtzeugs"},"content":{"rendered":"<div class=\"separator\"><a href=\"https:\/\/i0.wp.com\/1.bp.blogspot.com\/-Mzeoq-53-DI\/YOB9AHDDCVI\/AAAAAAAAGJc\/2w8cJohuXpo0MOKfH0TxF-MFTjM_YBnHQCLcBGAsYHQ\/s2048\/GOPR8095.JPG?ssl=1\"><img loading=\"lazy\" decoding=\"async\" class=\"alignright\" src=\"https:\/\/i0.wp.com\/1.bp.blogspot.com\/-Mzeoq-53-DI\/YOB9AHDDCVI\/AAAAAAAAGJc\/2w8cJohuXpo0MOKfH0TxF-MFTjM_YBnHQCLcBGAsYHQ\/w400-h300\/GOPR8095.JPG?resize=400%2C300&#038;ssl=1\" width=\"400\" height=\"300\" border=\"0\" data-original-height=\"1536\" data-original-width=\"2048\" data-recalc-dims=\"1\" \/><\/a><\/div>\n<p>Irgendwie habe ich ziemlich mit den Nachwirkungen der Corona-Impfung zu k\u00e4mpfen, wie mir scheint. An manchen Tagen h\u00e4nge ich extrem in den Seilen. Gestern war ich so matt, dass ich beim Waldlauf fast r\u00fcckw\u00e4rts gekrochen und kaum aus dem Wald wieder rausgekommen bin. Deshalb hatte ich mich f\u00fcr heute schon als erneut flugunf\u00e4hig abgestempelt. Bei meinem Verein in Singhofen kam sowieso kein Schlepptermin zusammen, aber ich hatte mich vor ein paar Tagen bei der Windenschleppgemeinschaft Rheinhessen in Wallertheim angemeldet.<\/p>\n<div class=\"separator\"><a href=\"https:\/\/i0.wp.com\/1.bp.blogspot.com\/-nY4zkUHw3Xk\/YOB8_0Pku2I\/AAAAAAAAGJU\/R8uA_Xhe3SwwVPHHYfmkC2grnOICr8xQACLcBGAsYHQ\/s2048\/GOPR8100.JPG?ssl=1\"><img loading=\"lazy\" decoding=\"async\" class=\"alignleft\" src=\"https:\/\/i0.wp.com\/1.bp.blogspot.com\/-nY4zkUHw3Xk\/YOB8_0Pku2I\/AAAAAAAAGJU\/R8uA_Xhe3SwwVPHHYfmkC2grnOICr8xQACLcBGAsYHQ\/w400-h300\/GOPR8100.JPG?resize=400%2C300&#038;ssl=1\" width=\"400\" height=\"300\" border=\"0\" data-original-height=\"1536\" data-original-width=\"2048\" data-recalc-dims=\"1\" \/><\/a><\/div>\n<p>Nur waren da f\u00fcr heute mit mir genau 5 Leute angemeldet, was die absoluten Minimalzahl bedeutet, damit was stattfinden kann. Ich bin deshalb dann heute doch hin &#8211; zumal ich sowieso da gerne hingehe und es dieses Jahr &#8211; au\u00dfer zu einem Kurzbesuch in Verbindung mit einer Moppedtour &#8211; noch nicht hin geschafft habe.<\/p>\n<p>Ich habe mich aber von Anfang an darauf eingestellt, dass ich wahrscheinlich nicht fliege, sondern nur das Schleppauto fahre.<\/p>\n<div class=\"separator\"><a href=\"https:\/\/i0.wp.com\/1.bp.blogspot.com\/-Ysl9YCAp5xs\/YOB8_8qYftI\/AAAAAAAAGJY\/A7Br0KifttwBi6RuImcMSJ4VEKWLh3Q-wCLcBGAsYHQ\/s2048\/GOPR8101.JPG?ssl=1\"><img loading=\"lazy\" decoding=\"async\" class=\"alignleft\" src=\"https:\/\/i0.wp.com\/1.bp.blogspot.com\/-Ysl9YCAp5xs\/YOB8_8qYftI\/AAAAAAAAGJY\/A7Br0KifttwBi6RuImcMSJ4VEKWLh3Q-wCLcBGAsYHQ\/w400-h300\/GOPR8101.JPG?resize=400%2C300&#038;ssl=1\" width=\"400\" height=\"300\" border=\"0\" data-original-height=\"1536\" data-original-width=\"2048\" data-recalc-dims=\"1\" \/><\/a><\/div>\n<p>Allerdings fand ich mich dann vor Ort doch so fit, dass ich zumindest einen Kurzschlepp gemacht habe, um die neue Einstellung von meinem Gurtzeug zu testen. Da hatte ich vor einigen Wochen am Hang in Auen was verstellt, was letzte Woche an der Winde in Singhofen gar nicht gepasst hat. Da bin ich kaum in das Gurtzeug reingekommen. Daraufhin hatte ich die Einstellungen wieder ver\u00e4ndert. Bei dem Kurzschlepp habe ich heute dann die Sache getestet. Bedeutetend besser wieder &#8211; super gestartet und problemlos ins Gurtzeug gekommen. Scheint wieder alles ok zu sein.<\/p>\n<div class=\"separator\"><a href=\"https:\/\/i0.wp.com\/1.bp.blogspot.com\/-2FRzUzXqWRU\/YOB9AsqooFI\/AAAAAAAAGJg\/uR4uuxQOfkcWaaVFPyIMiGArHFyOwCQSwCLcBGAsYHQ\/s2048\/GOPR8102.JPG?ssl=1\"><img loading=\"lazy\" decoding=\"async\" class=\"alignleft\" src=\"https:\/\/i0.wp.com\/1.bp.blogspot.com\/-2FRzUzXqWRU\/YOB9AsqooFI\/AAAAAAAAGJg\/uR4uuxQOfkcWaaVFPyIMiGArHFyOwCQSwCLcBGAsYHQ\/w400-h300\/GOPR8102.JPG?resize=400%2C300&#038;ssl=1\" width=\"400\" height=\"300\" border=\"0\" data-original-height=\"1536\" data-original-width=\"2048\" data-recalc-dims=\"1\" \/><\/a><\/div>\n<p>Aber anschlie\u00dfend bin ich bei meinem Vorsatz geblieben und nur das Schleppauto gefahren. Mir ging es zwar bedeutend besser als gedacht, aber ich brauche wohl noch einige Tage, bis ich die Impfung wirklich verarbeitet habe &#8211; wenn diese M\u00fcdigkeit und Unkonzentriertheit davon kommen.<\/p>\n<p>War aber wieder sehr nett da und ich bin froh, meinen Jahresbeginn dort gemacht zu haben. Die n\u00e4chsten Male will ich dann da auch wieder &#8222;richtig&#8220; fliegen.<\/p>\n","protected":false},"excerpt":{"rendered":"<p>Irgendwie habe ich ziemlich mit den Nachwirkungen der Corona-Impfung zu k\u00e4mpfen, wie mir scheint. An manchen Tagen h\u00e4nge ich extrem in den Seilen. Gestern war ich so matt, dass ich beim Waldlauf fast r\u00fcckw\u00e4rts gekrochen und kaum aus dem Wald wieder rausgekommen bin. Deshalb hatte ich mich f\u00fcr heute schon als erneut flugunf\u00e4hig abgestempelt. Bei &hellip; <a href=\"https:\/\/fliegerblog.rjs.de\/?p=1822\" class=\"more-link\"><span class=\"screen-reader-text\">\u201eKurzschlepp zum Einstellen des Gurtzeugs\u201c<\/span> weiterlesen<\/a><\/p>\n","protected":false},"author":1,"featured_media":0,"comment_status":"closed","ping_status":"open","sticky":false,"template":"","format":"standard","meta":{"jetpack_post_was_ever_published":false,"footnotes":"","jetpack_publicize_message":"","jetpack_is_tweetstorm":false,"jetpack_publicize_feature_enabled":true,"jetpack_social_options":[]},"categories":[1],"tags":[],"class_list":["post-1822","post","type-post","status-publish","format-standard","hentry","category-uncategorized"],"jetpack_publicize_connections":[],"jetpack_featured_media_url":"","jetpack_shortlink":"https:\/\/wp.me\/p788kK-to","jetpack-related-posts":[{"id":1882,"url":"https:\/\/fliegerblog.rjs.de\/?p=1882","url_meta":{"origin":1822,"position":0},"title":"Neujahrsspringen","date":"Januar 1, 2022","format":false,"excerpt":"Es ist ein D\u00e9j\u00e0-vu, dass es jedes Jahr in der Winterzeit d\u00fcnn mit Fliegen wird. Gute bzw. schlechte Gr\u00fcnde gibt es immer die gleichen. Auch die Einschr\u00e4nkungen durch Corona sind ja aus dem letzten Winter schon vorhanden. Die\u00a0 wirken sich zwar bei mir nur begrenzt auf das Gleitschirmfliegen aus, verhindern\u2026","rel":"","context":"\u00c4hnlicher Beitrag","img":{"alt_text":"","src":"https:\/\/i0.wp.com\/fliegerblog.rjs.de\/wp-content\/uploads\/2022\/01\/reichenbach1641034321.318867.jpg?resize=350%2C200","width":350,"height":200},"classes":[]},{"id":322,"url":"https:\/\/fliegerblog.rjs.de\/?p=322","url_meta":{"origin":1822,"position":1},"title":"Beginn von Pfingsten","date":"Mai 22, 2010","format":false,"excerpt":"Seit gestern ist Nordwind angesagt und der Mai hat endlich die Temperaturen, die man erwarten kann. Gestern waren einige am Hang in MF, aber ich musste leider arbeiten. Hab mich ziemlich ge\u00e4rgert, aber im Nachhinein habe ich nix verpasst. Ging da wohl gar nicht. Selbst R\u00fcckenwind war am Hang, obwohl\u2026","rel":"","context":"In &quot;Allgemein&quot;","img":{"alt_text":"","src":"","width":0,"height":0},"classes":[]},{"id":1911,"url":"https:\/\/fliegerblog.rjs.de\/?p=1911","url_meta":{"origin":1822,"position":2},"title":"Alles neu, macht der &#8230; M\u00e4rz. Er\u00f6ffnung Windensaison 2022","date":"M\u00e4rz 27, 2022","format":false,"excerpt":"Heute habe ich f\u00fcr mich die Windensaision 2022 in Singhofen er\u00f6ffnet. Allerdings unter etwas ungew\u00f6hnlichen Umst\u00e4nden. Denn ich hatte sowohl einen neuen Schirm, aber auch eine neue Kamera und auch ein neues Auto dabei. Sogar eine neue \"Action\"-Hose, die ich mir auf Wunsch meiner Kidds (da 3 St\u00fcck Rabatt bedeutet\u2026","rel":"","context":"\u00c4hnlicher Beitrag","img":{"alt_text":"","src":"https:\/\/i0.wp.com\/blogger.googleusercontent.com\/img\/b\/R29vZ2xl\/AVvXsEi864OWRj-ZZ5yDK107RTv7R-X7EvhttzNKdecKQghEYUnf3hGOSBVFBEfzvYW8-AMQz88I5doVnDx1EsrakiPCOovnf2ibtjB7QOpCZBMiwzShdSfmzk1GDkA8JuFoBZW85_9g8CaNnG-A-8slcRT4wcIdWkDCGgC1YvyDXUuQYZ9IpKSJh4vF5O_Fmg\/s320\/SING0002.JPG?resize=350%2C200&ssl=1","width":350,"height":200},"classes":[]},{"id":1846,"url":"https:\/\/fliegerblog.rjs.de\/?p=1846","url_meta":{"origin":1822,"position":3},"title":"Sch\u00f6ner Flugtag an der Winde","date":"August 21, 2021","format":false,"excerpt":"Nachdem ich die letzten Wochenenden gekniffen hatte oder wegen Wetter bzw. fehlender Windenfahrer Termine ausgefallen sind, hat es heute mal wieder mit Schleppen geklappt. In Singhofen. Es ging um 11:00 Uhr los und wir waren heute ungew\u00f6hnlich viele Flieger am Platz. Vielleicht auch, weil morgen das Wetter wieder kippen soll.\u2026","rel":"","context":"\u00c4hnlicher Beitrag","img":{"alt_text":"","src":"https:\/\/i0.wp.com\/1.bp.blogspot.com\/-b_bUhN0PxJo\/YSEpIlIwE3I\/AAAAAAAAGRg\/lA_t52hBLwkKnlJk0OveqNWKKlrD9fbegCLcBGAsYHQ\/s320\/GOPR9676.JPG?resize=350%2C200&ssl=1","width":350,"height":200},"classes":[]},{"id":1767,"url":"https:\/\/fliegerblog.rjs.de\/?p=1767","url_meta":{"origin":1822,"position":4},"title":"MF-Weihnachtsgeschenk","date":"Dezember 25, 2020","format":false,"excerpt":"\u00a0 Den Weihnachtsbraten gab es heute am Hang. Nur als ich gegen 13:00 Uhr ankam, waren mir die Bedingungen zu heftig. Die anderen sind teils ziemlich hoch geflogen, aber ich hatte den Fehler gemacht und die Prognosen f\u00fcr den Wind in der H\u00f6he angesehen. Deshalb bin ich \u00e4usserst vorsichtig auf\u2026","rel":"","context":"\u00c4hnlicher Beitrag","img":{"alt_text":"","src":"https:\/\/i0.wp.com\/1.bp.blogspot.com\/-DAYwLPq71o0\/X-YN8r7Y7EI\/AAAAAAAAF0M\/Tesm1EH1C14ieD6LO_Kc8Z9MMoFg0gFLgCLcBGAsYHQ\/w454-h213\/Zwischenablage01.png?resize=350%2C200&ssl=1","width":350,"height":200},"classes":[]},{"id":1193,"url":"https:\/\/fliegerblog.rjs.de\/?p=1193","url_meta":{"origin":1822,"position":5},"title":"(Zu) sp\u00e4t entschieden","date":"September 24, 2016","format":false,"excerpt":"Ich war seit letzten Sonntagabend beruflich in K\u00f6ln und erst gestern abend wieder heimgekommen. Daher wollte ich heute nur auf kleiner Flamme was machen. Schleppen um die Ecke in Wallertheim w\u00e4re super gewesen (zumal der Wind schlapp angek\u00fcndigt war), aber leider ist da keine Schleppmannschaft zustande gekommen. Aschaffenburg und Asslar\u2026","rel":"","context":"\u00c4hnlicher Beitrag","img":{"alt_text":"","src":"","width":0,"height":0},"classes":[]}],"_links":{"self":[{"href":"https:\/\/fliegerblog.rjs.de\/index.php?rest_route=\/wp\/v2\/posts\/1822","targetHints":{"allow":["GET"]}}],"collection":[{"href":"https:\/\/fliegerblog.rjs.de\/index.php?rest_route=\/wp\/v2\/posts"}],"about":[{"href":"https:\/\/fliegerblog.rjs.de\/index.php?rest_route=\/wp\/v2\/types\/post"}],"author":[{"embeddable":true,"href":"https:\/\/fliegerblog.rjs.de\/index.php?rest_route=\/wp\/v2\/users\/1"}],"replies":[{"embeddable":true,"href":"https:\/\/fliegerblog.rjs.de\/index.php?rest_route=%2Fwp%2Fv2%2Fcomments&post=1822"}],"version-history":[{"count":3,"href":"https:\/\/fliegerblog.rjs.de\/index.php?rest_route=\/wp\/v2\/posts\/1822\/revisions"}],"predecessor-version":[{"id":1825,"href":"https:\/\/fliegerblog.rjs.de\/index.php?rest_route=\/wp\/v2\/posts\/1822\/revisions\/1825"}],"wp:attachment":[{"href":"https:\/\/fliegerblog.rjs.de\/index.php?rest_route=%2Fwp%2Fv2%2Fmedia&parent=1822"}],"wp:term":[{"taxonomy":"category","embeddable":true,"href":"https:\/\/fliegerblog.rjs.de\/index.php?rest_route=%2Fwp%2Fv2%2Fcategories&post=1822"},{"taxonomy":"post_tag","embeddable":true,"href":"https:\/\/fliegerblog.rjs.de\/index.php?rest_route=%2Fwp%2Fv2%2Ftags&post=1822"}],"curies":[{"name":"wp","href":"https:\/\/api.w.org\/{rel}","templated":true}]}}