{"id":1820,"date":"2021-06-26T16:02:08","date_gmt":"2021-06-26T16:02:08","guid":{"rendered":"https:\/\/fliegerblog.rjs.de\/?p=1820"},"modified":"2021-06-26T16:02:08","modified_gmt":"2021-06-26T16:02:08","slug":"halbwegs-gemuetliches-einfliegen-an-der-winde","status":"publish","type":"post","link":"https:\/\/fliegerblog.rjs.de\/?p=1820","title":{"rendered":"Halbwegs gem\u00fctliches Einfliegen an der Winde"},"content":{"rendered":"<div class=\"separator\" style=\"clear: both; text-align: center;\"><a style=\"clear: left; float: left; margin-bottom: 1em; margin-right: 1em;\" href=\"https:\/\/i0.wp.com\/1.bp.blogspot.com\/-xGCH9NwncZw\/YNdL4c_5YEI\/AAAAAAAAGIQ\/20R0e6GLIpQynAe2c38YA5UEerFZFtARgCLcBGAsYHQ\/s2048\/GOPR7990.JPG?ssl=1\"><img loading=\"lazy\" decoding=\"async\" src=\"https:\/\/i0.wp.com\/1.bp.blogspot.com\/-xGCH9NwncZw\/YNdL4c_5YEI\/AAAAAAAAGIQ\/20R0e6GLIpQynAe2c38YA5UEerFZFtARgCLcBGAsYHQ\/w400-h300\/GOPR7990.JPG?resize=400%2C300&#038;ssl=1\" width=\"400\" height=\"300\" border=\"0\" data-original-height=\"1536\" data-original-width=\"2048\" data-recalc-dims=\"1\" \/><\/a><\/div>\n<p>Jetzt hat auch endlich f\u00fcr mich die Schlepp-Saison 2021 begonnen. Mein Verein hatte heute einen Schlepptermin angesetzt und dieses Mal hat auch das Wetter gepasst. Eine Alternative w\u00e4re in Wallertheim bei der Schleppgemeinschaft Rheinhessen gewesen,<br \/>\naber ich hatte mich schon fr\u00fch f\u00fcr Singhofen angemeldet. Und in Wallertheim wird u.U. auch morgen noch mal geschleppt, wobei das vermutlich f\u00fcr mich morgen zu heiss und\/oder labil wird. Aber das sehe ich morgen. Erst einmal bin ich froh, dass ich es heute nach Singhofen geschafft<br \/>\nhabe.<\/p>\n<div class=\"separator\" style=\"clear: both; text-align: center;\"><a style=\"clear: right; float: right; margin-bottom: 1em; margin-left: 1em;\" href=\"https:\/\/i0.wp.com\/1.bp.blogspot.com\/-fUL_WheQG9Q\/YNdL4K9ZJSI\/AAAAAAAAGIM\/9frJbRIz5bMy0ECLZkp8y2Z24fD2f1q1wCLcBGAsYHQ\/s2048\/GOPR7987.JPG?ssl=1\"><img loading=\"lazy\" decoding=\"async\" src=\"https:\/\/i0.wp.com\/1.bp.blogspot.com\/-fUL_WheQG9Q\/YNdL4K9ZJSI\/AAAAAAAAGIM\/9frJbRIz5bMy0ECLZkp8y2Z24fD2f1q1wCLcBGAsYHQ\/w400-h300\/GOPR7987.JPG?resize=400%2C300&#038;ssl=1\" width=\"400\" height=\"300\" border=\"0\" data-original-height=\"1536\" data-original-width=\"2048\" data-recalc-dims=\"1\" \/><\/a><\/div>\n<p>Und das war im \u00fcbertragenen Sinn gar nicht so einfach. Bekanntlich ist in Wiesbaden die Salzbachtal-B\u00fcrcke gesperrt und der Verkehr dr\u00fcckt sich \u00fcber alle Umleitungen und Schleichwege. Was ich auf dem Mainzer Ring und der<br \/>\nSchiersteiner Br\u00fccke schon mal bemerken musste. Und dann ist auf der 260 zwischen Wiesbaden und Nassau wegen einer Baustelle eine Sperrung gewesen.<br \/>\nDummerweise habe ich mich auf die Umleitungsschilder verlassen, statt das Navi zu programmieren bzw. meine halbwegs vorhandene Ortskenntnis. Deshalb bin ich gut 10 Kilometer mehr Umweg gefahren als notwendig und deshalb als einer der letzten Flieger auf dem Flugplatz angekommen.<\/p>\n<div class=\"separator\" style=\"clear: both; text-align: center;\"><a style=\"clear: left; float: left; margin-bottom: 1em; margin-right: 1em;\" href=\"https:\/\/i0.wp.com\/1.bp.blogspot.com\/-eYnagkhuglg\/YNdL32TF6xI\/AAAAAAAAGII\/f_inNuicq2A3jeacxsEE0NUxcCTBPjQswCLcBGAsYHQ\/s2048\/GOPR7986.JPG?ssl=1\"><img loading=\"lazy\" decoding=\"async\" src=\"https:\/\/i0.wp.com\/1.bp.blogspot.com\/-eYnagkhuglg\/YNdL32TF6xI\/AAAAAAAAGII\/f_inNuicq2A3jeacxsEE0NUxcCTBPjQswCLcBGAsYHQ\/w400-h300\/GOPR7986.JPG?resize=400%2C300&#038;ssl=1\" width=\"400\" height=\"300\" border=\"0\" data-original-height=\"1536\" data-original-width=\"2048\" data-recalc-dims=\"1\" \/><\/a><\/div>\n<p>Aber au\u00dfer dem \u00fcblichen &#8222;Erststarter&#8220; der Truppe hatte sich noch niemand fertig gemacht und so bin ich mit dem \u00fcblichen Partner doch im ersten Duo an der Doppelwinde rausgeschleppt worden. Allerdings habe ich schnell bemerkt, dass ich ziemlich aus der \u00dcbung war. Seit Oktober letzten Jahres bin ich nicht mehr an der Winde geflogen und das wurde deutlich. Erst war mir ein Beingurt wieder aufgegangen und das hatte ich erst kurz vor dem Start bemerkt und dann bin ich nicht richtig ins Gurtzeug reingekommen. Ich habe da was verstellt und das war wohl etwas zuviel des Guten. Der erste Flug war also eher stressig.<\/p>\n<div class=\"separator\" style=\"clear: both; text-align: center;\"><a style=\"clear: right; float: right; margin-bottom: 1em; margin-left: 1em;\" href=\"https:\/\/i0.wp.com\/1.bp.blogspot.com\/-r0lUBIHslS8\/YNdL3bwgWuI\/AAAAAAAAGIE\/1xzpV1QcaP4lfxLHNwEIscytie7bYM-xQCLcBGAsYHQ\/s2048\/GOPR7977.JPG?ssl=1\"><img loading=\"lazy\" decoding=\"async\" src=\"https:\/\/i0.wp.com\/1.bp.blogspot.com\/-r0lUBIHslS8\/YNdL3bwgWuI\/AAAAAAAAGIE\/1xzpV1QcaP4lfxLHNwEIscytie7bYM-xQCLcBGAsYHQ\/w400-h300\/GOPR7977.JPG?resize=400%2C300&#038;ssl=1\" width=\"400\" height=\"300\" border=\"0\" data-original-height=\"1536\" data-original-width=\"2048\" data-recalc-dims=\"1\" \/><\/a><\/div>\n<p>Im zweiten Flug musste ich eine Au\u00dfenlandung ansetzen. Ich hatte es links von der Strasse versucht und etwas \u00fcberreizt. Ich war am Ende so tief, dass ich nicht \u00fcber die Strasse zur\u00fcckfliegen wollte und bin in der Wiese gelandet. Leider hatte ich die H\u00f6he vom Gras untersch\u00e4tzt. Zum einen konnte ich den Abstand zum Boden nicht richtig einsch\u00e4tzen und zum anderen bin ich beim Laden im Gras h\u00e4ngen geblieben und nach vorne gefallen. Aber nix wirklich dabei getan.<br \/>\nIm meinem dritten und letzten Flug bin ich am Seil ziemlich gut gestiegen und hatte auch eine sehr gute Ausklinkh\u00f6he, aber dann nichts gefunden. \u00dcberhaupt war es heute kaum thermisch aktiv und im Grunde hat keiner der Flieger sich l\u00e4nger halten k\u00f6nnen. Aber zum Einstieg waren das damit sogar mir gut passende Bedingungen.<\/p>\n<p>&nbsp;<\/p>\n<p>&nbsp;<\/p>\n","protected":false},"excerpt":{"rendered":"<p>Jetzt hat auch endlich f\u00fcr mich die Schlepp-Saison 2021 begonnen. Mein Verein hatte heute einen Schlepptermin angesetzt und dieses Mal hat auch das Wetter gepasst. Eine Alternative w\u00e4re in Wallertheim bei der Schleppgemeinschaft Rheinhessen gewesen, aber ich hatte mich schon fr\u00fch f\u00fcr Singhofen angemeldet. Und in Wallertheim wird u.U. auch morgen noch mal geschleppt, wobei &hellip; <a href=\"https:\/\/fliegerblog.rjs.de\/?p=1820\" class=\"more-link\"><span class=\"screen-reader-text\">\u201eHalbwegs gem\u00fctliches Einfliegen an der Winde\u201c<\/span> weiterlesen<\/a><\/p>\n","protected":false},"author":1,"featured_media":0,"comment_status":"closed","ping_status":"open","sticky":false,"template":"","format":"standard","meta":{"jetpack_post_was_ever_published":false,"footnotes":"","jetpack_publicize_message":"","jetpack_is_tweetstorm":false,"jetpack_publicize_feature_enabled":true,"jetpack_social_options":[]},"categories":[1],"tags":[],"class_list":["post-1820","post","type-post","status-publish","format-standard","hentry","category-uncategorized"],"jetpack_publicize_connections":[],"jetpack_featured_media_url":"","jetpack_shortlink":"https:\/\/wp.me\/p788kK-tm","jetpack-related-posts":[{"id":1589,"url":"https:\/\/fliegerblog.rjs.de\/?p=1589","url_meta":{"origin":1820,"position":0},"title":"1. Mai und 1. Schleppen in Singhofen","date":"Mai 1, 2019","format":false,"excerpt":"Das war eine nette Er\u00f6ffnung der Schleppsaison heute in Singhofen. Zwar waren wir dieses Jahr schon mal am Platz, aber da war der Wind so quer gekommen, dass wir da nicht geschleppt hatten. Deshalb war es heute eben die Er\u00f6ffnung 2019 und f\u00fcr mich mein zweiter Schlepptag 2019. Dabei war\u2026","rel":"","context":"\u00c4hnlicher Beitrag","img":{"alt_text":"","src":"https:\/\/i0.wp.com\/2.bp.blogspot.com\/-Yc6tj0LvtbQ\/XMnBCNFRQoI\/AAAAAAAAEtY\/iahD0u-aIyUSvnib4ByGjWZiX_tKmL6IACEwYBhgL\/s320\/GOPR7778.JPG?resize=350%2C200&ssl=1","width":350,"height":200},"classes":[]},{"id":1448,"url":"https:\/\/fliegerblog.rjs.de\/?p=1448","url_meta":{"origin":1820,"position":1},"title":"Singhofen x 6","date":"Mai 26, 2018","format":false,"excerpt":"Das war heute verdammt hei\u00df auf der Piste. Fast 30 Grad im Schatten, aber es gab keinen solchen. Aber es war auch cool, denn mit 6 Fl\u00fcgen habe ich mein bisher ziemlich mageres Schleppkonto 2018 doch etwas gef\u00fcllt. Dabei war es eine verdammt schwere Entscheidung, wo ich heute hin gehen\u2026","rel":"","context":"\u00c4hnlicher Beitrag","img":{"alt_text":"","src":"https:\/\/i0.wp.com\/1.bp.blogspot.com\/-EDYGHWSzmLI\/Wwme0IKxMII\/AAAAAAAAD8c\/mu8Eo9IurNc2q-y9HFBKWTzY2ucdze6uQCLcBGAs\/s320\/GOPR1881.JPG?resize=350%2C200&ssl=1","width":350,"height":200},"classes":[]},{"id":1672,"url":"https:\/\/fliegerblog.rjs.de\/?p=1672","url_meta":{"origin":1820,"position":2},"title":"Das Ende der Schleppsaison ist wieder nahe &#8230;","date":"Oktober 24, 2019","format":false,"excerpt":"... aber heute konnte ich nochmal das sch\u00f6ne Wetter ausnutzen und zu dem kurzfristig angesetzten Schleppen nach Neu-Anspach fahren.\u00a0 Da hatte ich dieses Jahr die Schleppsaison begonnen und - wenn es nicht noch ein paar Termine in Singhofen, Wallertheim oder sonst gibt - da habe damit heute also das Ende\u2026","rel":"","context":"\u00c4hnlicher Beitrag","img":{"alt_text":"","src":"https:\/\/i0.wp.com\/1.bp.blogspot.com\/-sOVeFfKq0rI\/XbHfRLJy4qI\/AAAAAAAAFGg\/MwIv9yihO7MuOBfMwe6kk-UmCxUj9likQCLcBGAsYHQ\/s320\/GOPR2392.JPG?resize=350%2C200&ssl=1","width":350,"height":200},"classes":[]},{"id":1855,"url":"https:\/\/fliegerblog.rjs.de\/?p=1855","url_meta":{"origin":1820,"position":3},"title":"Erst ist der Hammer geflogen, dann ich","date":"September 25, 2021","format":false,"excerpt":"Heute musste ich mich wieder zwischen Wallertheim und Singhofen entscheiden. An beiden Locations wurde geschleppt. Aber die Entscheidung war recht einfach, denn ich hatte mich f\u00fcr 10:00 Uhr in Niederselters zum Hammerwerfen gemeldet und wenn man schon in die Richtung unterwegs ist, macht es Sinn, dann nach Singhofen zu gehen.\u2026","rel":"","context":"\u00c4hnlicher Beitrag","img":{"alt_text":"","src":"https:\/\/i0.wp.com\/1.bp.blogspot.com\/-KcmP8jGODLE\/YU9IGr4R5HI\/AAAAAAAAGVQ\/vDaOkJaPtIg_qtx9T9oat7la6qyNYef-QCLcBGAsYHQ\/w400-h300\/GOPR0089.JPG?resize=350%2C200&ssl=1","width":350,"height":200},"classes":[]},{"id":1963,"url":"https:\/\/fliegerblog.rjs.de\/?p=1963","url_meta":{"origin":1820,"position":4},"title":"Naja","date":"Oktober 7, 2022","format":false,"excerpt":"Das h\u00e4tte heute besser, aber auch schlechter sein k\u00f6nnen. Ich habe mich f\u00fcr morgen zum Schleppen in Singhofen angemeldet, aber wegen der wirklich nicht optimalen Prognosen wurde die Sache vorhin abgesagt. Eventuell kommt am Sonntag das Schleppen in Wallertheim zustande, aber da habe ich mich schon f\u00fcr ein Sportfest im\u2026","rel":"","context":"\u00c4hnlicher Beitrag","img":{"alt_text":"","src":"https:\/\/i0.wp.com\/blogger.googleusercontent.com\/img\/b\/R29vZ2xl\/AVvXsEi_bpxGd35e4HS7kSENnsCv7oltC6VoyPuUPbEO6-DFKWWXv1MQQpufKjTYD73TII009evsKVwAneK0fePGzBLfrjxqGrtumwZHcs-M-jZRwfNG2MjkBZ2-zuZ8-pqacEcSdHd0ouPhqnr3_t5ZvsQA1ogiaI7a3ROUvO1Tb0ttwYLoroQ2-JGm23oAXA\/s320\/reichenbach1665147361.980348.jpg?resize=350%2C200&ssl=1","width":350,"height":200},"classes":[]},{"id":1717,"url":"https:\/\/fliegerblog.rjs.de\/?p=1717","url_meta":{"origin":1820,"position":5},"title":"Winde 2020 &#8211; second shot","date":"Juni 20, 2020","format":false,"excerpt":"Heute kamen die n\u00e4chsten zwei Windenfl\u00fcge 2020 dazu. M\u00fchsam ern\u00e4hrt sich das Eichhorn. Zumal es wegen diesem Schleppwochenende ein ziemliches Hin- und Her gab und auch noch gibt. F\u00fcr Samstag war von meinem Verein urspr\u00fcnglich in Singhofen Schleppen f\u00fcr einen Windenkurs angesetzt - aber Freiflieger konnten dazu kommen. F\u00fcr Sonntag\u2026","rel":"","context":"\u00c4hnlicher Beitrag","img":{"alt_text":"","src":"https:\/\/i0.wp.com\/1.bp.blogspot.com\/-YKzZEN2e8f4\/Xu4uenAblhI\/AAAAAAAAFdk\/x5r0App1ljkf18KCegN3jeT6kWFpacI6ACLcBGAsYHQ\/s320\/GOPR4468.JPG?resize=350%2C200&ssl=1","width":350,"height":200},"classes":[]}],"_links":{"self":[{"href":"https:\/\/fliegerblog.rjs.de\/index.php?rest_route=\/wp\/v2\/posts\/1820","targetHints":{"allow":["GET"]}}],"collection":[{"href":"https:\/\/fliegerblog.rjs.de\/index.php?rest_route=\/wp\/v2\/posts"}],"about":[{"href":"https:\/\/fliegerblog.rjs.de\/index.php?rest_route=\/wp\/v2\/types\/post"}],"author":[{"embeddable":true,"href":"https:\/\/fliegerblog.rjs.de\/index.php?rest_route=\/wp\/v2\/users\/1"}],"replies":[{"embeddable":true,"href":"https:\/\/fliegerblog.rjs.de\/index.php?rest_route=%2Fwp%2Fv2%2Fcomments&post=1820"}],"version-history":[{"count":1,"href":"https:\/\/fliegerblog.rjs.de\/index.php?rest_route=\/wp\/v2\/posts\/1820\/revisions"}],"predecessor-version":[{"id":1821,"href":"https:\/\/fliegerblog.rjs.de\/index.php?rest_route=\/wp\/v2\/posts\/1820\/revisions\/1821"}],"wp:attachment":[{"href":"https:\/\/fliegerblog.rjs.de\/index.php?rest_route=%2Fwp%2Fv2%2Fmedia&parent=1820"}],"wp:term":[{"taxonomy":"category","embeddable":true,"href":"https:\/\/fliegerblog.rjs.de\/index.php?rest_route=%2Fwp%2Fv2%2Fcategories&post=1820"},{"taxonomy":"post_tag","embeddable":true,"href":"https:\/\/fliegerblog.rjs.de\/index.php?rest_route=%2Fwp%2Fv2%2Ftags&post=1820"}],"curies":[{"name":"wp","href":"https:\/\/api.w.org\/{rel}","templated":true}]}}