{"id":18,"date":"2008-11-14T17:29:00","date_gmt":"2008-11-14T17:29:00","guid":{"rendered":"http:\/\/www.rjs.de\/fliegerblog\/?p=18"},"modified":"2008-11-14T17:29:00","modified_gmt":"2008-11-14T17:29:00","slug":"fruh-feierabend","status":"publish","type":"post","link":"https:\/\/fliegerblog.rjs.de\/?p=18","title":{"rendered":"Fr\u00fch Feierabend"},"content":{"rendered":"<p>Hatte heute wieder fr\u00fch Feierabend und da SW und Sonne angesagt waren, bin ich nach der Arbeit an den Hang in Reichenbach. Unglaublich &#8211; es waren etwa 10 Flieger da. Und das am Freitagnachmittag. Aber der wind war ziemlich mau. Einmal ging es bei mir \u00fcber die B\u00e4ume &#8211; sonst war au\u00dfer ein paar mehr oder weniger guten Abgleitern nix drin.<\/p>\n<div class=\"blogger-post-footer\"><script type=\"text\/javascript\"><!--\ngoogle_ad_client = \"pub-4702984279656494\";\ngoogle_ad_width = 468;\ngoogle_ad_height = 60;\ngoogle_ad_format = \"468x60_as_rimg\";\ngoogle_cpa_choice = \"CAAQlNHphwIaCFxy_-mnISvEKNDv6n4\";\ngoogle_ad_channel = \"0174140724\";\n\/\/--><\/script><br \/>\n<script type=\"text\/javascript\" src=\"http:\/\/pagead2.googlesyndication.com\/pagead\/show_ads.js\">\n<\/script><\/div>\n","protected":false},"excerpt":{"rendered":"<p>Hatte heute wieder fr\u00fch Feierabend und da SW und Sonne angesagt waren, bin ich nach der Arbeit an den Hang in Reichenbach. Unglaublich &#8211; es waren etwa 10 Flieger da. Und das am Freitagnachmittag. Aber der wind war ziemlich mau. Einmal ging es bei mir \u00fcber die B\u00e4ume &#8211; sonst war au\u00dfer ein paar mehr &hellip; <a href=\"https:\/\/fliegerblog.rjs.de\/?p=18\" class=\"more-link\"><span class=\"screen-reader-text\">\u201eFr\u00fch Feierabend\u201c<\/span> weiterlesen<\/a><\/p>\n","protected":false},"author":1,"featured_media":0,"comment_status":"open","ping_status":"open","sticky":false,"template":"","format":"standard","meta":{"jetpack_post_was_ever_published":false,"footnotes":"","jetpack_publicize_message":"","jetpack_is_tweetstorm":false,"jetpack_publicize_feature_enabled":true,"jetpack_social_options":[]},"categories":[2],"tags":[],"class_list":["post-18","post","type-post","status-publish","format-standard","hentry","category-allgemein"],"jetpack_publicize_connections":[],"jetpack_featured_media_url":"","jetpack_shortlink":"https:\/\/wp.me\/p788kK-i","jetpack-related-posts":[{"id":587,"url":"https:\/\/fliegerblog.rjs.de\/?p=587","url_meta":{"origin":18,"position":0},"title":"Drehwurm","date":"September 20, 2012","format":false,"excerpt":"Heute hatte ich drei recht brauchbare Fl\u00fcge an der Winde in Obernhain mit insgesamt \u00fcber 20 Minuten Flugzeit. Insbesondere mein zweiter Flug war recht lange, aber ich hab auch um jede Sekunde gekurbelt. Die Bedingungen waren nicht so gut wie erwartet, denn statt Sonne, wie am ganzen Vormittag, war es\u2026","rel":"","context":"In &quot;Allgemein&quot;","img":{"alt_text":"","src":"https:\/\/i0.wp.com\/1.bp.blogspot.com\/-smkhaPUcD30\/UFt5Mq4tmvI\/AAAAAAAABKk\/ny_Yn4D7ZmU\/s320\/oh.jpg.jpg?resize=350%2C200","width":350,"height":200},"classes":[]},{"id":1947,"url":"https:\/\/fliegerblog.rjs.de\/?p=1947","url_meta":{"origin":18,"position":1},"title":"Ultrakurzes Feierabend-Handling","date":"September 6, 2022","format":false,"excerpt":"Ich habe heute eine Schulung aus meinem Zweitb\u00fcro gehalten und war deshalb sowieso im Taunus. Also hatte ich den Plan, nach der Schulung noch ein bisschen in Reichenbach was zu machen. Ich war da schon gef\u00fchlt eine Ewigkeit nicht mehr und komme sowieso kaum noch in die Luft. Also wollte\u2026","rel":"","context":"\u00c4hnlicher Beitrag","img":{"alt_text":"","src":"https:\/\/i0.wp.com\/blogger.googleusercontent.com\/img\/b\/R29vZ2xl\/AVvXsEh9KPpc6BQyo-tHT8-Cy24rYz4h87kesgrcjIdRiR-QIFFhPv5SPACvTMEJwcV3acKeYbMf_3YY0X9XU2L0K8FWtGU-OSlFzDFsvnPQWE_I8KJ_CCsyn20aP3oFYBCPWVSqftv1RezangSBs2aWe9TKQQqJMJkHKlN11bOMxdR7ZljO3iz3OkjgV5BITw\/w400-h300\/reichenbach1662476521.562399.jpg?resize=350%2C200&ssl=1","width":350,"height":200},"classes":[]},{"id":1960,"url":"https:\/\/fliegerblog.rjs.de\/?p=1960","url_meta":{"origin":18,"position":2},"title":"Feierabendspielereien mit Praxistest vom neuen Gurtzeug","date":"September 30, 2022","format":false,"excerpt":"Das war heute mal wieder ein Lichtblick in meinem sonst ziemlich tr\u00fcben Flugjahr. Ich konnte halbwegs fr\u00fchzeitig Feierabend machen und da ich heute in Eppstein gearbeitet hatte, war ich so gegen 15:30 Uhr in Reichenbach am Hang. Es waren zu der Zeit schon 4 Flieger vor Ort und der Wind\u2026","rel":"","context":"\u00c4hnlicher Beitrag","img":{"alt_text":"","src":"https:\/\/i0.wp.com\/blogger.googleusercontent.com\/img\/b\/R29vZ2xl\/AVvXsEiozZuGK0r3Qllz5oj1YfbI-NXuR4pAquEv1N48FOh81sk1pGGUTORFNTtBYGZIBVHxktZ6g04yzBwYq9Qpe4Nls0uXCYp-toPmz8P64buMSObAg99Pzgu9bGzESJCw0zNGbDauOb5WHYymYB30XRHMigeVOZ7frjkEPctmvsgzh2dWf4CtTJE089f1uw\/s320\/reichenbach1664550721.052112.jpg?resize=350%2C200&ssl=1","width":350,"height":200},"classes":[]},{"id":661,"url":"https:\/\/fliegerblog.rjs.de\/?p=661","url_meta":{"origin":18,"position":3},"title":"Hei\u00df, hei\u00dfer Fliegerfeierabend","date":"Juni 18, 2013","format":false,"excerpt":"Nachdem der Winter dieses Jahr etwa im Mai langsam aufgegeben hat, will wohl der Sommer im Moment andeuten, was er im Prinzip drauf hat. Mit 37 Grad und Schw\u00fcle ist die Geschichte jetzt ins andere Extrem umgeschlagen. Und ich darf die ganze Woche in einem Computerraum ohne Klimaanlage, aber mit\u2026","rel":"","context":"In &quot;Allgemein&quot;","img":{"alt_text":"","src":"","width":0,"height":0},"classes":[]},{"id":1180,"url":"https:\/\/fliegerblog.rjs.de\/?p=1180","url_meta":{"origin":18,"position":4},"title":"Rheinhessische Schleppversuche","date":"August 28, 2016","format":false,"excerpt":"Am Vormittag gute, aber gegen Nachmittag zunehmend b\u00f6ige und labile SW-Bedingungen waren heute vorhergesagt. Seit gestern ist Reichenbach wieder offen und da w\u00e4re ich gerne mal wieder hin. Andererseits hatte ich mich schon bei der Windenschleppgemeinschaft Rheinhessen angemeldet. Ich habe mich f\u00fcr Letzteres entschieden. Auch weil die ob der Prognosen\u2026","rel":"","context":"\u00c4hnlicher Beitrag","img":{"alt_text":"","src":"https:\/\/i0.wp.com\/4.bp.blogspot.com\/-zv7mT_mq_Us\/V8L5BRPMMYI\/AAAAAAAADH8\/uA6g2QnJvXcCJVv2Rg7qkjP5R5mltcRygCLcB\/s320\/IMG_20160828_114321.jpg?resize=350%2C200&ssl=1","width":350,"height":200},"classes":[]},{"id":247,"url":"https:\/\/fliegerblog.rjs.de\/?p=247","url_meta":{"origin":18,"position":5},"title":"Sonnig und moderat","date":"Oktober 18, 2009","format":false,"excerpt":"Heute ging die Nordwindphase zu Ende. Die Prognosen f\u00fcr heute haben zwischen schwachem und recht guten Nordwind geschwankt. Aber allgemein sollte es eher fr\u00fch denn sp\u00e4t passen. Und so waren wir schon ab etwa 10:30 Uhr am Hang in MF. \u00dcber den Tag waren etwa 12 Flieger da. Und die\u2026","rel":"","context":"In &quot;Allgemein&quot;","img":{"alt_text":"","src":"","width":0,"height":0},"classes":[]}],"_links":{"self":[{"href":"https:\/\/fliegerblog.rjs.de\/index.php?rest_route=\/wp\/v2\/posts\/18","targetHints":{"allow":["GET"]}}],"collection":[{"href":"https:\/\/fliegerblog.rjs.de\/index.php?rest_route=\/wp\/v2\/posts"}],"about":[{"href":"https:\/\/fliegerblog.rjs.de\/index.php?rest_route=\/wp\/v2\/types\/post"}],"author":[{"embeddable":true,"href":"https:\/\/fliegerblog.rjs.de\/index.php?rest_route=\/wp\/v2\/users\/1"}],"replies":[{"embeddable":true,"href":"https:\/\/fliegerblog.rjs.de\/index.php?rest_route=%2Fwp%2Fv2%2Fcomments&post=18"}],"version-history":[{"count":0,"href":"https:\/\/fliegerblog.rjs.de\/index.php?rest_route=\/wp\/v2\/posts\/18\/revisions"}],"wp:attachment":[{"href":"https:\/\/fliegerblog.rjs.de\/index.php?rest_route=%2Fwp%2Fv2%2Fmedia&parent=18"}],"wp:term":[{"taxonomy":"category","embeddable":true,"href":"https:\/\/fliegerblog.rjs.de\/index.php?rest_route=%2Fwp%2Fv2%2Fcategories&post=18"},{"taxonomy":"post_tag","embeddable":true,"href":"https:\/\/fliegerblog.rjs.de\/index.php?rest_route=%2Fwp%2Fv2%2Ftags&post=18"}],"curies":[{"name":"wp","href":"https:\/\/api.w.org\/{rel}","templated":true}]}}