{"id":1779,"date":"2021-02-21T19:36:54","date_gmt":"2021-02-21T19:36:54","guid":{"rendered":"http:\/\/fliegerblog.rjs.de\/?p=1779"},"modified":"2021-02-21T19:36:54","modified_gmt":"2021-02-21T19:36:54","slug":"spaeter-bockiger-jahresbeginn-aber-immerhin-ein-beginn","status":"publish","type":"post","link":"https:\/\/fliegerblog.rjs.de\/?p=1779","title":{"rendered":"Sp\u00e4ter, bockiger Jahresbeginn &#8211; aber immerhin ein Beginn"},"content":{"rendered":"<div class=\"separator\"><a href=\"https:\/\/i0.wp.com\/1.bp.blogspot.com\/-WVfzD69VbuM\/YDKvxBI0sQI\/AAAAAAAAF7w\/yIzKj-IBFeI3nSXPRnqJC4TFFc3YpbUeACLcBGAsYHQ\/s2048\/IMG_20210221_144933.jpg?ssl=1\"><img decoding=\"async\" class=\"alignleft\" src=\"https:\/\/i0.wp.com\/1.bp.blogspot.com\/-WVfzD69VbuM\/YDKvxBI0sQI\/AAAAAAAAF7w\/yIzKj-IBFeI3nSXPRnqJC4TFFc3YpbUeACLcBGAsYHQ\/s320\/IMG_20210221_144933.jpg?w=320&#038;ssl=1\" border=\"0\" data-original-height=\"1536\" data-original-width=\"2048\" data-recalc-dims=\"1\" \/><\/a><\/div>\n<p><span class=\"d2edcug0 hpfvmrgz qv66sw1b c1et5uql rrkovp55 a8c37x1j keod5gw0 nxhoafnm aigsh9s9 d3f4x2em fe6kdd0r mau55g9w c8b282yb iv3no6db jq4qci2q a3bd9o3v knj5qynh oo9gr5id hzawbc8m\" dir=\"auto\">Nicht nur wegen Corona, sondern auch dem doch recht unpassenden Wetter die letzte Zeit und diversen beruflichen Verhinderungen bin ich f\u00fcr den ersten Flugtag des Jahr dieses Jahr un\u00fcblich sp\u00e4t dran. Wobei ich auf meine Kappe nehme, dass ich mehrere m\u00f6gliche Flugtage hab verstreichen lassen. Die letzten beiden Tage ging es wohl in Reichenbach, wobei ich Freitag erst zu sp\u00e4t bemerkt und den Samstag als zu heftig eingestuft hatte. Der letzte Sonntag hingegen war ein Traumflugtag in Eschbach, bei dem ich mich aber bewusst zu einer anderen Aktivit\u00e4t entschieden hatte &#8211; Schlittschuhlaufen. Ich kannte es nur von meinem Vater, dass er als Kind\/Jugendlicher in den zugefrorenen Niederjosbacher Wiesen Schlittschuh gelaufen ist, aber ich kann mich nicht entsinnen, dass ich so etwas schon jemals gemacht hatte. Deshalb hatte ich mich auch gegen Gleitschirmfliegen entschieden und bin stattdessen bei uns vor der T\u00fcr im Unterfeld Schlittschuhlaufen gegangen. Gute Flugtage wird es das Jahr noch geben, aber wenn es schon mal vor der Haust\u00fcr eine \u00fcber 500 Meter lange nat\u00fcrliche Eisbahn gibt, muss man das ausnutzen. Bis es so etwas wieder gibt, werden vermutlich Jahre ins Land gehen. Aber so sind eben aus diesen und jenen Gr\u00fcnden fast 2 Monaten seit meinem letzten Flugtag vergangen.<\/span><\/p>\n<div class=\"separator\"><a href=\"https:\/\/i0.wp.com\/1.bp.blogspot.com\/-YGEWvp8UzCs\/YDKvqvjZU9I\/AAAAAAAAF7s\/henAt7frzWcYDyEn8oN1hpTYQvbbJzsBwCLcBGAsYHQ\/s2048\/IMG_20210221_144937.jpg?ssl=1\"><img decoding=\"async\" class=\"alignright\" src=\"https:\/\/i0.wp.com\/1.bp.blogspot.com\/-YGEWvp8UzCs\/YDKvqvjZU9I\/AAAAAAAAF7s\/henAt7frzWcYDyEn8oN1hpTYQvbbJzsBwCLcBGAsYHQ\/s320\/IMG_20210221_144937.jpg?w=320&#038;ssl=1\" border=\"0\" data-original-height=\"1536\" data-original-width=\"2048\" data-recalc-dims=\"1\" \/><\/a><\/div>\n<p>Heute standen dann aber Eschbach und Reichenbach zur Wahl und da wollte ich endlich wieder den Schirm l\u00fcften. Allerdings waren die Prognosen teils grenzwertig. Bis 12 Uhr sollte es zu stark sein, dann aber &#8211; je nach Prognose &#8211; nachlassen. Nachdem ich am Vormittag sowieso zum Krafttraining in Eppstein war, wollte ich es auf jeden Fall probieren. Die Frage, ob Eschbach oder Reichenbach, hat sich bereits beantwortet, als ich in WhatsApp mitbekommen habe, wie viele Leute schon fr\u00fch in Eschbach am Hang waren und wie viele noch kommen wollten. Da kann man eigentlich am Wochenende bei guten Bedingungen sowieso nicht mehr hin gehen. Ab 11:00 Uhr habe ich in der Webcam in Reichenbach die ersten Flieger gesehen und so gegen 12:45 Uhr war ich dann auch da. Nur der Wind war immer noch viel zu heftig. Super Richtung und guter Grundwind, aber in B\u00f6en zu stark. Interessanter Weise war in Eschbach zur gleichen Zeit der Wind wohl zu schwach und auch meist zu viel aus S\u00fcd. In Reichenbach waren wir \u00fcber den Nachmittag maximal entspannte 7 &#8211; 8 Flieger und auch wenn wir Parawaiting abhalten mussten, war das in der tollen Sonne heute eine angenehme Geschichte. Die dann ab etwa 14:45 Uhr auch noch mit fliegbaren Bedingungen belohnt wurde. Zwar sind auch da noch immer wieder Windb\u00f6en durchgezogen, aber ab der Zeit war es handelbar &#8211; mit der n\u00f6tigen Vorsicht. Ich bin damit heute zwar nicht wirklich gro\u00df geflogen, hab aber zumindest den Schirm gel\u00fcftet, etwas gespielt und mit ein paar H\u00fcpfern die erste Airtime des Jahres eingefahren. War eine gute Entscheidung, heute an den Hang zu gehen. Und nach Reichenbach statt Eschbach, denn soweit ich das gesehen haben, ging da so gut wie gar nichts.<\/p>\n<div class=\"separator\"><a href=\"https:\/\/i0.wp.com\/1.bp.blogspot.com\/-Tpx5YQzGuFY\/YDKvVylMQGI\/AAAAAAAAF7k\/OrIde0U1R8waYv7AH91WxlS7UD0ytdX_ACLcBGAsYHQ\/s1568\/Zwischenablage02.png?ssl=1\"><img loading=\"lazy\" decoding=\"async\" class=\"\" src=\"https:\/\/i0.wp.com\/1.bp.blogspot.com\/-Tpx5YQzGuFY\/YDKvVylMQGI\/AAAAAAAAF7k\/OrIde0U1R8waYv7AH91WxlS7UD0ytdX_ACLcBGAsYHQ\/w640-h252\/Zwischenablage02.png?resize=784%2C310&#038;ssl=1\" width=\"784\" height=\"310\" border=\"0\" data-original-height=\"620\" data-original-width=\"1568\" data-recalc-dims=\"1\" \/><\/a><\/div>\n<p>&nbsp;<\/p>\n","protected":false},"excerpt":{"rendered":"<p>Nicht nur wegen Corona, sondern auch dem doch recht unpassenden Wetter die letzte Zeit und diversen beruflichen Verhinderungen bin ich f\u00fcr den ersten Flugtag des Jahr dieses Jahr un\u00fcblich sp\u00e4t dran. Wobei ich auf meine Kappe nehme, dass ich mehrere m\u00f6gliche Flugtage hab verstreichen lassen. Die letzten beiden Tage ging es wohl in Reichenbach, wobei &hellip; <a href=\"https:\/\/fliegerblog.rjs.de\/?p=1779\" class=\"more-link\"><span class=\"screen-reader-text\">\u201eSp\u00e4ter, bockiger Jahresbeginn &#8211; aber immerhin ein Beginn\u201c<\/span> weiterlesen<\/a><\/p>\n","protected":false},"author":1,"featured_media":0,"comment_status":"closed","ping_status":"open","sticky":false,"template":"","format":"standard","meta":{"jetpack_post_was_ever_published":false,"footnotes":"","jetpack_publicize_message":"","jetpack_is_tweetstorm":false,"jetpack_publicize_feature_enabled":true,"jetpack_social_options":[]},"categories":[1],"tags":[],"class_list":["post-1779","post","type-post","status-publish","format-standard","hentry","category-uncategorized"],"jetpack_publicize_connections":[],"jetpack_featured_media_url":"","jetpack_shortlink":"https:\/\/wp.me\/p788kK-sH","jetpack-related-posts":[{"id":1672,"url":"https:\/\/fliegerblog.rjs.de\/?p=1672","url_meta":{"origin":1779,"position":0},"title":"Das Ende der Schleppsaison ist wieder nahe &#8230;","date":"Oktober 24, 2019","format":false,"excerpt":"... aber heute konnte ich nochmal das sch\u00f6ne Wetter ausnutzen und zu dem kurzfristig angesetzten Schleppen nach Neu-Anspach fahren.\u00a0 Da hatte ich dieses Jahr die Schleppsaison begonnen und - wenn es nicht noch ein paar Termine in Singhofen, Wallertheim oder sonst gibt - da habe damit heute also das Ende\u2026","rel":"","context":"\u00c4hnlicher Beitrag","img":{"alt_text":"","src":"https:\/\/i0.wp.com\/1.bp.blogspot.com\/-sOVeFfKq0rI\/XbHfRLJy4qI\/AAAAAAAAFGg\/MwIv9yihO7MuOBfMwe6kk-UmCxUj9likQCLcBGAsYHQ\/s320\/GOPR2392.JPG?resize=350%2C200&ssl=1","width":350,"height":200},"classes":[]},{"id":1573,"url":"https:\/\/fliegerblog.rjs.de\/?p=1573","url_meta":{"origin":1779,"position":1},"title":"Der Start in die Windensaison 2019","date":"M\u00e4rz 28, 2019","format":false,"excerpt":"Eigentlich sollte letzten Samstag schon mein Start in die 2019-er-Windensaison in Singhofen erfolgen. Aber vor Ort waren die Bedingungen so mau, dass das Schleppen nicht stattfinden konnte und ich an den Hang gegangen war. Aber gestern kam kurzfristg die Ank\u00fcndigung von den Wehrheimer Gleitschirmfliegern rein, dass heute in Obernhain\/Neu-Anspach geschleppt\u2026","rel":"","context":"\u00c4hnlicher Beitrag","img":{"alt_text":"","src":"https:\/\/i0.wp.com\/4.bp.blogspot.com\/-c-MBGeKljjA\/XJ0NXfnjDhI\/AAAAAAAAEko\/y2O0qYaoz_c7DIBm3sLDtRZp5o-ZNv9iACLcBGAs\/s320\/GOPR6709.JPG?resize=350%2C200&ssl=1","width":350,"height":200},"classes":[]},{"id":1882,"url":"https:\/\/fliegerblog.rjs.de\/?p=1882","url_meta":{"origin":1779,"position":2},"title":"Neujahrsspringen","date":"Januar 1, 2022","format":false,"excerpt":"Es ist ein D\u00e9j\u00e0-vu, dass es jedes Jahr in der Winterzeit d\u00fcnn mit Fliegen wird. Gute bzw. schlechte Gr\u00fcnde gibt es immer die gleichen. Auch die Einschr\u00e4nkungen durch Corona sind ja aus dem letzten Winter schon vorhanden. Die\u00a0 wirken sich zwar bei mir nur begrenzt auf das Gleitschirmfliegen aus, verhindern\u2026","rel":"","context":"\u00c4hnlicher Beitrag","img":{"alt_text":"","src":"https:\/\/i0.wp.com\/fliegerblog.rjs.de\/wp-content\/uploads\/2022\/01\/reichenbach1641034321.318867.jpg?resize=350%2C200","width":350,"height":200},"classes":[]},{"id":1535,"url":"https:\/\/fliegerblog.rjs.de\/?p=1535","url_meta":{"origin":1779,"position":3},"title":"Vorw\u00e4rtsstarttraining","date":"Januar 19, 2019","format":false,"excerpt":"Die paar H\u00fcpfer, die ich heute am Hang in Eschbach gemacht habe, waren es im Grunde nicht wert, dass der Schirm nass geworden ist. Aber es sah die Woche eigentlich ganz gut von den Prognosen aus. Doch da die angek\u00fcndigte Windst\u00e4rke sukzesive schw\u00e4cher wurde, konnte man schon sowas ahnen. Nur\u2026","rel":"","context":"\u00c4hnlicher Beitrag","img":{"alt_text":"","src":"https:\/\/i0.wp.com\/2.bp.blogspot.com\/-M64Aeg8mMHo\/XENwnQwHiQI\/AAAAAAAAEYg\/dTNpAAcSl_w9kH1i3JIPfZ-AXG25u9L7ACLcBGAs\/s640\/WhatsApp%2BImage%2B2019-01-19%2Bat%2B13.05.08.jpeg?resize=350%2C200&ssl=1","width":350,"height":200},"classes":[]},{"id":1235,"url":"https:\/\/fliegerblog.rjs.de\/?p=1235","url_meta":{"origin":1779,"position":4},"title":"Sch\u00f6n fr\u00fche Er\u00f6ffnung der Windensaision dieses Jahr","date":"M\u00e4rz 26, 2017","format":false,"excerpt":"Gestern kam dann doch schon mein Schirm vom Check zur\u00fcck und deshalb konnte ich heute zur 1. Windenschleppgemeinschaft Rheinhessen nach Wallertheim fahren. Da war Er\u00f6ffnung der Schleppsaison angesetzt. Dabei waren die Bedingungen rund herum nicht ganz unkritisch. Gestern war es noch verdammt b\u00f6ig und auch heute habe ich auf WhatsApp\u2026","rel":"","context":"In \"1. Windenschleppgemeinschaft Rheinhessen\"","img":{"alt_text":"","src":"https:\/\/i0.wp.com\/2.bp.blogspot.com\/-EDm-WYfLe8c\/WNfv3d8YXEI\/AAAAAAAADWM\/QrZ71SyuP9kheDVnW88H5YAxxtY_YOcnACLcB\/s320\/IMG_20170326_135100.jpg?resize=350%2C200&ssl=1","width":350,"height":200},"classes":[]},{"id":1211,"url":"https:\/\/fliegerblog.rjs.de\/?p=1211","url_meta":{"origin":1779,"position":5},"title":"Unverhofft, feucht, aber am Ende richtig gut","date":"Dezember 15, 2016","format":false,"excerpt":"Am Ende vom Jahr haben viele Unternehmen noch Geld \u00fcbrig, das unbedingt noch verbraten werden muss. Dementsprechend brummt bei mir dann immer der IT-Schulungs-Job. Auch diese Jahr h\u00e4tte ich mehr als doppelt so viele Schulungen im November und Dezember annehmen k\u00f6nnen, wie ich Zeit habe. Ich habe mir aber gezielt\u2026","rel":"","context":"\u00c4hnlicher Beitrag","img":{"alt_text":"","src":"https:\/\/i0.wp.com\/4.bp.blogspot.com\/-s6-NOPQVulY\/WFLuiN9VidI\/AAAAAAAADOs\/r7dUsOCcv3EyywksxGAEvWVcms2XzlvDgCLcB\/s320\/GOPR9896.JPG?resize=350%2C200&ssl=1","width":350,"height":200},"classes":[]}],"_links":{"self":[{"href":"https:\/\/fliegerblog.rjs.de\/index.php?rest_route=\/wp\/v2\/posts\/1779","targetHints":{"allow":["GET"]}}],"collection":[{"href":"https:\/\/fliegerblog.rjs.de\/index.php?rest_route=\/wp\/v2\/posts"}],"about":[{"href":"https:\/\/fliegerblog.rjs.de\/index.php?rest_route=\/wp\/v2\/types\/post"}],"author":[{"embeddable":true,"href":"https:\/\/fliegerblog.rjs.de\/index.php?rest_route=\/wp\/v2\/users\/1"}],"replies":[{"embeddable":true,"href":"https:\/\/fliegerblog.rjs.de\/index.php?rest_route=%2Fwp%2Fv2%2Fcomments&post=1779"}],"version-history":[{"count":1,"href":"https:\/\/fliegerblog.rjs.de\/index.php?rest_route=\/wp\/v2\/posts\/1779\/revisions"}],"predecessor-version":[{"id":1780,"href":"https:\/\/fliegerblog.rjs.de\/index.php?rest_route=\/wp\/v2\/posts\/1779\/revisions\/1780"}],"wp:attachment":[{"href":"https:\/\/fliegerblog.rjs.de\/index.php?rest_route=%2Fwp%2Fv2%2Fmedia&parent=1779"}],"wp:term":[{"taxonomy":"category","embeddable":true,"href":"https:\/\/fliegerblog.rjs.de\/index.php?rest_route=%2Fwp%2Fv2%2Fcategories&post=1779"},{"taxonomy":"post_tag","embeddable":true,"href":"https:\/\/fliegerblog.rjs.de\/index.php?rest_route=%2Fwp%2Fv2%2Ftags&post=1779"}],"curies":[{"name":"wp","href":"https:\/\/api.w.org\/{rel}","templated":true}]}}