{"id":1767,"date":"2020-12-25T16:15:05","date_gmt":"2020-12-25T16:15:05","guid":{"rendered":"http:\/\/fliegerblog.rjs.de\/?p=1767"},"modified":"2020-12-25T16:15:05","modified_gmt":"2020-12-25T16:15:05","slug":"mf-weihnachtsgeschenk","status":"publish","type":"post","link":"https:\/\/fliegerblog.rjs.de\/?p=1767","title":{"rendered":"MF-Weihnachtsgeschenk"},"content":{"rendered":"<p>&nbsp;<\/p>\n<div class=\"separator\"><a href=\"https:\/\/i0.wp.com\/1.bp.blogspot.com\/-DAYwLPq71o0\/X-YN8r7Y7EI\/AAAAAAAAF0M\/Tesm1EH1C14ieD6LO_Kc8Z9MMoFg0gFLgCLcBGAsYHQ\/s807\/Zwischenablage01.png?ssl=1\"><img loading=\"lazy\" decoding=\"async\" class=\"alignleft\" src=\"https:\/\/i0.wp.com\/1.bp.blogspot.com\/-DAYwLPq71o0\/X-YN8r7Y7EI\/AAAAAAAAF0M\/Tesm1EH1C14ieD6LO_Kc8Z9MMoFg0gFLgCLcBGAsYHQ\/w454-h213\/Zwischenablage01.png?resize=454%2C213&#038;ssl=1\" width=\"454\" height=\"213\" border=\"0\" data-original-height=\"378\" data-original-width=\"807\" data-recalc-dims=\"1\" \/><\/a><\/div>\n<p>Den Weihnachtsbraten gab es heute am Hang. Nur als ich gegen 13:00 Uhr ankam, waren mir die Bedingungen zu heftig. Die anderen sind teils ziemlich hoch geflogen, aber ich hatte den Fehler gemacht und die Prognosen f\u00fcr den Wind in der H\u00f6he angesehen.<\/p>\n<p>Deshalb bin ich \u00e4usserst vorsichtig auf der unteren Wiese an die Sache herangegangen und habe ich erst nach und nach weiter nach oben gearbeitet. Ich brauche sowieso immer eine Weile, um mich einzufliegen und die Bedingungen f\u00fcr mich richtig einzusch\u00e4tzen. Als ich dann eingeflogen war, hat der Wind nachgelassen. Anyway &#8211; ich habe die Lage noch bis 15:15 Uhr f\u00fcr kleinere Fl\u00fcge und Spielereien ausgenutzt und mich da gewundert, warum ich pl\u00f6tzlich alleine war. Also habe ich auch eingepackt und w\u00e4hrend dessen bemerkt, was die anderen zum Einpacken gebracht hatte &#8211; ganz pl\u00f6tzlich war Schneeregen da und dessen Anzug habe ich glatt \u00fcbersehen. Gerade noch einigerma\u00dfen trocken den Schirm in die T\u00fcte gebracht und gl\u00fccklicherweise war auf der R\u00fcckfahrt auch die Fehlermeldung bei meinem Auto verschwunden, die mich auf dem Hinweg fast zum Abbruch der Aktion gebracht h\u00e4tte.<\/p>\n","protected":false},"excerpt":{"rendered":"<p>&nbsp; Den Weihnachtsbraten gab es heute am Hang. Nur als ich gegen 13:00 Uhr ankam, waren mir die Bedingungen zu heftig. Die anderen sind teils ziemlich hoch geflogen, aber ich hatte den Fehler gemacht und die Prognosen f\u00fcr den Wind in der H\u00f6he angesehen. Deshalb bin ich \u00e4usserst vorsichtig auf der unteren Wiese an die &hellip; <a href=\"https:\/\/fliegerblog.rjs.de\/?p=1767\" class=\"more-link\"><span class=\"screen-reader-text\">\u201eMF-Weihnachtsgeschenk\u201c<\/span> weiterlesen<\/a><\/p>\n","protected":false},"author":1,"featured_media":0,"comment_status":"closed","ping_status":"open","sticky":false,"template":"","format":"standard","meta":{"jetpack_post_was_ever_published":false,"footnotes":"","jetpack_publicize_message":"","jetpack_is_tweetstorm":false,"jetpack_publicize_feature_enabled":true,"jetpack_social_options":[]},"categories":[1],"tags":[],"class_list":["post-1767","post","type-post","status-publish","format-standard","hentry","category-uncategorized"],"jetpack_publicize_connections":[],"jetpack_featured_media_url":"","jetpack_shortlink":"https:\/\/wp.me\/p788kK-sv","jetpack-related-posts":[{"id":1464,"url":"https:\/\/fliegerblog.rjs.de\/?p=1464","url_meta":{"origin":1767,"position":0},"title":"1 von 3 ist immerhin etwas","date":"Juni 25, 2018","format":false,"excerpt":"Am Samstag war mein Besuch am MFK ein Satz mit X. Nicht einmal den Schirm hochgezogen - so heftig waren die Bedingungen. Am Sonntag habe ich lange gezweifelt, ob ich am sp\u00e4teren Nachmittag hinfahren sollte. Aber mich hat eine Erk\u00e4ltung ziemlich niedergehauen und ich war wegen \u00e4hnlicher Prognosen wie Samstag\u2026","rel":"","context":"\u00c4hnlicher Beitrag","img":{"alt_text":"","src":"https:\/\/i0.wp.com\/3.bp.blogspot.com\/-NSOAO9bd3jM\/WzOzb3FLuBI\/AAAAAAAAEAA\/d50_YO24sUAYK04SW0S6rgeju5O5whO4wCLcBGAs\/s320\/GOPR3192.JPG?resize=350%2C200&ssl=1","width":350,"height":200},"classes":[]},{"id":609,"url":"https:\/\/fliegerblog.rjs.de\/?p=609","url_meta":{"origin":1767,"position":1},"title":"Das m\u00fcsste der Jahresabschluss gewesen sein &#8211; und der war gar nicht so schlecht","date":"Dezember 29, 2012","format":false,"excerpt":"Oh man, ich war ja ewig nicht mehr richtig mit dem Schirm in der Luft. Am 1. Dezember habe ich kurz am Hang gespielt und Mitte Oktober gab es einen mittelschwachen Flugtag in Reichenbach. Anfang Oktober war somit der letzte richtige Flugtag f\u00fcr mich gewesen. Klar - die Sp\u00e4therbst- und\u2026","rel":"","context":"In &quot;Allgemein&quot;","img":{"alt_text":"","src":"https:\/\/i0.wp.com\/3.bp.blogspot.com\/-S4EYK47t1Ak\/UN8gmXksVCI\/AAAAAAAABPY\/WTG5msR9GaY\/s320\/20121229_121349.jpg?resize=350%2C200","width":350,"height":200},"classes":[]},{"id":1888,"url":"https:\/\/fliegerblog.rjs.de\/?p=1888","url_meta":{"origin":1767,"position":2},"title":"Endlich mal wieder Airtime, endlich mal wieder Eschbach","date":"Februar 12, 2022","format":false,"excerpt":"Seit ich vor einigen Monaten beschlossen hatte, beruflich langsamer zu machen und weniger zu arbeiten, explodieren meine Auftr\u00e4ge bzw. Anfragen. Da ich oft nicht nein sagen kann (oder einfach zu bl\u00f6d bin), arbeite ich seit der Zeit gef\u00fchlt mehr als je zuvor. Was sich nat\u00fcrlich negativ auf meine Airtime auswirkt.\u2026","rel":"","context":"\u00c4hnlicher Beitrag","img":{"alt_text":"","src":"https:\/\/blogger.googleusercontent.com\/img\/a\/AVvXsEg3PCijdj7TaAtcRdRvfMg8R-zcDReQ9FQRAD1RdRZD5VzL5B1SD9lWr12XPB_QgIxApEQG24c1cncSJbK9YOcRgrvnYMv7BQFOgXTJnqZSEl1wQwaNh6NaL4yreBF2v5Dhire_SCAu0KfroiOAkH91Yt-iQFW8zSgrDWdxn1bFuHQ_9pSM8-qX2RpKBA=s320","width":350,"height":200},"classes":[]},{"id":657,"url":"https:\/\/fliegerblog.rjs.de\/?p=657","url_meta":{"origin":1767,"position":3},"title":"Ziemlich sportliche Bedingungen heute","date":"Juni 3, 2013","format":false,"excerpt":"Nordwind und Sonne. Und Zeit. Da gibt es keine Frage - MFK. Bin um 15:00 Uhr da eingelaufen und es war noch niemand am Hang. Vorher war der Wind auch zu stark. Insbesondere sind recht heftige B\u00f6en durchgezogen. Am Hang war der Wind dann auch nicht ohne und ich bin\u2026","rel":"","context":"In &quot;Allgemein&quot;","img":{"alt_text":"","src":"","width":0,"height":0},"classes":[]},{"id":736,"url":"https:\/\/fliegerblog.rjs.de\/?p=736","url_meta":{"origin":1767,"position":4},"title":"Was ein geiler Flugtag &#8230;","date":"Februar 24, 2014","format":false,"excerpt":"war das heute :-). Finde ich zumindest. Nachdem ich auch gestern (Sonntag) wieder arbeiten musste (schon der 2. Sonntag hineinander, nur dieses Mal eine Schulung bei der VHS) und bei den Flugaktionen dementsprechend nicht dabei war, habe ich mir den heutigen Montagnachmittag frei genommen. Es sah nach strahlendem Sonnenschein und\u2026","rel":"","context":"In &quot;Allgemein&quot;","img":{"alt_text":"","src":"https:\/\/i0.wp.com\/1.bp.blogspot.com\/-SM1E4vx3HdY\/UwuftVJTWHI\/AAAAAAAABro\/haXeBK8oGc4\/s1600\/GOPR3006.JPG?resize=350%2C200","width":350,"height":200},"classes":[]},{"id":852,"url":"https:\/\/fliegerblog.rjs.de\/?p=852","url_meta":{"origin":1767,"position":5},"title":"Wow","date":"Oktober 19, 2014","format":false,"excerpt":"Es sah heute nach einem supersonnigen Sonntag aus und da wollte ich unbedingt nochmal in die Luft. Die Prognosen haben S\u00fcdwind angesagt. So ganz schl\u00fcssig waren die Vorhersagen aber nicht, welche Unterrichtung es geben sollte. Ein Teil hat SW, ein Teil aber auch SO vorhergesagt. Ziemlich eindeutig aber allerdings, dass\u2026","rel":"","context":"In &quot;Allgemein&quot;","img":{"alt_text":"","src":"","width":0,"height":0},"classes":[]}],"_links":{"self":[{"href":"https:\/\/fliegerblog.rjs.de\/index.php?rest_route=\/wp\/v2\/posts\/1767","targetHints":{"allow":["GET"]}}],"collection":[{"href":"https:\/\/fliegerblog.rjs.de\/index.php?rest_route=\/wp\/v2\/posts"}],"about":[{"href":"https:\/\/fliegerblog.rjs.de\/index.php?rest_route=\/wp\/v2\/types\/post"}],"author":[{"embeddable":true,"href":"https:\/\/fliegerblog.rjs.de\/index.php?rest_route=\/wp\/v2\/users\/1"}],"replies":[{"embeddable":true,"href":"https:\/\/fliegerblog.rjs.de\/index.php?rest_route=%2Fwp%2Fv2%2Fcomments&post=1767"}],"version-history":[{"count":1,"href":"https:\/\/fliegerblog.rjs.de\/index.php?rest_route=\/wp\/v2\/posts\/1767\/revisions"}],"predecessor-version":[{"id":1768,"href":"https:\/\/fliegerblog.rjs.de\/index.php?rest_route=\/wp\/v2\/posts\/1767\/revisions\/1768"}],"wp:attachment":[{"href":"https:\/\/fliegerblog.rjs.de\/index.php?rest_route=%2Fwp%2Fv2%2Fmedia&parent=1767"}],"wp:term":[{"taxonomy":"category","embeddable":true,"href":"https:\/\/fliegerblog.rjs.de\/index.php?rest_route=%2Fwp%2Fv2%2Fcategories&post=1767"},{"taxonomy":"post_tag","embeddable":true,"href":"https:\/\/fliegerblog.rjs.de\/index.php?rest_route=%2Fwp%2Fv2%2Ftags&post=1767"}],"curies":[{"name":"wp","href":"https:\/\/api.w.org\/{rel}","templated":true}]}}