{"id":1762,"date":"2020-11-21T23:11:24","date_gmt":"2020-11-21T23:11:24","guid":{"rendered":"http:\/\/fliegerblog.rjs.de\/?p=1762"},"modified":"2020-11-22T07:59:21","modified_gmt":"2020-11-22T07:59:21","slug":"dwwahg","status":"publish","type":"post","link":"https:\/\/fliegerblog.rjs.de\/?p=1762","title":{"rendered":"DWWAHG!"},"content":{"rendered":"<div class=\"separator\"><a href=\"https:\/\/i0.wp.com\/1.bp.blogspot.com\/-RxG7so_6BYQ\/X7oPC6sEQAI\/AAAAAAAAFv0\/rthSjdYSc64TGbuj3Ruc1nYUTOxKbpw0wCLcBGAsYHQ\/s1600\/WhatsApp%2BImage%2B2020-11-21%2Bat%2B17.06.42.jpeg?ssl=1\"><img decoding=\"async\" class=\"alignleft\" src=\"https:\/\/i0.wp.com\/1.bp.blogspot.com\/-RxG7so_6BYQ\/X7oPC6sEQAI\/AAAAAAAAFv0\/rthSjdYSc64TGbuj3Ruc1nYUTOxKbpw0wCLcBGAsYHQ\/s320\/WhatsApp%2BImage%2B2020-11-21%2Bat%2B17.06.42.jpeg?w=320&#038;ssl=1\" border=\"0\" data-original-height=\"900\" data-original-width=\"1600\" data-recalc-dims=\"1\" \/><\/a><\/div>\n<p>Freitag hatte ich bereits in unsere WhatsApp-Gruppe gepostet, dass ich den Samstag wegen Reichenbach im Auge behalten w\u00fcrde. Die Prognosen sahen nicht schlecht aus. Aber im Laufe des Tages wurden die vorhergesagten B\u00f6en immer kr\u00e4ftiger. Bis Samstagmorgen wurden &#8211; je nach Wettermodell &#8211; B\u00f6en \u00fcber 45 km\/h prognostiziert.<\/p>\n<div class=\"separator\"><a href=\"https:\/\/i0.wp.com\/1.bp.blogspot.com\/-tPw1pE5lhsI\/X7oPD4ZfBPI\/AAAAAAAAFwA\/W8couahSDBgkR1zFtHKkWkLesWHh09BbQCLcBGAsYHQ\/s1600\/WhatsApp%2BImage%2B2020-11-21%2Bat%2B17.06.43.jpeg?ssl=1\"><img decoding=\"async\" class=\"alignright\" src=\"https:\/\/i0.wp.com\/1.bp.blogspot.com\/-tPw1pE5lhsI\/X7oPD4ZfBPI\/AAAAAAAAFwA\/W8couahSDBgkR1zFtHKkWkLesWHh09BbQCLcBGAsYHQ\/s320\/WhatsApp%2BImage%2B2020-11-21%2Bat%2B17.06.43.jpeg?w=320&#038;ssl=1\" border=\"0\" data-original-height=\"900\" data-original-width=\"1600\" data-recalc-dims=\"1\" \/><\/a><\/div>\n<p>Und nachdem am Samstag der Feldberg schon gegen 9:00 Uhr B\u00f6en deutlich \u00fcber 30 km\/h gemessen hat und es nicht so aussah als w\u00fcrden die Bedingungen \u00fcber den Tag schw\u00e4cher, habe ich den Tag recht fr\u00fch aufgegeben. Aber mit der kleinen Hintert\u00fcr, dass ich an den Hang kommen w\u00fcrde, wenn jemand vor Ort w\u00e4re und brauchbare Bedingungen melden w\u00fcrde.<\/p>\n<div class=\"separator\"><a href=\"https:\/\/i0.wp.com\/1.bp.blogspot.com\/-ugGHEU_N30M\/X7oPCWvyYiI\/AAAAAAAAFvw\/84SD7IlSTlYM9pRz1oXfLCLmYXUIciv4gCLcBGAsYHQ\/s1600\/WhatsApp%2BImage%2B2020-11-21%2Bat%2B14.56.41.jpeg?ssl=1\"><img decoding=\"async\" class=\"alignleft\" src=\"https:\/\/i0.wp.com\/1.bp.blogspot.com\/-ugGHEU_N30M\/X7oPCWvyYiI\/AAAAAAAAFvw\/84SD7IlSTlYM9pRz1oXfLCLmYXUIciv4gCLcBGAsYHQ\/s320\/WhatsApp%2BImage%2B2020-11-21%2Bat%2B14.56.41.jpeg?w=320&#038;ssl=1\" border=\"0\" data-original-height=\"1200\" data-original-width=\"1600\" data-recalc-dims=\"1\" \/><\/a><\/div>\n<p>Kurz vor 12:00 Uhr habe ich dann in der Webcam gesehen, dass der erste Schirm am Hang ausgelegt wurde. Einige Minuten sp\u00e4ter kam die Meldung, dass die Bedingungen doch gar nicht schlecht w\u00e4ren. Also noch schnell das Mittagessen abgefertigt und 13:30 Uhr war ich dann doch am Hang. Denn der alte und platte Spruch &#8222;Das Wetter wird am Hang gemacht!&#8220; ist einfach wahr. Wer nicht hingeht, hat schon verloren.<\/p>\n<div class=\"separator\"><a href=\"https:\/\/i0.wp.com\/1.bp.blogspot.com\/-WbpJVYRaHVE\/X7oPDeV1RoI\/AAAAAAAAFv4\/eu5Pk897ReQO8FJmaV6tArJ51iOcdZkGACLcBGAsYHQ\/s1600\/WhatsApp%2BImage%2B2020-11-21%2Bat%2B17.06.43%2B%25283%2529.jpeg?ssl=1\"><img decoding=\"async\" class=\"alignright\" src=\"https:\/\/i0.wp.com\/1.bp.blogspot.com\/-WbpJVYRaHVE\/X7oPDeV1RoI\/AAAAAAAAFv4\/eu5Pk897ReQO8FJmaV6tArJ51iOcdZkGACLcBGAsYHQ\/s320\/WhatsApp%2BImage%2B2020-11-21%2Bat%2B17.06.43%2B%25283%2529.jpeg?w=320&#038;ssl=1\" border=\"0\" data-original-height=\"900\" data-original-width=\"1600\" data-recalc-dims=\"1\" \/><\/a><\/div>\n<p>Denn in der Tat &#8211; die Bedingungen waren sogar recht moderat. Etwas viel Osteinschlag, aber immer fliegbar. Sogar die Sonne hat sich sehen lassen. Zwar nicht so viel wie am Mittwoch und es war deutlich k\u00e4lter, aber f\u00fcr November waren das immer noch sehr sch\u00f6ne Wetterbedingungen. Die Fl\u00fcge waren sogar meist noch etwas besser als am Mittwoch, da der Wind konstanter war. Allerdings hatten wir auch echt &#8222;Full house&#8220; am Hang.<\/p>\n<div class=\"separator\"><a href=\"https:\/\/i0.wp.com\/1.bp.blogspot.com\/-O2PAOvGjC7U\/X7oPEH_NrjI\/AAAAAAAAFwE\/yK60epanMwUEdPvaUQ-eVKpIpTeKZCsQgCLcBGAsYHQ\/s320\/t1605965287.jpg?ssl=1\"><img loading=\"lazy\" decoding=\"async\" class=\"alignleft\" src=\"https:\/\/i0.wp.com\/1.bp.blogspot.com\/-O2PAOvGjC7U\/X7oPEH_NrjI\/AAAAAAAAFwE\/yK60epanMwUEdPvaUQ-eVKpIpTeKZCsQgCLcBGAsYHQ\/w188-h141\/t1605965287.jpg?resize=188%2C141&#038;ssl=1\" width=\"188\" height=\"141\" border=\"0\" data-original-height=\"240\" data-original-width=\"320\" data-recalc-dims=\"1\" \/><\/a><\/div>\n<p>Als ich kam, waren 5 Flieger am Hang und mit mir sind gerade noch 2 weitere Flieger angekommen. Danach kamen immer mehr Fliegerkollegen, so dass ich die Anzahl \u00fcber den Nachmittag auf \u00fcber 20 sch\u00e4tze. Zwar sind auch immer wieder welche gegangen, aber so gut 15 Schirme waren in Spitzenzeiten am Hang. Wobei sich das an dem Hang sehr gut verteilt und es weder eng beim Fliegen war noch die Abstandsregeln ob Corona in Gefahr waren. Es war zudem nett, dass ich mal wieder diverse Fliegerkollegen gesehen habe, die ich schon ewig nicht mehr getroffen hatte. Und ich muss betonen, dass ich(!) vermutlich heute sogar das Durchschnittsalter gesenkt habe. Zwischen 15:30 &#8211; 16:00 Uhr stand die Sonne schon ziemlich tief, der Wind wurde schw\u00e4cher und ich bin heim. Verpasst habe ich offensichtlich noch die genialen Lichtverh\u00e4ltnisse als die Letzten vom Hang gegangen sind. Denn die Bilder hier sind allesamt dieses Mal nicht von mir.<\/p>\n<div class=\"separator\"><a href=\"https:\/\/i0.wp.com\/1.bp.blogspot.com\/-9OMcslohAgA\/X7oPD25uzYI\/AAAAAAAAFv8\/6g_ADbK4GPQzHtFx_FibeT-5dWqv6JYOACLcBGAsYHQ\/s1600\/WhatsApp%2BImage%2B2020-11-21%2Bat%2B17.06.43%2B%25284%2529.jpeg?ssl=1\"><img loading=\"lazy\" decoding=\"async\" class=\"aligncenter\" src=\"https:\/\/i0.wp.com\/1.bp.blogspot.com\/-9OMcslohAgA\/X7oPD25uzYI\/AAAAAAAAFv8\/6g_ADbK4GPQzHtFx_FibeT-5dWqv6JYOACLcBGAsYHQ\/w690-h388\/WhatsApp%2BImage%2B2020-11-21%2Bat%2B17.06.43%2B%25284%2529.jpeg?resize=788%2C443&#038;ssl=1\" width=\"788\" height=\"443\" border=\"0\" data-original-height=\"900\" data-original-width=\"1600\" data-recalc-dims=\"1\" \/><\/a><\/div>\n<p>&nbsp;<\/p>\n","protected":false},"excerpt":{"rendered":"<p>Freitag hatte ich bereits in unsere WhatsApp-Gruppe gepostet, dass ich den Samstag wegen Reichenbach im Auge behalten w\u00fcrde. Die Prognosen sahen nicht schlecht aus. Aber im Laufe des Tages wurden die vorhergesagten B\u00f6en immer kr\u00e4ftiger. Bis Samstagmorgen wurden &#8211; je nach Wettermodell &#8211; B\u00f6en \u00fcber 45 km\/h prognostiziert. Und nachdem am Samstag der Feldberg schon &hellip; <a href=\"https:\/\/fliegerblog.rjs.de\/?p=1762\" class=\"more-link\"><span class=\"screen-reader-text\">\u201eDWWAHG!\u201c<\/span> weiterlesen<\/a><\/p>\n","protected":false},"author":1,"featured_media":0,"comment_status":"closed","ping_status":"open","sticky":false,"template":"","format":"standard","meta":{"jetpack_post_was_ever_published":false,"footnotes":"","jetpack_publicize_message":"","jetpack_is_tweetstorm":false,"jetpack_publicize_feature_enabled":true,"jetpack_social_options":[]},"categories":[1],"tags":[],"class_list":["post-1762","post","type-post","status-publish","format-standard","hentry","category-uncategorized"],"jetpack_publicize_connections":[],"jetpack_featured_media_url":"","jetpack_shortlink":"https:\/\/wp.me\/s788kK-dwwahg","jetpack-related-posts":[{"id":1898,"url":"https:\/\/fliegerblog.rjs.de\/?p=1898","url_meta":{"origin":1762,"position":0},"title":"Rest vom Fest","date":"Februar 28, 2022","format":false,"excerpt":"Gestern war neben strahlendem Sonnenschein Wind aus SO angesagt. Aber nach den Vorhersagen in den B\u00f6en so stark, dass ich trotzdem nicht an den Hang in Eschbach gegangen bin und stattdessen eine EBike-Tour \u00fcber 75 Kilometer zum Krafttraining nach Eppstein und zur\u00fcck gemacht habe. Das schien mir ges\u00fcnder. Auch wenn\u2026","rel":"","context":"\u00c4hnlicher Beitrag","img":{"alt_text":"","src":"https:\/\/blogger.googleusercontent.com\/img\/a\/AVvXsEhm15Z1udHCUdjbSR6pow3yeMdZXSUgXbzOhFsi0qWIFkIDKOtm3z5_YS6n27ocPLsbbVLQ3CaD1yTL-phvVskNd-SvkNqu8YADdRq_e0VJd4gwpKwzwGRPZMihhnQe_UdottkkXD5wm_BXfOEZXxqH7GHeSd5p0DwuHGTzIcYUFziNHVMcs3rFx4AKcA=w400-h300","width":350,"height":200},"classes":[]},{"id":1216,"url":"https:\/\/fliegerblog.rjs.de\/?p=1216","url_meta":{"origin":1762,"position":1},"title":"Besser als Zahnarzt &#8211; viel besser :-)","date":"Januar 5, 2017","format":false,"excerpt":"Bei mir war f\u00fcr heute Nachmittag eine Routineuntersuchung beim Zahnarzt angesetzt. Aber da es schon Anfang der Woche abzusehen war, dass es f\u00fcr den heutigen Donnerstag eine Chance auf Nordwind gab, habe ich den Termin verschoben. Kaum etwas ist \u00e4rgerlicher als wenn man einen guten Flugtag wegen nicht unbedingt notwendiger\u2026","rel":"","context":"\u00c4hnlicher Beitrag","img":{"alt_text":"","src":"https:\/\/i0.wp.com\/3.bp.blogspot.com\/-aYbRij_R0gU\/WG6WWaOvDmI\/AAAAAAAADP8\/-LD5WtacnBQVod0z1vEblrqOHDxTQnPcwCLcB\/s640\/GOPR0712.JPG?resize=350%2C200&ssl=1","width":350,"height":200},"classes":[]},{"id":1257,"url":"https:\/\/fliegerblog.rjs.de\/?p=1257","url_meta":{"origin":1762,"position":2},"title":"Sportlich und kurz","date":"Mai 17, 2017","format":false,"excerpt":"Der Wind kam heute aus SO und es war angek\u00fcndigt, dass er \u00fcber den Tag zunehmen sollte. Auch waren die angek\u00fcndigten B\u00f6en nicht ohne und \u00a0die sollten im Laufe des Tages nicht nachlassen, sondern eher sogar zunehmen. Ich war deshalb schon 11:30 Uhr in Eschbach am Hang. Der Wind stand\u2026","rel":"","context":"\u00c4hnlicher Beitrag","img":{"alt_text":"","src":"https:\/\/i0.wp.com\/1.bp.blogspot.com\/-n1p3mMWmRkI\/WRxqZbqIBFI\/AAAAAAAADaQ\/iR-IlpGE9UA2cuykm7RKxTYWC8HVChJCgCLcB\/s400\/GOPR2727.JPG?resize=350%2C200&ssl=1","width":350,"height":200},"classes":[]},{"id":21,"url":"https:\/\/fliegerblog.rjs.de\/?p=21","url_meta":{"origin":1762,"position":3},"title":"Heute bin ich nicht ganz zufrieden","date":"Oktober 26, 2008","format":false,"excerpt":"F\u00fcr heute standen richtig gute SW-Windprognosen an. Zumindest am Vormittag, ab ca 13:00 Uhr sollte es zu heftig werden. Ich war dementsprechend fr\u00fch am Hang und am Anfang ging es auch richtig gut. Dann drehte der Wind leider etwas zu weit auf Ost und vor allen Dingen kamen ziemliche B\u00f6en\u2026","rel":"","context":"In &quot;Allgemein&quot;","img":{"alt_text":"","src":"","width":0,"height":0},"classes":[]},{"id":1717,"url":"https:\/\/fliegerblog.rjs.de\/?p=1717","url_meta":{"origin":1762,"position":4},"title":"Winde 2020 &#8211; second shot","date":"Juni 20, 2020","format":false,"excerpt":"Heute kamen die n\u00e4chsten zwei Windenfl\u00fcge 2020 dazu. M\u00fchsam ern\u00e4hrt sich das Eichhorn. Zumal es wegen diesem Schleppwochenende ein ziemliches Hin- und Her gab und auch noch gibt. F\u00fcr Samstag war von meinem Verein urspr\u00fcnglich in Singhofen Schleppen f\u00fcr einen Windenkurs angesetzt - aber Freiflieger konnten dazu kommen. F\u00fcr Sonntag\u2026","rel":"","context":"\u00c4hnlicher Beitrag","img":{"alt_text":"","src":"https:\/\/i0.wp.com\/1.bp.blogspot.com\/-YKzZEN2e8f4\/Xu4uenAblhI\/AAAAAAAAFdk\/x5r0App1ljkf18KCegN3jeT6kWFpacI6ACLcBGAsYHQ\/s320\/GOPR4468.JPG?resize=350%2C200&ssl=1","width":350,"height":200},"classes":[]},{"id":1708,"url":"https:\/\/fliegerblog.rjs.de\/?p=1708","url_meta":{"origin":1762,"position":5},"title":"Kurzsession","date":"Mai 20, 2020","format":false,"excerpt":"Nachdem ich gestern gekniffen habe, bin ich heute an dem MFK. Gestern hatte der gro\u00dfe Kopf B\u00f6en mit 37 Km\/h gemeldet und auch am Hang sollte es bis 20:00 Uhr immer wieder B\u00f6en in der St\u00e4rke geben. Das war mir zu viel, wenngleich ich sp\u00e4ter gesehen habe, dass ein paar\u2026","rel":"","context":"\u00c4hnlicher Beitrag","img":{"alt_text":"","src":"https:\/\/i0.wp.com\/1.bp.blogspot.com\/-PDKPwvFHTSA\/XsVl9HM7BUI\/AAAAAAAAFaM\/vP8YMMZl4AAj9iBJN8uBYdRpaAvPOqLSQCLcBGAsYHQ\/s320\/GOPR4136.JPG?resize=350%2C200&ssl=1","width":350,"height":200},"classes":[]}],"_links":{"self":[{"href":"https:\/\/fliegerblog.rjs.de\/index.php?rest_route=\/wp\/v2\/posts\/1762","targetHints":{"allow":["GET"]}}],"collection":[{"href":"https:\/\/fliegerblog.rjs.de\/index.php?rest_route=\/wp\/v2\/posts"}],"about":[{"href":"https:\/\/fliegerblog.rjs.de\/index.php?rest_route=\/wp\/v2\/types\/post"}],"author":[{"embeddable":true,"href":"https:\/\/fliegerblog.rjs.de\/index.php?rest_route=\/wp\/v2\/users\/1"}],"replies":[{"embeddable":true,"href":"https:\/\/fliegerblog.rjs.de\/index.php?rest_route=%2Fwp%2Fv2%2Fcomments&post=1762"}],"version-history":[{"count":3,"href":"https:\/\/fliegerblog.rjs.de\/index.php?rest_route=\/wp\/v2\/posts\/1762\/revisions"}],"predecessor-version":[{"id":1765,"href":"https:\/\/fliegerblog.rjs.de\/index.php?rest_route=\/wp\/v2\/posts\/1762\/revisions\/1765"}],"wp:attachment":[{"href":"https:\/\/fliegerblog.rjs.de\/index.php?rest_route=%2Fwp%2Fv2%2Fmedia&parent=1762"}],"wp:term":[{"taxonomy":"category","embeddable":true,"href":"https:\/\/fliegerblog.rjs.de\/index.php?rest_route=%2Fwp%2Fv2%2Fcategories&post=1762"},{"taxonomy":"post_tag","embeddable":true,"href":"https:\/\/fliegerblog.rjs.de\/index.php?rest_route=%2Fwp%2Fv2%2Ftags&post=1762"}],"curies":[{"name":"wp","href":"https:\/\/api.w.org\/{rel}","templated":true}]}}