{"id":175,"date":"2009-04-16T15:51:30","date_gmt":"2009-04-16T14:51:30","guid":{"rendered":"http:\/\/www.rjs.de\/fliegerblog\/?p=175"},"modified":"2009-04-16T15:51:30","modified_gmt":"2009-04-16T14:51:30","slug":"saisoneroffnung-windenschlepp","status":"publish","type":"post","link":"https:\/\/fliegerblog.rjs.de\/?p=175","title":{"rendered":"Saisoner\u00f6ffnung Windenschlepp"},"content":{"rendered":"<p>Auf dem Flugplatz in Neu-Anspach war heute Saisoner\u00f6ffnung an der Winde. Waren \u00fcber den Tag sogar fast 10 Flieger da. Die Bedingungen waren gar nicht \u00fcbel. Leicht thermisch, aber nicht zu bockig. Konnte mich bei meinem 2. Flug fast 10 Minuten in der Luft halten und auch die anderen 2 Fl\u00fcge waren durchaus ok. Und ich hatte den ersten Seilriss meiner Karriere. Beim 3. Start ist das bl\u00f6de Seil bei ca. 100 Meter H\u00f6he gerissen. Wow &#8211; der Schirm macht da aber einen gewaltigen Schuss nach vorne. Die Sache ist aber unkritisch abgelaufen. Ich war sofort auf den Bremsen und zudem ist der Instinct gutm\u00fctig in Hinsicht auf Vorschie\u00dfen.<\/p>\n<p><object width=\"425\" height=\"344\"><param name=\"movie\" value=\"http:\/\/www.youtube.com\/v\/0PUEvsRm7GI&#038;hl=de&#038;fs=1\"><\/param><param name=\"allowFullScreen\" value=\"true\"><\/param><param name=\"allowscriptaccess\" value=\"always\"><\/param><\/object><\/p>\n","protected":false},"excerpt":{"rendered":"<p>Auf dem Flugplatz in Neu-Anspach war heute Saisoner\u00f6ffnung an der Winde. Waren \u00fcber den Tag sogar fast 10 Flieger da. Die Bedingungen waren gar nicht \u00fcbel. Leicht thermisch, aber nicht zu bockig. Konnte mich bei meinem 2. Flug fast 10 Minuten in der Luft halten und auch die anderen 2 Fl\u00fcge waren durchaus ok. Und &hellip; <a href=\"https:\/\/fliegerblog.rjs.de\/?p=175\" class=\"more-link\"><span class=\"screen-reader-text\">\u201eSaisoner\u00f6ffnung Windenschlepp\u201c<\/span> weiterlesen<\/a><\/p>\n","protected":false},"author":1,"featured_media":0,"comment_status":"open","ping_status":"open","sticky":false,"template":"","format":"standard","meta":{"jetpack_post_was_ever_published":false,"footnotes":"","jetpack_publicize_message":"","jetpack_is_tweetstorm":false,"jetpack_publicize_feature_enabled":true,"jetpack_social_options":[]},"categories":[2],"tags":[],"class_list":["post-175","post","type-post","status-publish","format-standard","hentry","category-allgemein"],"jetpack_publicize_connections":[],"jetpack_featured_media_url":"","jetpack_shortlink":"https:\/\/wp.me\/p788kK-2P","jetpack-related-posts":[{"id":1283,"url":"https:\/\/fliegerblog.rjs.de\/?p=1283","url_meta":{"origin":175,"position":0},"title":"Laurfenselden 2017 &#8211; das war heute der Start der dortigen Windensaison","date":"Juni 23, 2017","format":false,"excerpt":"Tja, da haben wir heute endlich die Windensaison 2017 in Laufenselden er\u00f6ffnet. Nachdem das halbe Jahr schon durch ist, schien es f\u00fcr heute endlich mal zu passen. Gute Wetterprognosen, Windenfahrer fit und 10 Anmeldungen auf der Doodle-Liste (1 Windenfahrer und 9 Flieger). Bis heute morgen hatte sich die Zahl der\u2026","rel":"","context":"\u00c4hnlicher Beitrag","img":{"alt_text":"","src":"https:\/\/i0.wp.com\/4.bp.blogspot.com\/-I6XAjSKUQ_g\/WU1OzLAxR2I\/AAAAAAAADek\/j92TKE6qiWc3loGnhMLaxYX4uYiwqCr2wCLcBGAs\/s320\/GOPR4369.JPG?resize=350%2C200&ssl=1","width":350,"height":200},"classes":[]},{"id":1431,"url":"https:\/\/fliegerblog.rjs.de\/?p=1431","url_meta":{"origin":175,"position":1},"title":"Meine Saisoner\u00f6ffnung 2018 an der Winde","date":"April 21, 2018","format":false,"excerpt":"Da die Bedingungen die letzte Zeit h\u00e4ufiger recht gut waren, hat die Schleppsaison 2018 schon vor einigen Wochen begonnen. Nur hatte ich noch keine Gelegenheiten teilzunehmen. Letztes Wochenende, an dem wohl \u00fcberall geschleppt wurde, war ich beruflich in Graz, davor hatte ich mich einmal bei Schleppm\u00f6glichkeiten f\u00fcr den Hang entschieden\u2026","rel":"","context":"\u00c4hnlicher Beitrag","img":{"alt_text":"","src":"https:\/\/i0.wp.com\/1.bp.blogspot.com\/-r_xksVnKiX4\/Wtt5XueLRfI\/AAAAAAAAD5Y\/1fx7ddf185w3TU2y_uerAmPEBYw_P2snwCLcBGAs\/s320\/GOPR0345.JPG?resize=350%2C200&ssl=1","width":350,"height":200},"classes":[]},{"id":751,"url":"https:\/\/fliegerblog.rjs.de\/?p=751","url_meta":{"origin":175,"position":2},"title":"Saisoner\u00f6ffnung in Laufenselden","date":"April 4, 2014","format":false,"excerpt":"Ich kann mich nicht entsinnen, dass wir bei den GFT die Windensaison schon einmal so fr\u00fch im Jahr er\u00f6ffnet haben wie dieses Jahr. Wobei da sogar schon letzten Freitag ein Schleppen in Laufenselden stattgefunden hatte, bei dem mir die Bedingungen \u00fcber den Nachmittag aber zu heftig erschienen und ich nicht\u2026","rel":"","context":"In &quot;Allgemein&quot;","img":{"alt_text":"","src":"","width":0,"height":0},"classes":[]},{"id":1342,"url":"https:\/\/fliegerblog.rjs.de\/?p=1342","url_meta":{"origin":175,"position":3},"title":"Meine Saisoner\u00f6ffnung in Neu-Anspach = Abschluss der Windensaison in Neu-Anspach","date":"Oktober 26, 2017","format":false,"excerpt":"In den vergangenen Jahren bin ich ziemlich oft auf dem Flugplatz in Obernhain an der Winde geflogen. Eigentlich mehr als sonst irgendwo. Aber irgendwie kam ich dieses Jahr noch nicht dahin. Genaugenommen sogar sind es mittlerweile 2 Jahre her, seit ich das letzte Mal dort geflogen bin - wenn ich\u2026","rel":"","context":"\u00c4hnlicher Beitrag","img":{"alt_text":"","src":"https:\/\/i0.wp.com\/3.bp.blogspot.com\/--wxEoUXVewg\/WfIXV5EP0xI\/AAAAAAAADow\/6VvKfLIuLlEsSiQP3rsuoU2u-FQLi_dkgCLcBGAs\/s320\/GOPR7270.JPG?resize=350%2C200&ssl=1","width":350,"height":200},"classes":[]},{"id":2032,"url":"https:\/\/fliegerblog.rjs.de\/?p=2032","url_meta":{"origin":175,"position":4},"title":"Schleppender Neustart","date":"August 27, 2023","format":false,"excerpt":"Gestern Abend bin ich von meinem Urlaub aus S\u00fcd-Tirol zur\u00fcckgekommen. Dort habe ich die ganzen Schirme vom Hirzer, Dorf Tirol und Meran 2000 starten sehen (viele davon vom Hotel bzw. dem Pool aus), aber da es ein Familienurlaub war, hatte ich bewusst keinen Gleitschirm mitgenommen. F\u00e4llt schon schwer, ist aber\u2026","rel":"","context":"\u00c4hnlicher Beitrag","img":{"alt_text":"","src":"https:\/\/i0.wp.com\/blogger.googleusercontent.com\/img\/b\/R29vZ2xl\/AVvXsEjwePvmFX232rljxIq-37-wZdsJSFlvZeIsCAHPYzIrrUoqmJu-lgFKbnoTVLw4duklsDZrgRvuyrsUDS716456vVW8nojzHB-bBcKUVriiUn29qDpm_p7-YuM7ncnLv6Dhp3mrWc--XYIj6eYma3eJD5tCUjWspFda0adGCqEME2YXFIbuqn5MH38lqLwS\/s320\/20230827_120150.jpg?resize=350%2C200&ssl=1","width":350,"height":200},"classes":[]},{"id":1939,"url":"https:\/\/fliegerblog.rjs.de\/?p=1939","url_meta":{"origin":175,"position":5},"title":"Unergiebig","date":"Juli 2, 2022","format":false,"excerpt":"Die Flugtage der letzten Wochen und Monate waren bei mir irgendwie nicht so die Bringer - von Ausnahmen abgesehen. Ich merke deutlich, dass meine beiden Lieblingsh\u00e4nge (Reichenbach und MF) aus unterschiedlichen Gr\u00fcnden nicht verf\u00fcgbar sind. Dadurch komme ich insgesamt weniger an den Hang, aber bei den verbleibenden Flugtagen ist dann\u2026","rel":"","context":"\u00c4hnlicher Beitrag","img":{"alt_text":"","src":"","width":0,"height":0},"classes":[]}],"_links":{"self":[{"href":"https:\/\/fliegerblog.rjs.de\/index.php?rest_route=\/wp\/v2\/posts\/175","targetHints":{"allow":["GET"]}}],"collection":[{"href":"https:\/\/fliegerblog.rjs.de\/index.php?rest_route=\/wp\/v2\/posts"}],"about":[{"href":"https:\/\/fliegerblog.rjs.de\/index.php?rest_route=\/wp\/v2\/types\/post"}],"author":[{"embeddable":true,"href":"https:\/\/fliegerblog.rjs.de\/index.php?rest_route=\/wp\/v2\/users\/1"}],"replies":[{"embeddable":true,"href":"https:\/\/fliegerblog.rjs.de\/index.php?rest_route=%2Fwp%2Fv2%2Fcomments&post=175"}],"version-history":[{"count":0,"href":"https:\/\/fliegerblog.rjs.de\/index.php?rest_route=\/wp\/v2\/posts\/175\/revisions"}],"wp:attachment":[{"href":"https:\/\/fliegerblog.rjs.de\/index.php?rest_route=%2Fwp%2Fv2%2Fmedia&parent=175"}],"wp:term":[{"taxonomy":"category","embeddable":true,"href":"https:\/\/fliegerblog.rjs.de\/index.php?rest_route=%2Fwp%2Fv2%2Fcategories&post=175"},{"taxonomy":"post_tag","embeddable":true,"href":"https:\/\/fliegerblog.rjs.de\/index.php?rest_route=%2Fwp%2Fv2%2Ftags&post=175"}],"curies":[{"name":"wp","href":"https:\/\/api.w.org\/{rel}","templated":true}]}}