{"id":1744,"date":"2020-09-19T16:54:29","date_gmt":"2020-09-19T16:54:29","guid":{"rendered":"http:\/\/fliegerblog.rjs.de\/?p=1744"},"modified":"2020-09-19T20:11:19","modified_gmt":"2020-09-19T20:11:19","slug":"erste-fluege-in-2020-an-der-abrollwinde","status":"publish","type":"post","link":"https:\/\/fliegerblog.rjs.de\/?p=1744","title":{"rendered":"Erste Fl\u00fcge in 2020 an der Abrollwinde"},"content":{"rendered":"<p>&nbsp;<\/p>\n<div class=\"separator\" data-original-attrs=\"{&quot;style&quot;:&quot;&quot;}\"><a href=\"https:\/\/www.blogger.com\/#\" data-original-attrs=\"{&quot;data-original-href&quot;:&quot;https:\/\/1.bp.blogspot.com\/-eSuibXaYGIQ\/X2Y1ZQ4F6YI\/AAAAAAAAFpI\/fcShhtCDv645GnVBXpxt2Bs4I8zEPRL6QCLcBGAsYHQ\/s2048\/GOPR6583.JPG&quot;,&quot;style&quot;:&quot;&quot;}\"><img decoding=\"async\" class=\"alignleft\" src=\"https:\/\/i0.wp.com\/1.bp.blogspot.com\/-eSuibXaYGIQ\/X2Y1ZQ4F6YI\/AAAAAAAAFpI\/fcShhtCDv645GnVBXpxt2Bs4I8zEPRL6QCLcBGAsYHQ\/s320\/GOPR6583.JPG?w=320&#038;ssl=1\" border=\"0\" data-original-height=\"1536\" data-original-width=\"2048\" data-recalc-dims=\"1\" \/><\/a><span class=\"d2edcug0 hpfvmrgz qv66sw1b c1et5uql rrkovp55 a8c37x1j keod5gw0 nxhoafnm aigsh9s9 d3f4x2em fe6kdd0r mau55g9w c8b282yb iv3no6db jq4qci2q a3bd9o3v knj5qynh oo9gr5id hzawbc8m\" dir=\"auto\" data-keep-original-tag=\"false\">Nachdem mir die Windprognosen f\u00fcr Singhofen heute sowohl von der Richtung als auch St\u00e4rke nicht geheuer waren und zudem sowieso zu wenige Leute zusammen kamen, bin ich endlich mal wieder nach Wallertheim zur Windenschleppgemeinschaft RheinHessen. Da habe ich es dieses Jahr noch gar nicht hin geschafft (ich bin dieses Jahr sowieso ausschlie\u00dflich bisher in Singhofen an der Winde geflogen) und eigentlich bin ich da immer sehr gerne gewesen. Das Gel\u00e4nde liegt tiefer wie Singhofen und zudem etwas s\u00fcdlicher. Zudem kann man da bei Ostwind fliegen. Also bin ich um 11:00 Uhr dagewesen und es gab heute vor Ort dann \u00fcber den Tag auch in der Tat sch\u00f6ne Schleppbedingungen.<\/span><\/div>\n<div class=\"separator\" data-original-attrs=\"{&quot;style&quot;:&quot;&quot;}\"><a href=\"https:\/\/www.blogger.com\/#\" data-original-attrs=\"{&quot;data-original-href&quot;:&quot;https:\/\/1.bp.blogspot.com\/-iLkeEjKmg7U\/X2Y1VWfV1nI\/AAAAAAAAFpE\/kW5oWvd4m7QQ7V2qNsVDN8fk_U1MgdmzQCLcBGAsYHQ\/s2048\/GOPR6576.JPG&quot;,&quot;style&quot;:&quot;&quot;}\"><img decoding=\"async\" class=\"alignleft\" src=\"https:\/\/i0.wp.com\/1.bp.blogspot.com\/-iLkeEjKmg7U\/X2Y1VWfV1nI\/AAAAAAAAFpE\/kW5oWvd4m7QQ7V2qNsVDN8fk_U1MgdmzQCLcBGAsYHQ\/s320\/GOPR6576.JPG?w=320&#038;ssl=1\" border=\"0\" data-original-height=\"1536\" data-original-width=\"2048\" data-recalc-dims=\"1\" \/><\/a>Ich habe gleich als Dummy den Er\u00f6ffnungsflug des Tages gemacht, der gar nicht schlecht war. Wobei ich mich erst ein wenig an die Abrollwinde gew\u00f6hnen musste. Das Gel\u00e4nde mit den Windr\u00e4dern rund herum tut ein \u00dcbriges, dass die Sache erst einmal wieder recht spannend war.<\/div>\n<div class=\"separator\" data-original-attrs=\"{&quot;style&quot;:&quot;&quot;}\"><a href=\"https:\/\/www.blogger.com\/#\" data-original-attrs=\"{&quot;data-original-href&quot;:&quot;https:\/\/1.bp.blogspot.com\/-JJXqsU4mKRo\/X2Y1S1dyg9I\/AAAAAAAAFo8\/Y_7TXTTE5cgh8Fd_V7hcZV6wg89iHedaACLcBGAsYHQ\/s2048\/GOPR6564.JPG&quot;,&quot;style&quot;:&quot;&quot;}\"><img decoding=\"async\" class=\"alignright\" src=\"https:\/\/i0.wp.com\/1.bp.blogspot.com\/-JJXqsU4mKRo\/X2Y1S1dyg9I\/AAAAAAAAFo8\/Y_7TXTTE5cgh8Fd_V7hcZV6wg89iHedaACLcBGAsYHQ\/s320\/GOPR6564.JPG?w=320&#038;ssl=1\" border=\"0\" data-original-height=\"1536\" data-original-width=\"2048\" data-recalc-dims=\"1\" \/><\/a>Heute waren ziemlich viele Flieger samt Drachen vor Ort und so kam ich bis 16:00 Uhr auch nur noch auf einen weiteren Flug. Was aber nicht schlimm ist, denn ich bin mit der Pr\u00e4misse hingefahren, dass ich 1 oder 2 Fl\u00fcge machen wollte. Die restliche Zeit gab es als Startleiter oder Fahrer der Schleppautos genug zu tun. Der Betrieb einer Abrollwinde ist immer mit viel mehr personellem Aufwand verbunden als bei einer station\u00e4ren Winde mit Motor.<\/div>\n<div class=\"separator\" data-original-attrs=\"{&quot;style&quot;:&quot;&quot;}\"><a href=\"https:\/\/www.blogger.com\/#\" data-original-attrs=\"{&quot;data-original-href&quot;:&quot;https:\/\/1.bp.blogspot.com\/-hgWQoAhaKe8\/X2Y1UsK-uLI\/AAAAAAAAFpA\/eArCIoYeTjQcH4BNNUPOg-5X2aVqMhJOACLcBGAsYHQ\/s2048\/GOPR6562.JPG&quot;,&quot;style&quot;:&quot;&quot;}\"><img decoding=\"async\" class=\"alignleft\" src=\"https:\/\/i0.wp.com\/1.bp.blogspot.com\/-hgWQoAhaKe8\/X2Y1UsK-uLI\/AAAAAAAAFpA\/eArCIoYeTjQcH4BNNUPOg-5X2aVqMhJOACLcBGAsYHQ\/s320\/GOPR6562.JPG?w=320&#038;ssl=1\" border=\"0\" data-original-height=\"1536\" data-original-width=\"2048\" data-recalc-dims=\"1\" \/><\/a>Insgesamt war es wieder sehr sch\u00f6n da und ich hoffe, dass es dieses Jahr f\u00fcr mich nochmal da klappt.<\/div>\n<p><iframe loading=\"lazy\" src=\"https:\/\/www.youtube.com\/embed\/Nk-38PPJIg0\" width=\"560\" height=\"315\" frameborder=\"0\" allowfullscreen=\"allowfullscreen\"><\/iframe><\/p>\n","protected":false},"excerpt":{"rendered":"<p>&nbsp; Nachdem mir die Windprognosen f\u00fcr Singhofen heute sowohl von der Richtung als auch St\u00e4rke nicht geheuer waren und zudem sowieso zu wenige Leute zusammen kamen, bin ich endlich mal wieder nach Wallertheim zur Windenschleppgemeinschaft RheinHessen. Da habe ich es dieses Jahr noch gar nicht hin geschafft (ich bin dieses Jahr sowieso ausschlie\u00dflich bisher in &hellip; <a href=\"https:\/\/fliegerblog.rjs.de\/?p=1744\" class=\"more-link\"><span class=\"screen-reader-text\">\u201eErste Fl\u00fcge in 2020 an der Abrollwinde\u201c<\/span> weiterlesen<\/a><\/p>\n","protected":false},"author":1,"featured_media":0,"comment_status":"closed","ping_status":"open","sticky":false,"template":"","format":"standard","meta":{"jetpack_post_was_ever_published":false,"footnotes":"","jetpack_publicize_message":"","jetpack_is_tweetstorm":false,"jetpack_publicize_feature_enabled":true,"jetpack_social_options":[]},"categories":[1],"tags":[],"class_list":["post-1744","post","type-post","status-publish","format-standard","hentry","category-uncategorized"],"jetpack_publicize_connections":[],"jetpack_featured_media_url":"","jetpack_shortlink":"https:\/\/wp.me\/p788kK-s8","jetpack-related-posts":[{"id":1849,"url":"https:\/\/fliegerblog.rjs.de\/?p=1849","url_meta":{"origin":1744,"position":0},"title":"Erstmals in Boos geflogen","date":"September 2, 2021","format":false,"excerpt":"Seit etwa Mai habe ich eine Jahreskarte f\u00fcr 5 H\u00e4nge in der Gegend von Bad Kreuznach, aber ausser in Auen bin ich bisher nach der Einweisung noch nicht dahin gekommen. Da wir leider an einigen meiner Stammh\u00e4nge Stress haben bzw. die im Moment gar nicht genutzt werden k\u00f6nnen, will ich\u2026","rel":"","context":"\u00c4hnlicher Beitrag","img":{"alt_text":"","src":"https:\/\/i0.wp.com\/1.bp.blogspot.com\/-RKydpWKO75k\/YTD3P_bimaI\/AAAAAAAAGS0\/MxI4CVe2INQkUxcJxZKpiOuJOKxQx2CYgCLcBGAsYHQ\/w400-h300\/GOPR9773.JPG?resize=350%2C200&ssl=1","width":350,"height":200},"classes":[]},{"id":1829,"url":"https:\/\/fliegerblog.rjs.de\/?p=1829","url_meta":{"origin":1744,"position":1},"title":"Zuwachs bei der Flugelektronik","date":"Juli 15, 2021","format":false,"excerpt":"Bisher nutze ich als Vario ein altes Kobo mini (ein E-Book-Reader) mit angeflanschtem GPS-Sensor und XCSoar als Software. Befestigt habe ich den Kobo auf einem Flugcockpit. Diese zusammengebastelte Kombination hatte ich mir vor etwa 4 Jahren gekauft. Im Grunde funktioniert die Sache. So gar ziemlich gut, denn der Kobo hat\u2026","rel":"","context":"\u00c4hnlicher Beitrag","img":{"alt_text":"","src":"https:\/\/i0.wp.com\/1.bp.blogspot.com\/-M7Z-pDagxyE\/YPAPj5BxLSI\/AAAAAAAAGNM\/EQHvIY-NpyseNjloWrI4ukiTqJpRjncFgCLcBGAsYHQ\/w338-h400\/Zwischenablage01.png?resize=350%2C200&ssl=1","width":350,"height":200},"classes":[]},{"id":1820,"url":"https:\/\/fliegerblog.rjs.de\/?p=1820","url_meta":{"origin":1744,"position":2},"title":"Halbwegs gem\u00fctliches Einfliegen an der Winde","date":"Juni 26, 2021","format":false,"excerpt":"Jetzt hat auch endlich f\u00fcr mich die Schlepp-Saison 2021 begonnen. Mein Verein hatte heute einen Schlepptermin angesetzt und dieses Mal hat auch das Wetter gepasst. Eine Alternative w\u00e4re in Wallertheim bei der Schleppgemeinschaft Rheinhessen gewesen, aber ich hatte mich schon fr\u00fch f\u00fcr Singhofen angemeldet. Und in Wallertheim wird u.U. auch\u2026","rel":"","context":"\u00c4hnlicher Beitrag","img":{"alt_text":"","src":"https:\/\/i0.wp.com\/1.bp.blogspot.com\/-xGCH9NwncZw\/YNdL4c_5YEI\/AAAAAAAAGIQ\/20R0e6GLIpQynAe2c38YA5UEerFZFtARgCLcBGAsYHQ\/w400-h300\/GOPR7990.JPG?resize=350%2C200&ssl=1","width":350,"height":200},"classes":[]},{"id":1866,"url":"https:\/\/fliegerblog.rjs.de\/?p=1866","url_meta":{"origin":1744,"position":3},"title":"Ausnahmsweise Sonntags","date":"Oktober 24, 2021","format":false,"excerpt":"\u00a0 Es gibt so einen uralten bl\u00f6den Schlager mit dem Titel \"Immer wieder Sonntags ...\". Bei mir ist es umgekehrt - am Wochenende und vor allen Dingen am Sonntag meide ich fliegerische Hotspots wie Eschbach. Insbesondere dann, wenn es verspricht ziemlich gut\u00a0 zu werden. Aber da sowohl das letzte Wochenende\u2026","rel":"","context":"\u00c4hnlicher Beitrag","img":{"alt_text":"","src":"https:\/\/i0.wp.com\/1.bp.blogspot.com\/-cJ8xAKz7YSg\/YXWRpf1VC3I\/AAAAAAAAGXw\/5E8DBD72zcMFIk1Vd9sZ7lG7bMa2qmx3wCLcBGAsYHQ\/w400-h300\/IMG_20211024_112523.jpg?resize=350%2C200&ssl=1","width":350,"height":200},"classes":[]},{"id":130,"url":"https:\/\/fliegerblog.rjs.de\/?p=130","url_meta":{"origin":1744,"position":4},"title":"Warum der Blog","date":"Januar 6, 2007","format":false,"excerpt":"Warum ich hier bloggeOk - es ist Zeit f\u00fcr einen eigenen Blog. Nachdem ich bereits 1996 mein erstes HTML-Buch geschrieben (dem kaum zu z\u00e4hlende andere Web-B\u00fccher und Zeitungsartikel mittlerweile gefolgt sind) und zig Leute in der Erstellung und Programmierung von Webseiten geschult habe, bin ich auf der einen Seite ein\u2026","rel":"","context":"In &quot;Allgemein&quot;","img":{"alt_text":"","src":"","width":0,"height":0},"classes":[]},{"id":2021,"url":"https:\/\/fliegerblog.rjs.de\/?p=2021","url_meta":{"origin":1744,"position":5},"title":"Im morgendlichen Sonnenaufgang mit M\u00f6ven fliegen","date":"Juli 27, 2023","format":false,"excerpt":"Gestern war der erste fliegerische Totalausfall der Flugreise nach D\u00e4nemark, aber heute morgen daf\u00fcr der Tag der Tage f\u00fcr mich. Um 5 Uhr aufgestanden und um 6 Uhr in der Luft gewesen. Bis 8:15 Uhr nur zweimal kurz den Boden ber\u00fchrt und mit den M\u00f6ven die D\u00fcnen entlang gesoart. Das\u2026","rel":"","context":"\u00c4hnlicher Beitrag","img":{"alt_text":"","src":"https:\/\/i0.wp.com\/blogger.googleusercontent.com\/img\/b\/R29vZ2xl\/AVvXsEjdBn-c8iMfkX7jEie6gUs8T5mFRTWbBReZ0tKwEpCw2x9sIDpbF9AleKTDXuEDwutYJm6tF6kCgc9kJEdBe8PXL1_kA6b6rptRa6qxWD5fobJ_7XuXK4OSs54uQUTNZ07V4bN86gFzVWeoISpnMoBoML7FdjW9LQAqU1E2j-Y6qFOZ0y9m1cjw7fDGIpQW\/w400-h300\/20230727_055300.jpg?resize=350%2C200&ssl=1","width":350,"height":200},"classes":[]}],"_links":{"self":[{"href":"https:\/\/fliegerblog.rjs.de\/index.php?rest_route=\/wp\/v2\/posts\/1744","targetHints":{"allow":["GET"]}}],"collection":[{"href":"https:\/\/fliegerblog.rjs.de\/index.php?rest_route=\/wp\/v2\/posts"}],"about":[{"href":"https:\/\/fliegerblog.rjs.de\/index.php?rest_route=\/wp\/v2\/types\/post"}],"author":[{"embeddable":true,"href":"https:\/\/fliegerblog.rjs.de\/index.php?rest_route=\/wp\/v2\/users\/1"}],"replies":[{"embeddable":true,"href":"https:\/\/fliegerblog.rjs.de\/index.php?rest_route=%2Fwp%2Fv2%2Fcomments&post=1744"}],"version-history":[{"count":2,"href":"https:\/\/fliegerblog.rjs.de\/index.php?rest_route=\/wp\/v2\/posts\/1744\/revisions"}],"predecessor-version":[{"id":1746,"href":"https:\/\/fliegerblog.rjs.de\/index.php?rest_route=\/wp\/v2\/posts\/1744\/revisions\/1746"}],"wp:attachment":[{"href":"https:\/\/fliegerblog.rjs.de\/index.php?rest_route=%2Fwp%2Fv2%2Fmedia&parent=1744"}],"wp:term":[{"taxonomy":"category","embeddable":true,"href":"https:\/\/fliegerblog.rjs.de\/index.php?rest_route=%2Fwp%2Fv2%2Fcategories&post=1744"},{"taxonomy":"post_tag","embeddable":true,"href":"https:\/\/fliegerblog.rjs.de\/index.php?rest_route=%2Fwp%2Fv2%2Ftags&post=1744"}],"curies":[{"name":"wp","href":"https:\/\/api.w.org\/{rel}","templated":true}]}}