{"id":1708,"date":"2020-05-20T17:28:30","date_gmt":"2020-05-20T17:28:30","guid":{"rendered":"http:\/\/fliegerblog.rjs.de\/?p=1708"},"modified":"2020-05-20T17:28:30","modified_gmt":"2020-05-20T17:28:30","slug":"kurzsession","status":"publish","type":"post","link":"https:\/\/fliegerblog.rjs.de\/?p=1708","title":{"rendered":"Kurzsession"},"content":{"rendered":"<p class=\"separator\"><a href=\"https:\/\/i0.wp.com\/1.bp.blogspot.com\/-PDKPwvFHTSA\/XsVl9HM7BUI\/AAAAAAAAFaM\/vP8YMMZl4AAj9iBJN8uBYdRpaAvPOqLSQCLcBGAsYHQ\/s1600\/GOPR4136.JPG?ssl=1\"><img loading=\"lazy\" decoding=\"async\" class=\"alignleft\" src=\"https:\/\/i0.wp.com\/1.bp.blogspot.com\/-PDKPwvFHTSA\/XsVl9HM7BUI\/AAAAAAAAFaM\/vP8YMMZl4AAj9iBJN8uBYdRpaAvPOqLSQCLcBGAsYHQ\/s320\/GOPR4136.JPG?resize=320%2C240&#038;ssl=1\" width=\"320\" height=\"240\" border=\"0\" data-original-width=\"1600\" data-original-height=\"1200\" data-recalc-dims=\"1\" \/><\/a>Nachdem ich gestern gekniffen habe, bin ich heute an dem MFK. Gestern hatte der gro\u00dfe Kopf B\u00f6en mit 37 Km\/h gemeldet und auch am Hang sollte es bis 20:00 Uhr immer wieder B\u00f6en in der St\u00e4rke geben. Das war mir zu viel, wenngleich ich sp\u00e4ter gesehen habe, dass ein paar Flieger nach 18:00 Uhr ziemlich gut geflogen sind. Aber so hart brauche ich es nicht. Heute war es moderater angek\u00fcndigt &#8211; auch wenn die Diskussion in WhatsApp \u00dcberentwicklung und zuviel Ost ins Spiel gebracht haben.<\/p>\n<p class=\"separator\"><a href=\"https:\/\/i0.wp.com\/1.bp.blogspot.com\/-mOTCfEJpCtE\/XsVl9kQM1MI\/AAAAAAAAFaQ\/ozlUjjXDZaUo185AfcEA4cJS05weV16VACLcBGAsYHQ\/s1600\/GOPR4140.JPG?ssl=1\"><img loading=\"lazy\" decoding=\"async\" class=\"alignright\" src=\"https:\/\/i0.wp.com\/1.bp.blogspot.com\/-mOTCfEJpCtE\/XsVl9kQM1MI\/AAAAAAAAFaQ\/ozlUjjXDZaUo185AfcEA4cJS05weV16VACLcBGAsYHQ\/s320\/GOPR4140.JPG?resize=320%2C240&#038;ssl=1\" width=\"320\" height=\"240\" border=\"0\" data-original-width=\"1600\" data-original-height=\"1200\" data-recalc-dims=\"1\" \/><\/a><\/p>\n<p>Ich musste sowieso nach Eppstein was schaffen und wollte danach dann an den Hang. Aber direkt vor Eppstein war die B455 voll gesperrt. Also umgedreht und erst weiter an den Hang. War eine gute Entscheidung, denn es gab ganz gute Bedingungen zum Handlen und auch f\u00fcr kleinere Fl\u00fcge. Zwar mit etwas zu viel West (!) drin, aber damit konnte man umgehen. Wir waren erst nur zu 2., aber nach und nach kamen noch ein paar mehr Flieger, w\u00e4hrend der Wind dann in der Tat auf NO gedreht und auch nachgelassen hat. Gegen 16:00 Uhr bin ich weg, um meine Arbeit nachzuholen und ich denke, dass die Bedingungen danach auch eher mauer wurden.<\/p>\n","protected":false},"excerpt":{"rendered":"<p>Nachdem ich gestern gekniffen habe, bin ich heute an dem MFK. Gestern hatte der gro\u00dfe Kopf B\u00f6en mit 37 Km\/h gemeldet und auch am Hang sollte es bis 20:00 Uhr immer wieder B\u00f6en in der St\u00e4rke geben. Das war mir zu viel, wenngleich ich sp\u00e4ter gesehen habe, dass ein paar Flieger nach 18:00 Uhr ziemlich &hellip; <a href=\"https:\/\/fliegerblog.rjs.de\/?p=1708\" class=\"more-link\"><span class=\"screen-reader-text\">\u201eKurzsession\u201c<\/span> weiterlesen<\/a><\/p>\n","protected":false},"author":1,"featured_media":0,"comment_status":"closed","ping_status":"open","sticky":false,"template":"","format":"standard","meta":{"jetpack_post_was_ever_published":false,"footnotes":"","jetpack_publicize_message":"","jetpack_is_tweetstorm":false,"jetpack_publicize_feature_enabled":true,"jetpack_social_options":[]},"categories":[1],"tags":[],"class_list":["post-1708","post","type-post","status-publish","format-standard","hentry","category-uncategorized"],"jetpack_publicize_connections":[],"jetpack_featured_media_url":"","jetpack_shortlink":"https:\/\/wp.me\/p788kK-ry","jetpack-related-posts":[{"id":1898,"url":"https:\/\/fliegerblog.rjs.de\/?p=1898","url_meta":{"origin":1708,"position":0},"title":"Rest vom Fest","date":"Februar 28, 2022","format":false,"excerpt":"Gestern war neben strahlendem Sonnenschein Wind aus SO angesagt. Aber nach den Vorhersagen in den B\u00f6en so stark, dass ich trotzdem nicht an den Hang in Eschbach gegangen bin und stattdessen eine EBike-Tour \u00fcber 75 Kilometer zum Krafttraining nach Eppstein und zur\u00fcck gemacht habe. Das schien mir ges\u00fcnder. Auch wenn\u2026","rel":"","context":"\u00c4hnlicher Beitrag","img":{"alt_text":"","src":"https:\/\/blogger.googleusercontent.com\/img\/a\/AVvXsEhm15Z1udHCUdjbSR6pow3yeMdZXSUgXbzOhFsi0qWIFkIDKOtm3z5_YS6n27ocPLsbbVLQ3CaD1yTL-phvVskNd-SvkNqu8YADdRq_e0VJd4gwpKwzwGRPZMihhnQe_UdottkkXD5wm_BXfOEZXxqH7GHeSd5p0DwuHGTzIcYUFziNHVMcs3rFx4AKcA=w400-h300","width":350,"height":200},"classes":[]},{"id":21,"url":"https:\/\/fliegerblog.rjs.de\/?p=21","url_meta":{"origin":1708,"position":1},"title":"Heute bin ich nicht ganz zufrieden","date":"Oktober 26, 2008","format":false,"excerpt":"F\u00fcr heute standen richtig gute SW-Windprognosen an. Zumindest am Vormittag, ab ca 13:00 Uhr sollte es zu heftig werden. Ich war dementsprechend fr\u00fch am Hang und am Anfang ging es auch richtig gut. Dann drehte der Wind leider etwas zu weit auf Ost und vor allen Dingen kamen ziemliche B\u00f6en\u2026","rel":"","context":"In &quot;Allgemein&quot;","img":{"alt_text":"","src":"","width":0,"height":0},"classes":[]},{"id":1257,"url":"https:\/\/fliegerblog.rjs.de\/?p=1257","url_meta":{"origin":1708,"position":2},"title":"Sportlich und kurz","date":"Mai 17, 2017","format":false,"excerpt":"Der Wind kam heute aus SO und es war angek\u00fcndigt, dass er \u00fcber den Tag zunehmen sollte. Auch waren die angek\u00fcndigten B\u00f6en nicht ohne und \u00a0die sollten im Laufe des Tages nicht nachlassen, sondern eher sogar zunehmen. Ich war deshalb schon 11:30 Uhr in Eschbach am Hang. Der Wind stand\u2026","rel":"","context":"\u00c4hnlicher Beitrag","img":{"alt_text":"","src":"https:\/\/i0.wp.com\/1.bp.blogspot.com\/-n1p3mMWmRkI\/WRxqZbqIBFI\/AAAAAAAADaQ\/iR-IlpGE9UA2cuykm7RKxTYWC8HVChJCgCLcB\/s400\/GOPR2727.JPG?resize=350%2C200&ssl=1","width":350,"height":200},"classes":[]},{"id":1527,"url":"https:\/\/fliegerblog.rjs.de\/?p=1527","url_meta":{"origin":1708,"position":3},"title":"Kurze Weihnachtssession","date":"Dezember 24, 2018","format":false,"excerpt":"Das war dringend mal wieder notwendig. Die letzten Wochen hat es einfach nicht mit Fliegen geklappt. Und nat\u00fcrlich ist der einzige Tag mit einer gewissen Chance auf Airtime auf Weihnachten gefallen. Dabei ist mir die Chance gestern nur so nebenher aufgefallen, denn im Vorfeld hatte ich die Sache \u00fcberhaupt nicht\u2026","rel":"","context":"\u00c4hnlicher Beitrag","img":{"alt_text":"","src":"https:\/\/i0.wp.com\/1.bp.blogspot.com\/-omLehCBlY9E\/XCD6PKG9wxI\/AAAAAAAAEVs\/38SAZnGDDCcg84Z00HVNf56kWJLTyAUwgCLcBGAs\/s320\/GOPR5196.JPG?resize=350%2C200&ssl=1","width":350,"height":200},"classes":[]},{"id":1105,"url":"https:\/\/fliegerblog.rjs.de\/?p=1105","url_meta":{"origin":1708,"position":4},"title":"Schneefliegen","date":"Januar 17, 2016","format":false,"excerpt":"Ich hatte Anfang der Woche zwar gesehen, dass f\u00fcr dieses Wochenende Nordwind angek\u00fcndigt war. Aber es sah f\u00fcr mich aus als w\u00fcrde es viel zu stark und b\u00f6ig. Gestern Abend ging aber ein Post auf WhatsApp raus, ob heute MFK ging? Also doch nochmal geschaut und es sah mir immer\u2026","rel":"","context":"\u00c4hnlicher Beitrag","img":{"alt_text":"","src":"","width":0,"height":0},"classes":[]},{"id":1216,"url":"https:\/\/fliegerblog.rjs.de\/?p=1216","url_meta":{"origin":1708,"position":5},"title":"Besser als Zahnarzt &#8211; viel besser :-)","date":"Januar 5, 2017","format":false,"excerpt":"Bei mir war f\u00fcr heute Nachmittag eine Routineuntersuchung beim Zahnarzt angesetzt. Aber da es schon Anfang der Woche abzusehen war, dass es f\u00fcr den heutigen Donnerstag eine Chance auf Nordwind gab, habe ich den Termin verschoben. Kaum etwas ist \u00e4rgerlicher als wenn man einen guten Flugtag wegen nicht unbedingt notwendiger\u2026","rel":"","context":"\u00c4hnlicher Beitrag","img":{"alt_text":"","src":"https:\/\/i0.wp.com\/3.bp.blogspot.com\/-aYbRij_R0gU\/WG6WWaOvDmI\/AAAAAAAADP8\/-LD5WtacnBQVod0z1vEblrqOHDxTQnPcwCLcB\/s640\/GOPR0712.JPG?resize=350%2C200&ssl=1","width":350,"height":200},"classes":[]}],"_links":{"self":[{"href":"https:\/\/fliegerblog.rjs.de\/index.php?rest_route=\/wp\/v2\/posts\/1708","targetHints":{"allow":["GET"]}}],"collection":[{"href":"https:\/\/fliegerblog.rjs.de\/index.php?rest_route=\/wp\/v2\/posts"}],"about":[{"href":"https:\/\/fliegerblog.rjs.de\/index.php?rest_route=\/wp\/v2\/types\/post"}],"author":[{"embeddable":true,"href":"https:\/\/fliegerblog.rjs.de\/index.php?rest_route=\/wp\/v2\/users\/1"}],"replies":[{"embeddable":true,"href":"https:\/\/fliegerblog.rjs.de\/index.php?rest_route=%2Fwp%2Fv2%2Fcomments&post=1708"}],"version-history":[{"count":1,"href":"https:\/\/fliegerblog.rjs.de\/index.php?rest_route=\/wp\/v2\/posts\/1708\/revisions"}],"predecessor-version":[{"id":1709,"href":"https:\/\/fliegerblog.rjs.de\/index.php?rest_route=\/wp\/v2\/posts\/1708\/revisions\/1709"}],"wp:attachment":[{"href":"https:\/\/fliegerblog.rjs.de\/index.php?rest_route=%2Fwp%2Fv2%2Fmedia&parent=1708"}],"wp:term":[{"taxonomy":"category","embeddable":true,"href":"https:\/\/fliegerblog.rjs.de\/index.php?rest_route=%2Fwp%2Fv2%2Fcategories&post=1708"},{"taxonomy":"post_tag","embeddable":true,"href":"https:\/\/fliegerblog.rjs.de\/index.php?rest_route=%2Fwp%2Fv2%2Ftags&post=1708"}],"curies":[{"name":"wp","href":"https:\/\/api.w.org\/{rel}","templated":true}]}}