{"id":17,"date":"2008-11-15T17:58:00","date_gmt":"2008-11-15T17:58:00","guid":{"rendered":"http:\/\/www.rjs.de\/fliegerblog\/?p=17"},"modified":"2008-11-15T17:58:00","modified_gmt":"2008-11-15T17:58:00","slug":"trube","status":"publish","type":"post","link":"https:\/\/fliegerblog.rjs.de\/?p=17","title":{"rendered":"Tr\u00fcbe"},"content":{"rendered":"<p>Heute war ein richtiger Novembertag. Tr\u00fcbe. Am Hang in Reichenbach ging nur begrenzt was (3 Abgleiter bis unten und ein paar H\u00fcpfer), aber 3 Stunden frische Luft getankt.<\/p>\n<div class=\"blogger-post-footer\"><script type=\"text\/javascript\"><!--\ngoogle_ad_client = \"pub-4702984279656494\";\ngoogle_ad_width = 468;\ngoogle_ad_height = 60;\ngoogle_ad_format = \"468x60_as_rimg\";\ngoogle_cpa_choice = \"CAAQlNHphwIaCFxy_-mnISvEKNDv6n4\";\ngoogle_ad_channel = \"0174140724\";\n\/\/--><\/script><br \/>\n<script type=\"text\/javascript\" src=\"http:\/\/pagead2.googlesyndication.com\/pagead\/show_ads.js\">\n<\/script><\/div>\n","protected":false},"excerpt":{"rendered":"<p>Heute war ein richtiger Novembertag. Tr\u00fcbe. Am Hang in Reichenbach ging nur begrenzt was (3 Abgleiter bis unten und ein paar H\u00fcpfer), aber 3 Stunden frische Luft getankt.<\/p>\n","protected":false},"author":1,"featured_media":0,"comment_status":"open","ping_status":"open","sticky":false,"template":"","format":"standard","meta":{"jetpack_post_was_ever_published":false,"footnotes":"","jetpack_publicize_message":"","jetpack_is_tweetstorm":false,"jetpack_publicize_feature_enabled":true,"jetpack_social_options":[]},"categories":[2],"tags":[],"class_list":["post-17","post","type-post","status-publish","format-standard","hentry","category-allgemein"],"jetpack_publicize_connections":[],"jetpack_featured_media_url":"","jetpack_shortlink":"https:\/\/wp.me\/s788kK-trube","jetpack-related-posts":[{"id":844,"url":"https:\/\/fliegerblog.rjs.de\/?p=844","url_meta":{"origin":17,"position":0},"title":"Suppe umr\u00fchren","date":"Oktober 12, 2014","format":false,"excerpt":"Heute gab es Wind aus \u00f6stlichen Richtungen und da geht Eschbach sehr oft ziemlich gut, wenn da noch etwas S\u00fcdwind einflie\u00dft. Gegen 12:30 Uhr war ich am Hang, aber es hat tr\u00fcbe Suppe auf dem Hang gehangen und der Wind kam genau aus Ost. Dazu war er nicht sonderlich stark.\u2026","rel":"","context":"In &quot;Allgemein&quot;","img":{"alt_text":"","src":"","width":0,"height":0},"classes":[]},{"id":1384,"url":"https:\/\/fliegerblog.rjs.de\/?p=1384","url_meta":{"origin":17,"position":1},"title":"Sonnenstrahlen im tr\u00fcben Grau des Winters","date":"Januar 27, 2018","format":false,"excerpt":"Dieser Winter ist angeblich tr\u00fcber als irgendein Winter seit Wetteraufzeichnung. Wenn dann schon heute Sonne und zudem zumindest schwacher Wind aus S\u00fcd angesagt war, musste ich einfach mal mit dem Schirm raus. Reichenbach bietet sich f\u00fcr so einen Kurztripp immer an, zumal ich sowieso in der Ecke unterwegs war. Ich\u2026","rel":"","context":"\u00c4hnlicher Beitrag","img":{"alt_text":"","src":"https:\/\/i0.wp.com\/2.bp.blogspot.com\/-e4b2WVIHssg\/Wmy_LR2YceI\/AAAAAAAADtE\/Qy1JmzaHNnYMjIEWowqN1FQGcXIEajALACLcBGAs\/s320\/WhatsApp%2BImage%2B2018-01-27%2Bat%2B17.04.36.jpeg?resize=350%2C200&ssl=1","width":350,"height":200},"classes":[]},{"id":826,"url":"https:\/\/fliegerblog.rjs.de\/?p=826","url_meta":{"origin":17,"position":2},"title":"Das sah lange Zeit nach einem Satz mit X aus&#8230;","date":"September 13, 2014","format":false,"excerpt":"..., aber gegen Abend wurde es doch noch ganz nett. Die Prognosen f\u00fcr heute hatten laut DWD ziemlichen starken H\u00f6henwind und auch in niedrigen Regionen heftige B\u00f6en vorausgesagt. Nach WF und WZ hingegen sah es nicht so stark aus. Aber nachdem es gestern bei WF und WZ genauso ausgesehen hatte\u2026","rel":"","context":"In &quot;Allgemein&quot;","img":{"alt_text":"","src":"","width":0,"height":0},"classes":[]},{"id":876,"url":"https:\/\/fliegerblog.rjs.de\/?p=876","url_meta":{"origin":17,"position":3},"title":"Anfliegen an Neujahr","date":"Januar 1, 2015","format":false,"excerpt":"Das Jahr 2015 war 13,5 Stunden alt und damit gef\u00fchlt schon fast vor\u00fcber, als ich den ersten kleinen Flug f\u00fcr das neue Jahr gemacht habe. Es sah im Vorfeld in den Prognosen f\u00fcr das heutige Neujahr eigentlich ziemlich gut f\u00fcr Reichenbach aus. Es sollte ganz guter Wind aus SW kommen\u2026","rel":"","context":"In &quot;Allgemein&quot;","img":{"alt_text":"","src":"https:\/\/i0.wp.com\/4.bp.blogspot.com\/--DVI4YxnSLM\/VKWFOCI63vI\/AAAAAAAACOU\/UFxys1R-uho\/s1600\/IMG-20150101-WA0001.jpg?resize=350%2C200","width":350,"height":200},"classes":[]},{"id":2095,"url":"https:\/\/fliegerblog.rjs.de\/?p=2095","url_meta":{"origin":17,"position":4},"title":"Wildcat &#038; Minicamper","date":"Mai 18, 2024","format":false,"excerpt":"Heute war wieder NW angesagt und damit der gleiche Strand bei Westkapelle. Aber die Aktion von gestern, bei der ich die gesamte Strecke mit dem Rad gefahren bin, wollte ich mir heute nicht mehr antun. Zumal das Wetter recht k\u00fchl und tr\u00fcbe am Anfang daherkam und ich mehr Sachen mitnehmen\u2026","rel":"","context":"\u00c4hnlicher Beitrag","img":{"alt_text":"","src":"https:\/\/i0.wp.com\/blogger.googleusercontent.com\/img\/b\/R29vZ2xl\/AVvXsEhOGkd1aZUIhcdnNPRnvPYW-_2ys7rhuyEjgQgs1fx_y_CAREwJo-pYXXnge8uh4eocD996rNPQO837AwlUIfivKDYcHNYLt7hrr_IoJw3E_BqBR3AK68Uv6E-JydlGZTIje83c60URpakvbJRIi4lPMxOBzamoAPk0Q1iCsqQLWazGIditqg7y0bauQ4IH\/s320\/WhatsApp%20Image%202024-05-18%20at%2017.46.38.jpeg?resize=350%2C200&ssl=1","width":350,"height":200},"classes":[]},{"id":15,"url":"https:\/\/fliegerblog.rjs.de\/?p=15","url_meta":{"origin":17,"position":5},"title":"Nikolausgeschenk","date":"Dezember 7, 2008","format":false,"excerpt":"Man,die letzten Wochen waren im Beruf nur stressig. Aber zum Fliegen w\u00e4re man wegen dem Sch...wetter sowieso nicht gekommen. Mittwoch waren wir sogar eingeschneit.F\u00fcr heute war es recht tr\u00fcbe angesagt. Dazu schwacher Wind aus NW-N (so um die 8 Knoten). Wirklich kein Highlight. Dennoch - man muss z.Z. nehmen was\u2026","rel":"","context":"In &quot;Allgemein&quot;","img":{"alt_text":"","src":"","width":0,"height":0},"classes":[]}],"_links":{"self":[{"href":"https:\/\/fliegerblog.rjs.de\/index.php?rest_route=\/wp\/v2\/posts\/17","targetHints":{"allow":["GET"]}}],"collection":[{"href":"https:\/\/fliegerblog.rjs.de\/index.php?rest_route=\/wp\/v2\/posts"}],"about":[{"href":"https:\/\/fliegerblog.rjs.de\/index.php?rest_route=\/wp\/v2\/types\/post"}],"author":[{"embeddable":true,"href":"https:\/\/fliegerblog.rjs.de\/index.php?rest_route=\/wp\/v2\/users\/1"}],"replies":[{"embeddable":true,"href":"https:\/\/fliegerblog.rjs.de\/index.php?rest_route=%2Fwp%2Fv2%2Fcomments&post=17"}],"version-history":[{"count":0,"href":"https:\/\/fliegerblog.rjs.de\/index.php?rest_route=\/wp\/v2\/posts\/17\/revisions"}],"wp:attachment":[{"href":"https:\/\/fliegerblog.rjs.de\/index.php?rest_route=%2Fwp%2Fv2%2Fmedia&parent=17"}],"wp:term":[{"taxonomy":"category","embeddable":true,"href":"https:\/\/fliegerblog.rjs.de\/index.php?rest_route=%2Fwp%2Fv2%2Fcategories&post=17"},{"taxonomy":"post_tag","embeddable":true,"href":"https:\/\/fliegerblog.rjs.de\/index.php?rest_route=%2Fwp%2Fv2%2Ftags&post=17"}],"curies":[{"name":"wp","href":"https:\/\/api.w.org\/{rel}","templated":true}]}}