{"id":1669,"date":"2019-09-21T19:26:46","date_gmt":"2019-09-21T19:26:46","guid":{"rendered":"http:\/\/fliegerblog.rjs.de\/?p=1669"},"modified":"2019-09-21T19:26:46","modified_gmt":"2019-09-21T19:26:46","slug":"immer-wieder-krass-was-ein-hang-mit-15-meter-hoehenunterschied-ergibt","status":"publish","type":"post","link":"https:\/\/fliegerblog.rjs.de\/?p=1669","title":{"rendered":"Immer wieder krass, was ein Hang mit 15 Meter H\u00f6henunterschied ergibt"},"content":{"rendered":"<p>&nbsp;<\/p>\n<div class=\"separator\" style=\"clear: left; float: left; margin-bottom: 1em; margin-right: 1em; text-align: center;\"><img loading=\"lazy\" decoding=\"async\" src=\"https:\/\/i0.wp.com\/1.bp.blogspot.com\/-ogKVLXSAU3E\/XYZvptPRNXI\/AAAAAAAAFBo\/0TDIesqm8Lg93A6ucmizIhf02ThT3FyZgCLcBGAsYHQ\/s320\/GOPR1676.JPG?resize=320%2C240&#038;ssl=1\" width=\"320\" height=\"240\" border=\"0\" data-original-height=\"1200\" data-original-width=\"1600\" data-recalc-dims=\"1\" \/><\/div>\n<p>Die letzten Wochen und Monate bin ich viel weniger zum Fliegen gekommen als \u00fcblich und eigentlich auch geplant f\u00fcr die Sommerzeit. Aber es hat irgendwie oft einfach nicht gepasst.<\/p>\n<div class=\"separator\" style=\"clear: both; text-align: center;\"><a style=\"clear: left; float: left; margin-bottom: 1em; margin-right: 1em;\" href=\"https:\/\/i0.wp.com\/1.bp.blogspot.com\/-071AD3lBS0E\/XYZvU-eQEsI\/AAAAAAAAFBI\/qmDAoj_bMpsaHyEw9JF9UTIkpE7uEZNIQCLcBGAsYHQ\/s1600\/GOPR1581.JPG?ssl=1\"><img loading=\"lazy\" decoding=\"async\" src=\"https:\/\/i0.wp.com\/1.bp.blogspot.com\/-071AD3lBS0E\/XYZvU-eQEsI\/AAAAAAAAFBI\/qmDAoj_bMpsaHyEw9JF9UTIkpE7uEZNIQCLcBGAsYHQ\/s320\/GOPR1581.JPG?resize=320%2C240&#038;ssl=1\" width=\"320\" height=\"240\" border=\"0\" data-original-height=\"1200\" data-original-width=\"1600\" data-recalc-dims=\"1\" \/><\/a><\/div>\n<p>Wobei es jammern auf hohem Niveau ist, denn es waren schon regelm\u00e4\u00dfige Sessions dabei. Aber fast nur an der Winde. Am Hang war ich schon mehrere Wochen nicht mehr und \u00fcber das Jahr insgesamt aus dem Bauch heraus sogar weniger als an der Winde.<\/p>\n<div class=\"separator\" style=\"clear: both; text-align: center;\"><a style=\"clear: left; float: left; margin-bottom: 1em; margin-right: 1em;\" href=\"https:\/\/i0.wp.com\/1.bp.blogspot.com\/-zonj5IMr5xo\/XYZvVdP-aZI\/AAAAAAAAFBM\/vi2xKRbxEao74dg20_WsWSAGxPtaiC67ACLcBGAsYHQ\/s1600\/GOPR1646.JPG?ssl=1\"><img loading=\"lazy\" decoding=\"async\" src=\"https:\/\/i0.wp.com\/1.bp.blogspot.com\/-zonj5IMr5xo\/XYZvVdP-aZI\/AAAAAAAAFBM\/vi2xKRbxEao74dg20_WsWSAGxPtaiC67ACLcBGAsYHQ\/s320\/GOPR1646.JPG?resize=320%2C240&#038;ssl=1\" width=\"320\" height=\"240\" border=\"0\" data-original-height=\"1200\" data-original-width=\"1600\" data-recalc-dims=\"1\" \/><\/a><\/div>\n<p>Aber heute war endlich mal wieder Eschbach angesagt. Die Prognosen haben recht stramme Bedingungen erwarten lassen und so war es vor Ort dann auch.<\/p>\n<div class=\"separator\" style=\"clear: both; text-align: center;\"><a style=\"clear: left; float: left; margin-bottom: 1em; margin-right: 1em;\" href=\"https:\/\/i0.wp.com\/1.bp.blogspot.com\/-kWPJHxxAODU\/XYZvW5peDmI\/AAAAAAAAFBQ\/dvx8N56zep0ox6mBT-LTFZA7q9D_1_DOwCLcBGAsYHQ\/s1600\/GOPR1648.JPG?ssl=1\"><img loading=\"lazy\" decoding=\"async\" src=\"https:\/\/i0.wp.com\/1.bp.blogspot.com\/-kWPJHxxAODU\/XYZvW5peDmI\/AAAAAAAAFBQ\/dvx8N56zep0ox6mBT-LTFZA7q9D_1_DOwCLcBGAsYHQ\/s320\/GOPR1648.JPG?resize=320%2C240&#038;ssl=1\" width=\"320\" height=\"240\" border=\"0\" data-original-height=\"1200\" data-original-width=\"1600\" data-recalc-dims=\"1\" \/><\/a><\/div>\n<p>Eigentlich sah es von vorneherein so aus als w\u00fcrden die Bedingungen vor allen Dingen f\u00fcr die Abendsession jedoch perfekt werden. Und was ich sp\u00e4ter auf der Webcam gesehen habe, ist auch das eingetreten.<\/p>\n<div class=\"separator\" style=\"clear: both; text-align: center;\"><a style=\"clear: left; float: left; margin-bottom: 1em; margin-right: 1em;\" href=\"https:\/\/i0.wp.com\/1.bp.blogspot.com\/-4N1-fu5Rneo\/XYZvabVxjSI\/AAAAAAAAFBU\/jJTcx9_3y7c8KQX4L7LECdgN4N6tyjXVwCLcBGAsYHQ\/s1600\/GOPR1653.JPG?ssl=1\"><img loading=\"lazy\" decoding=\"async\" src=\"https:\/\/i0.wp.com\/1.bp.blogspot.com\/-4N1-fu5Rneo\/XYZvabVxjSI\/AAAAAAAAFBU\/jJTcx9_3y7c8KQX4L7LECdgN4N6tyjXVwCLcBGAsYHQ\/s320\/GOPR1653.JPG?resize=320%2C240&#038;ssl=1\" width=\"320\" height=\"240\" border=\"0\" data-original-height=\"1200\" data-original-width=\"1600\" data-recalc-dims=\"1\" \/><\/a><\/div>\n<p>Nur musste ich den Abend heute streichen, denn nach einigen sporadischen Moderationen beim Klinikfunk und Planet Radio (dem Jugendsender von FFH) haben meine Zwillinge diese Saison den ersten festen Job als Moderatoren bei <a href=\"https:\/\/handball-deutschland.tv\/handball-bundesliga-frauen\" target=\"_blank\" rel=\"nofollow noopener noreferrer\">Sport Deutschland.tv<\/a>. Sie moderieren die Heimspiele der Handballbundesliga der Frauen. Und zwar die der Bundesligamannschaft von Mainz 05 (den Dynamites), die letztes Jahr in die erste Bundesliga aufgestiegen sind. Da war heute erst die 2. Moderation angesetzt und die musste ich\u00a0 (Vaterstolz) mir unbedingt ansehen. Da die Kidds sowieso Sportreporter werden wollen, haben die mit gerade mal 19 Jahren damit schon einen wichtigen Schritt gemacht.<\/p>\n<div class=\"separator\" style=\"clear: both; text-align: center;\"><a style=\"clear: left; float: left; margin-bottom: 1em; margin-right: 1em;\" href=\"https:\/\/i0.wp.com\/1.bp.blogspot.com\/-XS_Rjd6mAB4\/XYZvdi0I1wI\/AAAAAAAAFBY\/TQtpCSbz7iUVXnZXBtGtOJPHErsc94f4wCLcBGAsYHQ\/s1600\/GOPR1662.JPG?ssl=1\"><img loading=\"lazy\" decoding=\"async\" src=\"https:\/\/i0.wp.com\/1.bp.blogspot.com\/-XS_Rjd6mAB4\/XYZvdi0I1wI\/AAAAAAAAFBY\/TQtpCSbz7iUVXnZXBtGtOJPHErsc94f4wCLcBGAsYHQ\/s320\/GOPR1662.JPG?resize=320%2C240&#038;ssl=1\" width=\"320\" height=\"240\" border=\"0\" data-original-height=\"1200\" data-original-width=\"1600\" data-recalc-dims=\"1\" \/><\/a><\/div>\n<p>Also bin ich heute fr\u00fch an den Hang gefahren und wie ich so kurz vor 11:00 Uhr zum Hang hochgelaufen bin, sind die ersten beiden Flieger in die Luft gegangen.<\/p>\n<div class=\"separator\" style=\"clear: both; text-align: center;\"><a style=\"clear: left; float: left; margin-bottom: 1em; margin-right: 1em;\" href=\"https:\/\/i0.wp.com\/1.bp.blogspot.com\/-a8akmbPwzDc\/XYZvhkODrTI\/AAAAAAAAFBc\/Nzu1wLBSo8YgXvl46BsCm9Kd5tmudSp8QCLcBGAsYHQ\/s1600\/GOPR1671.JPG?ssl=1\"><img loading=\"lazy\" decoding=\"async\" src=\"https:\/\/i0.wp.com\/1.bp.blogspot.com\/-a8akmbPwzDc\/XYZvhkODrTI\/AAAAAAAAFBc\/Nzu1wLBSo8YgXvl46BsCm9Kd5tmudSp8QCLcBGAsYHQ\/s320\/GOPR1671.JPG?resize=320%2C240&#038;ssl=1\" width=\"320\" height=\"240\" border=\"0\" data-original-height=\"1200\" data-original-width=\"1600\" data-recalc-dims=\"1\" \/><\/a><\/div>\n<p>Der Wind stand perfekt an, war aber von Anfang an recht stramm. Ich bin in der ersten Stunde teils mehrere Hundert Meter weit \u00fcber die Felder vom Hang weggeflogen. Ich kann mich nicht entsinnen, ob ich schon einmal soweit weg vom Hang geflogen bin &#8211; au\u00dfer vielleicht beim Abflug zur Landewiese. Es hat eigentlich \u00fcberall getragen bis hin zur Stromleitung. Erst da ging es dann runter. Es schon irre, was ein Hang mit 15 H\u00f6henmetern hergibt. Einige Flieger sind wohl heute im Laufe des Tages weit \u00fcber 500 Meter \u00fcber den Hang gestiegen &#8211; vielleicht sogar an die 1000 Meter.<\/p>\n<div class=\"separator\" style=\"clear: both; text-align: center;\"><a style=\"clear: left; float: left; margin-bottom: 1em; margin-right: 1em;\" href=\"https:\/\/i0.wp.com\/1.bp.blogspot.com\/-UY7_UlpDlSw\/XYZvlYmWlwI\/AAAAAAAAFBk\/HwwsZxZ8TIwrTLOU9zschPUherqGL5ChQCLcBGAsYHQ\/s1600\/GOPR1674.JPG?ssl=1\"><img loading=\"lazy\" decoding=\"async\" src=\"https:\/\/i0.wp.com\/1.bp.blogspot.com\/-UY7_UlpDlSw\/XYZvlYmWlwI\/AAAAAAAAFBk\/HwwsZxZ8TIwrTLOU9zschPUherqGL5ChQCLcBGAsYHQ\/s320\/GOPR1674.JPG?resize=320%2C240&#038;ssl=1\" width=\"320\" height=\"240\" border=\"0\" data-original-height=\"1200\" data-original-width=\"1600\" data-recalc-dims=\"1\" \/><\/a><\/div>\n<p>So gegen 12:00 Uhr hat der Wind nochmal zugelegt und mir wurde es zuviel. Einige Flieger sind weitergeflogen und trotz des starken Winds war es wohl auch in der H\u00f6he nicht bockig. Aber einige andere sehr gute Flieger sind bei den Bedingungen sogar heimgegangen oder nicht mehr gestartet.<br \/>\n<a style=\"clear: right; float: right; margin-bottom: 1em; margin-left: 1em;\" href=\"https:\/\/i0.wp.com\/1.bp.blogspot.com\/-OZNHD6FA5Xc\/XYZvLABAXwI\/AAAAAAAAFBE\/JOn8g0S729kGrau5pSnWOuvbqLMu6eG_wCLcBGAsYHQ\/s1600\/70499794_10219043887598078_7176704800438878208_n.jpg?ssl=1\"><img loading=\"lazy\" decoding=\"async\" src=\"https:\/\/i0.wp.com\/1.bp.blogspot.com\/-OZNHD6FA5Xc\/XYZvLABAXwI\/AAAAAAAAFBE\/JOn8g0S729kGrau5pSnWOuvbqLMu6eG_wCLcBGAsYHQ\/s200\/70499794_10219043887598078_7176704800438878208_n.jpg?resize=200%2C150&#038;ssl=1\" width=\"200\" height=\"150\" border=\"0\" data-original-height=\"720\" data-original-width=\"960\" data-recalc-dims=\"1\" \/><\/a>Denn der Feldberg hat zu der Zeit B\u00f6en \u00fcber 50 Km\/h gemeldet und wenn die durchgedr\u00fcckt h\u00e4tten, w\u00e4re das nicht mehr lustig geworden. Zumal einige Flieger wie gesagt mehrere Hundert Meter \u00fcber den Hang gestiegen und damit auch deutlich \u00fcber die H\u00f6he vom Feldberg gekommen sind. Wir haben das also die erste stramme Phase mit den meisten Fliegern erst einmal ausgesessen.<\/p>\n<div class=\"separator\" style=\"clear: both; text-align: center;\"><a style=\"clear: left; float: left; margin-bottom: 1em; margin-right: 1em;\" href=\"https:\/\/i0.wp.com\/1.bp.blogspot.com\/-9DlgLcGq3AQ\/XYZvtv1bdOI\/AAAAAAAAFBw\/1RmKslN_yeYgOtw67uQSqEY9j55ZtQpcgCLcBGAsYHQ\/s1600\/GOPR1678.JPG?ssl=1\"><img loading=\"lazy\" decoding=\"async\" src=\"https:\/\/i0.wp.com\/1.bp.blogspot.com\/-9DlgLcGq3AQ\/XYZvtv1bdOI\/AAAAAAAAFBw\/1RmKslN_yeYgOtw67uQSqEY9j55ZtQpcgCLcBGAsYHQ\/s320\/GOPR1678.JPG?resize=320%2C240&#038;ssl=1\" width=\"320\" height=\"240\" border=\"0\" data-original-height=\"1200\" data-original-width=\"1600\" data-recalc-dims=\"1\" \/><\/a><\/div>\n<p>Als ich mich mit den \u00fcbrigen wartenden Fliegern wieder an den Start gemacht habe, war es deutlich ruhiger geworden.<\/p>\n<div class=\"separator\" style=\"clear: both; text-align: center;\"><a style=\"clear: left; float: left; margin-bottom: 1em; margin-right: 1em;\" href=\"https:\/\/i0.wp.com\/1.bp.blogspot.com\/-xOs43QrVWkg\/XYZvyBhRweI\/AAAAAAAAFB0\/ulSuoFmPSyQfNNEj3g8PQBDWbPV4eVmsgCLcBGAsYHQ\/s1600\/GOPR1679.JPG?ssl=1\"><img loading=\"lazy\" decoding=\"async\" src=\"https:\/\/i0.wp.com\/1.bp.blogspot.com\/-xOs43QrVWkg\/XYZvyBhRweI\/AAAAAAAAFB0\/ulSuoFmPSyQfNNEj3g8PQBDWbPV4eVmsgCLcBGAsYHQ\/s320\/GOPR1679.JPG?resize=320%2C240&#038;ssl=1\" width=\"320\" height=\"240\" border=\"0\" data-original-height=\"1200\" data-original-width=\"1600\" data-recalc-dims=\"1\" \/><\/a><\/div>\n<p>Und voller und dann greift das \u00fcbliche Problem in Eschbach &#8211; es wird bei schw\u00e4cheren Bedinungen vor der Kante zu voll. Ich bin dann zwar noch eine Weile geblieben, aber so gegen 14:30 Uhr auf die Landewiese geflogen und habe eingepackt. Ich mag es nicht, wenn es sich vor der Kante staut.<br \/>\nSoweit ich das mitbekommen habe, ist es aber in der Folge wieder richtig gut geworden (vor allen Dingen gegen Abend), aber aus besagten Gr\u00fcnden wollte ich nach Hause.<\/p>\n<div class=\"separator\" style=\"clear: both; text-align: center;\"><a style=\"clear: left; float: left; margin-bottom: 1em; margin-right: 1em;\" href=\"https:\/\/i0.wp.com\/1.bp.blogspot.com\/-DDShzbyrGEw\/XYZxGzZCRoI\/AAAAAAAAFCQ\/9p4sU4EO2e8FWXUEOuUuC08pLu6aHnbmACLcBGAsYHQ\/s1600\/GOPR1652.JPG?ssl=1\"><img loading=\"lazy\" decoding=\"async\" src=\"https:\/\/i0.wp.com\/1.bp.blogspot.com\/-DDShzbyrGEw\/XYZxGzZCRoI\/AAAAAAAAFCQ\/9p4sU4EO2e8FWXUEOuUuC08pLu6aHnbmACLcBGAsYHQ\/s320\/GOPR1652.JPG?resize=320%2C240&#038;ssl=1\" width=\"320\" height=\"240\" border=\"0\" data-original-height=\"1200\" data-original-width=\"1600\" data-recalc-dims=\"1\" \/><\/a><\/div>\n<p>Wobe ich vorher gerne nochmal einen Sprung in den Hattsteinweiher zum Abschluss des Sommers gemacht h\u00e4tte. Ich habe auf dem R\u00fcckweg auch kurz da vorbeigeschaut, aber die Sperre wegen Algen und vor allen Dingen 12,5 Grad Wassertemperatur haben mich von einem Saisonabschlussbad abgehalten.<\/p>\n<div class=\"separator\" style=\"clear: both; text-align: center;\"><a style=\"margin-left: 1em; margin-right: 1em;\" href=\"https:\/\/i0.wp.com\/1.bp.blogspot.com\/-YJw3X6IMR88\/XYZxGFDReoI\/AAAAAAAAFCM\/SlR5gQRQZdkjll0VKX-dr0xIT78b2pDOgCLcBGAsYHQ\/s1600\/GOPR1668.JPG?ssl=1\"><img loading=\"lazy\" decoding=\"async\" src=\"https:\/\/i0.wp.com\/1.bp.blogspot.com\/-YJw3X6IMR88\/XYZxGFDReoI\/AAAAAAAAFCM\/SlR5gQRQZdkjll0VKX-dr0xIT78b2pDOgCLcBGAsYHQ\/s320\/GOPR1668.JPG?resize=320%2C240&#038;ssl=1\" width=\"320\" height=\"240\" border=\"0\" data-original-height=\"1200\" data-original-width=\"1600\" data-recalc-dims=\"1\" \/><\/a><\/div>\n","protected":false},"excerpt":{"rendered":"<p>&nbsp; Die letzten Wochen und Monate bin ich viel weniger zum Fliegen gekommen als \u00fcblich und eigentlich auch geplant f\u00fcr die Sommerzeit. Aber es hat irgendwie oft einfach nicht gepasst. Wobei es jammern auf hohem Niveau ist, denn es waren schon regelm\u00e4\u00dfige Sessions dabei. Aber fast nur an der Winde. Am Hang war ich schon &hellip; <a href=\"https:\/\/fliegerblog.rjs.de\/?p=1669\" class=\"more-link\"><span class=\"screen-reader-text\">\u201eImmer wieder krass, was ein Hang mit 15 Meter H\u00f6henunterschied ergibt\u201c<\/span> weiterlesen<\/a><\/p>\n","protected":false},"author":1,"featured_media":0,"comment_status":"closed","ping_status":"open","sticky":false,"template":"","format":"standard","meta":{"jetpack_post_was_ever_published":false,"footnotes":"","jetpack_publicize_message":"","jetpack_is_tweetstorm":false,"jetpack_publicize_feature_enabled":true,"jetpack_social_options":[]},"categories":[1],"tags":[],"class_list":["post-1669","post","type-post","status-publish","format-standard","hentry","category-uncategorized"],"jetpack_publicize_connections":[],"jetpack_featured_media_url":"","jetpack_shortlink":"https:\/\/wp.me\/p788kK-qV","jetpack-related-posts":[{"id":1767,"url":"https:\/\/fliegerblog.rjs.de\/?p=1767","url_meta":{"origin":1669,"position":0},"title":"MF-Weihnachtsgeschenk","date":"Dezember 25, 2020","format":false,"excerpt":"\u00a0 Den Weihnachtsbraten gab es heute am Hang. Nur als ich gegen 13:00 Uhr ankam, waren mir die Bedingungen zu heftig. Die anderen sind teils ziemlich hoch geflogen, aber ich hatte den Fehler gemacht und die Prognosen f\u00fcr den Wind in der H\u00f6he angesehen. Deshalb bin ich \u00e4usserst vorsichtig auf\u2026","rel":"","context":"\u00c4hnlicher Beitrag","img":{"alt_text":"","src":"https:\/\/i0.wp.com\/1.bp.blogspot.com\/-DAYwLPq71o0\/X-YN8r7Y7EI\/AAAAAAAAF0M\/Tesm1EH1C14ieD6LO_Kc8Z9MMoFg0gFLgCLcBGAsYHQ\/w454-h213\/Zwischenablage01.png?resize=350%2C200&ssl=1","width":350,"height":200},"classes":[]},{"id":711,"url":"https:\/\/fliegerblog.rjs.de\/?p=711","url_meta":{"origin":1669,"position":1},"title":"Windenkurs in Laufenselden","date":"November 16, 2013","format":false,"excerpt":"\u00a0 Dieses Wochenende hat die Flugschule Airsport aus Wiesbaden einen Windenschleppkurs veranstaltet. Und zwar in Kooperation mit den Gleischirmfreunden Taunusstein und man konnte als Vereinsflieger sich da einklinken. Die Aussichten versprachen moderaten Wind und tendetiell sollte sogar hier und da die Sonne durch den Nebel brechen. Und da ich Zeit\u2026","rel":"","context":"In &quot;Allgemein&quot;","img":{"alt_text":"","src":"","width":0,"height":0},"classes":[]},{"id":680,"url":"https:\/\/fliegerblog.rjs.de\/?p=680","url_meta":{"origin":1669,"position":2},"title":"Auf Strecke &#8211; mit Motorhilfe","date":"Juli 14, 2013","format":false,"excerpt":"Wenn ich schon nicht mit dem Gleitschirm auf Strecke gehe, dann doch immer wieder aus beruflichen Gr\u00fcnden mit Linienflugzeugen. Wobei ich die letzten 15 - 20 Male wohl immer nur ein Ziel hatte - Graz. Und immer von Frankfurt aus. Einmal gab es beim R\u00fcckflug einen kleinen Umweg \u00fcber Wien\u2026","rel":"","context":"In &quot;Allgemein&quot;","img":{"alt_text":"","src":"","width":0,"height":0},"classes":[]},{"id":1010,"url":"https:\/\/fliegerblog.rjs.de\/?p=1010","url_meta":{"origin":1669,"position":3},"title":"Zwischen November-Blues und Altweibersommer","date":"November 5, 2015","format":false,"excerpt":"Die letzten Tage hatten wir eine Inversionswetterlage. Im November heisst das meist, dass sich unten in den T\u00e4lern dichter Nebel bildet, w\u00e4hrend auf den Bergen es warm und sonnig ist. Die ganzen letzten Tage sind wir hier unten am Rhein in der Nebelsuppe fast abgesoffen und erfroren, w\u00e4hrend es im\u2026","rel":"","context":"In &quot;Allgemein&quot;","img":{"alt_text":"","src":"https:\/\/i0.wp.com\/2.bp.blogspot.com\/-OeStWG-iyN8\/Vjt95xE6luI\/AAAAAAAACuc\/JX4hh9al4XM\/s400\/IMG_20151105_114754.jpg?resize=350%2C200","width":350,"height":200},"classes":[]},{"id":1647,"url":"https:\/\/fliegerblog.rjs.de\/?p=1647","url_meta":{"origin":1669,"position":4},"title":"Kurzschlepps die Zweite","date":"August 3, 2019","format":false,"excerpt":"Nachdem das Testival in Asslar aufgrund der Wetterprognosen abgesagt wurde (gerade wegen den Aussichten f\u00fcr Samstag), war ich f\u00fcr heute eigentlich nicht auf Fliegen eingestellt. Zumal eine Familienveranstaltung am Vormittag es sowieso zu sp\u00e4t f\u00fcr ein Schleppen in Singhofen gemacht h\u00e4tte, was auch erstmal angesetzt war. und dann doch abgesagt\u2026","rel":"","context":"\u00c4hnlicher Beitrag","img":{"alt_text":"","src":"https:\/\/i0.wp.com\/3.bp.blogspot.com\/-jLvON9O6wl0\/XUWqGQ4JbmI\/AAAAAAAAE8A\/zpEuVKv8_DkhAgfbyhjfEN9ZnqTR2aAPwCLcBGAs\/s320\/GOPR0415.JPG?resize=350%2C200&ssl=1","width":350,"height":200},"classes":[]},{"id":830,"url":"https:\/\/fliegerblog.rjs.de\/?p=830","url_meta":{"origin":1669,"position":5},"title":"Winde statt K\u00fcste und Alpen","date":"September 25, 2014","format":false,"excerpt":"Diese Woche wollte ich eigentlich zum Soaren nach Holland an die K\u00fcste. Aber da ist mir ein Auftrag in die Quere gekommen, dessen Bestechungsgeld auf dem Level war, dass ich als vern\u00fcnftiger Freiberufler einfach nicht ablehnen konnte. Selbst wenn die \u00dcberschneidung aus letzter Woche nur den Montag beinhaltet hatte, war\u2026","rel":"","context":"In &quot;Allgemein&quot;","img":{"alt_text":"","src":"https:\/\/i0.wp.com\/4.bp.blogspot.com\/-r4Te6B60YIk\/VCRiv49th9I\/AAAAAAAAB6I\/evYucpZbpRM\/s1600\/GOPR5768.JPG?resize=350%2C200","width":350,"height":200},"classes":[]}],"_links":{"self":[{"href":"https:\/\/fliegerblog.rjs.de\/index.php?rest_route=\/wp\/v2\/posts\/1669","targetHints":{"allow":["GET"]}}],"collection":[{"href":"https:\/\/fliegerblog.rjs.de\/index.php?rest_route=\/wp\/v2\/posts"}],"about":[{"href":"https:\/\/fliegerblog.rjs.de\/index.php?rest_route=\/wp\/v2\/types\/post"}],"author":[{"embeddable":true,"href":"https:\/\/fliegerblog.rjs.de\/index.php?rest_route=\/wp\/v2\/users\/1"}],"replies":[{"embeddable":true,"href":"https:\/\/fliegerblog.rjs.de\/index.php?rest_route=%2Fwp%2Fv2%2Fcomments&post=1669"}],"version-history":[{"count":1,"href":"https:\/\/fliegerblog.rjs.de\/index.php?rest_route=\/wp\/v2\/posts\/1669\/revisions"}],"predecessor-version":[{"id":1670,"href":"https:\/\/fliegerblog.rjs.de\/index.php?rest_route=\/wp\/v2\/posts\/1669\/revisions\/1670"}],"wp:attachment":[{"href":"https:\/\/fliegerblog.rjs.de\/index.php?rest_route=%2Fwp%2Fv2%2Fmedia&parent=1669"}],"wp:term":[{"taxonomy":"category","embeddable":true,"href":"https:\/\/fliegerblog.rjs.de\/index.php?rest_route=%2Fwp%2Fv2%2Fcategories&post=1669"},{"taxonomy":"post_tag","embeddable":true,"href":"https:\/\/fliegerblog.rjs.de\/index.php?rest_route=%2Fwp%2Fv2%2Ftags&post=1669"}],"curies":[{"name":"wp","href":"https:\/\/api.w.org\/{rel}","templated":true}]}}