{"id":1662,"date":"2019-08-31T18:07:09","date_gmt":"2019-08-31T18:07:09","guid":{"rendered":"http:\/\/fliegerblog.rjs.de\/?p=1662"},"modified":"2019-08-31T18:07:53","modified_gmt":"2019-08-31T18:07:53","slug":"nicht-passeiertal-nicht-achensee","status":"publish","type":"post","link":"https:\/\/fliegerblog.rjs.de\/?p=1662","title":{"rendered":"Nicht Passeiertal, nicht Achensee, &#8230;"},"content":{"rendered":"<div class=\"separator\" style=\"clear: both; text-align: center;\"><a style=\"clear: right; float: right; margin-bottom: 1em; margin-left: 1em;\" href=\"https:\/\/i0.wp.com\/1.bp.blogspot.com\/-big42DdBoDM\/XWqvCCNEJ3I\/AAAAAAAAE-4\/m-gtNAm0aWAt0SQjtMIVMyKJm-MDpB2CACLcBGAs\/s1600\/GOPR0955.JPG?ssl=1\"><img loading=\"lazy\" decoding=\"async\" src=\"https:\/\/i0.wp.com\/1.bp.blogspot.com\/-big42DdBoDM\/XWqvCCNEJ3I\/AAAAAAAAE-4\/m-gtNAm0aWAt0SQjtMIVMyKJm-MDpB2CACLcBGAs\/s320\/GOPR0955.JPG?resize=320%2C240&#038;ssl=1\" width=\"320\" height=\"240\" border=\"0\" data-original-height=\"1200\" data-original-width=\"1600\" data-recalc-dims=\"1\" \/><\/a><\/div>\n<p>&#8230; sondern Rheinhessen. Klingt vielleicht komisch, aber ich war gerade \u00fcber 12 Tage auf Familienurlaub erst in S\u00fcd-Tirol und dann noch am Achensee. Also 2 Hotspots zum Gleitschirmfliegen. Aber ich hatte bewusst den Schirm nicht mitgenommen. Es passt f\u00fcr mich<br \/>\nnicht zum Familienurlaub, wenn man permanent versucht die Aktivit\u00e4ten mit der Familie rund um die Fliegerei zu organisieren. Das ist einfach Stress und m.E. dem Familienfrieden sehr abtr\u00e4glich. Zumal es fraglich ist, ob meine &#8222;Kidds&#8220; in Zukunft noch mit in Urlaub fahren.<\/p>\n<div class=\"separator\" style=\"clear: both; text-align: center;\"><a style=\"clear: left; float: left; margin-bottom: 1em; margin-right: 1em;\" href=\"https:\/\/i0.wp.com\/1.bp.blogspot.com\/-tjD69sAtccU\/XWqu9IiwC6I\/AAAAAAAAE-w\/Mv4CMYyCJi0pcytwdYzdI-Y-nalGjGB_wCLcBGAs\/s1600\/GOPR0957.JPG?ssl=1\"><img loading=\"lazy\" decoding=\"async\" src=\"https:\/\/i0.wp.com\/1.bp.blogspot.com\/-tjD69sAtccU\/XWqu9IiwC6I\/AAAAAAAAE-w\/Mv4CMYyCJi0pcytwdYzdI-Y-nalGjGB_wCLcBGAs\/s320\/GOPR0957.JPG?resize=320%2C240&#038;ssl=1\" width=\"320\" height=\"240\" border=\"0\" data-original-height=\"1200\" data-original-width=\"1600\" data-recalc-dims=\"1\" \/><\/a><\/div>\n<p>Aber es war die letzten Tage schon ziemlich heftig, als mir da permanent die Fliegerkollegen um die Ohren geflogen sind und wir auf Wanderungen am Hirzer und am Achensee an Startpl\u00e4tzen und Landepl\u00e4tzen vorbeigekommen sind, wo reges Treiben geherrscht hatte. Und zudem ist in Salthaus ein Fliegerkollege aus meinem Verein mit dem Bus vorbeirauscht und dann sp\u00e4ter \u00fcber uns wegflogen. w\u00e4hrend wir vom Hirzer herunter gewandert sind.<\/p>\n<div class=\"separator\" style=\"clear: both; text-align: center;\"><a style=\"clear: right; float: right; margin-bottom: 1em; margin-left: 1em;\" href=\"https:\/\/i0.wp.com\/1.bp.blogspot.com\/-zi0s3hN89uY\/XWqvBJ6QazI\/AAAAAAAAE-0\/JxKgXUu6VWQ35T32gxnxdZzt0g9DPZVfQCLcBGAs\/s1600\/GOPR0959.JPG?ssl=1\"><img loading=\"lazy\" decoding=\"async\" src=\"https:\/\/i0.wp.com\/1.bp.blogspot.com\/-zi0s3hN89uY\/XWqvBJ6QazI\/AAAAAAAAE-0\/JxKgXUu6VWQ35T32gxnxdZzt0g9DPZVfQCLcBGAs\/s320\/GOPR0959.JPG?resize=320%2C240&#038;ssl=1\" width=\"320\" height=\"240\" border=\"0\" data-original-height=\"1200\" data-original-width=\"1600\" data-recalc-dims=\"1\" \/><\/a><\/div>\n<p>Zumindest habe ich die Gel\u00e4nde am Achensee mal angesehen, denn da war ich bisher noch nie. In Salthaus im Passeiertal war ich vor 2 Jahren schon einmal und da hat sich in den zwei Jahren das Gleitschirmfliegen extrem entwickelt. Statt wenigen Tandemfl\u00fcgen, wie vor 2 Jahren, sind die Tandems als auch Solopiloten gef\u00fchlt jeden Tag von fr\u00fch morgens bis sp\u00e4t in den Abend in der Luft gewesen. Aber ohne dass es mir zu voll am Hang und Himmel erschien. Das n\u00e4chste Mal nehme ich definitiv den Schirm mit, wenn ich nochmal an eine der beiden Locations gehe &#8211; insbesondere das Passeiertal reizt mich, denn die Startpl\u00e4tze als auch Flugbedingungen schienen mir richtig gut.<\/p>\n<div class=\"separator\" style=\"clear: both; text-align: center;\"><a style=\"clear: left; float: left; margin-bottom: 1em; margin-right: 1em;\" href=\"https:\/\/i0.wp.com\/1.bp.blogspot.com\/-svZ2Zl8ZdAs\/XWqvG3RJp9I\/AAAAAAAAE-8\/IfcUJU9WVeIHEAj53HYvtaGtja0ObUIRgCLcBGAs\/s1600\/GOPR0961.JPG?ssl=1\"><img loading=\"lazy\" decoding=\"async\" src=\"https:\/\/i0.wp.com\/1.bp.blogspot.com\/-svZ2Zl8ZdAs\/XWqvG3RJp9I\/AAAAAAAAE-8\/IfcUJU9WVeIHEAj53HYvtaGtja0ObUIRgCLcBGAs\/s320\/GOPR0961.JPG?resize=320%2C240&#038;ssl=1\" width=\"320\" height=\"240\" border=\"0\" data-original-height=\"1200\" data-original-width=\"1600\" data-recalc-dims=\"1\" \/><\/a><\/div>\n<p>Anyway &#8211; nachdem ich die Woche zur\u00fcckgekommen war, hatte ich zumindest auf das Wochenende gehofft, um mir den &#8222;Frust&#8220; etwas aus den Knochen zu fliegen (wobei der Urlaub an sich sch\u00f6n war &#8211; also die Entscheidung gegen die Schirmmitnahme vermutlich richtig).<br \/>\nDie Prognosen waren aber f\u00fcr das Wochenende leider nicht ohne. Von meinen Kandidaten f\u00fcr einen Flugtag heute hat sich zuerst die Windenschleppgemeinschaft Rheinhessen mit einer Schleppterminierung gemeldet und da habe ich mich dann angemeldet. Mein eigener Verein kam erst sp\u00e4ter und da es mit Pilotenanmeldungen in Wallertheim knapp war, habe ich mich da in der Pflicht gesehen und meine Anmeldung aufrecht gehalten.<\/p>\n<div class=\"separator\" style=\"clear: both; text-align: center;\"><a style=\"clear: right; float: right; margin-bottom: 1em; margin-left: 1em;\" href=\"https:\/\/i0.wp.com\/1.bp.blogspot.com\/-VgdlwQwvinU\/XWqvOhX9nbI\/AAAAAAAAE_E\/W0AcbnTnEngm_qMtx5A_viyCbDwX8_6owCLcBGAs\/s1600\/GOPR0963.JPG?ssl=1\"><img loading=\"lazy\" decoding=\"async\" src=\"https:\/\/i0.wp.com\/1.bp.blogspot.com\/-VgdlwQwvinU\/XWqvOhX9nbI\/AAAAAAAAE_E\/W0AcbnTnEngm_qMtx5A_viyCbDwX8_6owCLcBGAs\/s320\/GOPR0963.JPG?resize=320%2C240&#038;ssl=1\" width=\"320\" height=\"240\" border=\"0\" data-original-height=\"1200\" data-original-width=\"1600\" data-recalc-dims=\"1\" \/><\/a><\/div>\n<p>In Singhofen haben dann aber Piloten gefehlt und der Termin ist ausgefallen. Das lag aber nicht nur an mir, denn es h\u00e4tten noch mindestens 2 weitere Piloten kommen m\u00fcssen. Zudem wurden die Wetterprognosen hinsichtlich des Winds am Nachmittag als zu heftig eingestuft.<br \/>\nNun wurde aber wegen der wenigen Piloten bei der Schleppgemeinschaft Rheinhessen von denen ziemlich die Werbetrommel ger\u00fchrt und gestern abend gab es dann so viele Anmeldungen, dass es unf\u00e4hr doppelt so viele Flieger waren, wie man da sinnvoller Weise mit der Abrollwinde in die Luft bekommt. Perfekt sind etwa 8 Flieger und es gab 15 Anmeldungen. Da Singhofen aber wie gesagt nicht zustande gekommen ist, bin ich dennoch heute morgen zeitig nach Wallertheim.<\/p>\n<div class=\"separator\" style=\"clear: both; text-align: center;\"><a style=\"clear: left; float: left; margin-bottom: 1em; margin-right: 1em;\" href=\"https:\/\/i0.wp.com\/1.bp.blogspot.com\/-SAHAf5L46RE\/XWqvLnW99-I\/AAAAAAAAE_A\/SQthPCDvT70RpGwxfRfnOdqcW5t5u-p9wCLcBGAs\/s1600\/GOPR0966.JPG?ssl=1\"><img loading=\"lazy\" decoding=\"async\" src=\"https:\/\/i0.wp.com\/1.bp.blogspot.com\/-SAHAf5L46RE\/XWqvLnW99-I\/AAAAAAAAE_A\/SQthPCDvT70RpGwxfRfnOdqcW5t5u-p9wCLcBGAs\/s320\/GOPR0966.JPG?resize=320%2C240&#038;ssl=1\" width=\"320\" height=\"240\" border=\"0\" data-original-height=\"1200\" data-original-width=\"1600\" data-recalc-dims=\"1\" \/><\/a><\/div>\n<p>Wobei kurzzeitig sogar zur Diskussion stand, dass ich dort eine Ausbildung zum Windenfahrer heute anfangen sollte. Ich hatte vor einiger Zet dort angedeutet, dass ich das machen k\u00f6nnte, um die Anzahl der Windenfahrer etwas aufzustocken. Aber eigentlich wollte ich das erst n\u00e4chstes Jahr angehen und es ist auch heute nichts an dem Start der Ausbildungsschlepps geworden. Aber das war am Anfang unklar und um zumindest einmal in die Luft zu kommen, bin ich heute gleich als erster Pilot raus. Der Flug an sich war kein Highlight des Jahres, aber auch nicht schlecht. Ich konnte mich eine Weile mit Nullschiebern halten und die Ausklinkh\u00f6he war ebenso nicht \u00fcbel.<\/p>\n<div class=\"separator\" style=\"clear: both; text-align: center;\"><a style=\"clear: right; float: right; margin-bottom: 1em; margin-left: 1em;\" href=\"https:\/\/i0.wp.com\/1.bp.blogspot.com\/-po_2AWQ4T6U\/XWqwpAywntI\/AAAAAAAAE_g\/X2GPYUOkZMoR4h9XrBe6C-VuHTvD_DchgCLcBGAs\/s1600\/GOPR1013.JPG?ssl=1\"><img loading=\"lazy\" decoding=\"async\" src=\"https:\/\/i0.wp.com\/1.bp.blogspot.com\/-po_2AWQ4T6U\/XWqwpAywntI\/AAAAAAAAE_g\/X2GPYUOkZMoR4h9XrBe6C-VuHTvD_DchgCLcBGAs\/s320\/GOPR1013.JPG?resize=320%2C240&#038;ssl=1\" width=\"320\" height=\"240\" border=\"0\" data-original-height=\"1200\" data-original-width=\"1600\" data-recalc-dims=\"1\" \/><\/a><\/div>\n<p>Nat\u00fcrlich kompensiert das nicht die m\u00f6glich gewesenen Fl\u00fcge in den Alpen, aber es d\u00e4mpft den Entzug bzw. die Entt\u00e4uschung \u00fcber das Verpasste. Da vor Ort aber wirklich ziemlich viele Piloten da waren (wenngleich weniger wie angek\u00fcndigt) und es heute beim Schleppen selbst an vielen Ecken gehangen hat, sind die meisten Piloten (auch ich) nur 1x in die Luft gekommen. Wobei es nicht langeweilig war &#8211; ich habe halt die Zeit nach dem Flug Startleiter oder Fahrer des Schleppfahrzeugs gemacht.<br \/>\nDie Bedingungen waren dann auch \u00fcber Mittag &#8211; wie bef\u00fcrchtet &#8211; teils verdammt b\u00f6ig. Nicht wirklich thermisch, denn nur 2 Fl\u00fcge waren richtig gut, aber heftiger Wind am Start. Das hat die Sache bei einigen Piloten schwierig gemacht und wir hatten ein paar Startabbr\u00fccke bis hin zum Seilriss. Ich bin da mit meinem fr\u00fchren Flug noch ziemlich gut weggekommen.<\/p>\n","protected":false},"excerpt":{"rendered":"<p>&#8230; sondern Rheinhessen. Klingt vielleicht komisch, aber ich war gerade \u00fcber 12 Tage auf Familienurlaub erst in S\u00fcd-Tirol und dann noch am Achensee. Also 2 Hotspots zum Gleitschirmfliegen. Aber ich hatte bewusst den Schirm nicht mitgenommen. Es passt f\u00fcr mich nicht zum Familienurlaub, wenn man permanent versucht die Aktivit\u00e4ten mit der Familie rund um die &hellip; <a href=\"https:\/\/fliegerblog.rjs.de\/?p=1662\" class=\"more-link\"><span class=\"screen-reader-text\">\u201eNicht Passeiertal, nicht Achensee, &#8230;\u201c<\/span> weiterlesen<\/a><\/p>\n","protected":false},"author":1,"featured_media":0,"comment_status":"closed","ping_status":"open","sticky":false,"template":"","format":"standard","meta":{"jetpack_post_was_ever_published":false,"footnotes":"","jetpack_publicize_message":"","jetpack_is_tweetstorm":false,"jetpack_publicize_feature_enabled":true,"jetpack_social_options":[]},"categories":[1],"tags":[],"class_list":["post-1662","post","type-post","status-publish","format-standard","hentry","category-uncategorized"],"jetpack_publicize_connections":[],"jetpack_featured_media_url":"","jetpack_shortlink":"https:\/\/wp.me\/p788kK-qO","jetpack-related-posts":[{"id":1174,"url":"https:\/\/fliegerblog.rjs.de\/?p=1174","url_meta":{"origin":1662,"position":0},"title":"Alternativen ausprobiert","date":"August 21, 2016","format":false,"excerpt":"Ich war die letzten Tage auf Familienurlaub in Bornholm und dort habe ich mal Kiten ausprobiert. Gilt ja als perfekte Alternative zum Gleitschirmfliegen, wenn man entweder ohne Gleitschirm am Strand oder der Wind kr\u00e4ftiger ist. Ich hatte mit meinen Kidds einen Tageskurs gebucht. Die k\u00f6nnen surfen, mir ist der Umgang\u2026","rel":"","context":"\u00c4hnlicher Beitrag","img":{"alt_text":"","src":"https:\/\/i0.wp.com\/3.bp.blogspot.com\/-j1r2NCPDPUk\/V7lGpP-lWxI\/AAAAAAAADGA\/DzE3yVa1Etc7p95Y9I4mGz6eOPeREuyTgCLcB\/s320\/DSC02401.JPG?resize=350%2C200&ssl=1","width":350,"height":200},"classes":[]},{"id":1291,"url":"https:\/\/fliegerblog.rjs.de\/?p=1291","url_meta":{"origin":1662,"position":1},"title":"Sixpack","date":"Juli 21, 2017","format":false,"excerpt":"Jetzt war ich doch einige Zeit nicht mehr in der Luft. Viel Arbeit, schlechte Bedingungen und dann auch noch Urlaub ohne Schirm (obwohl ich in den Alpen war - aber bei mir vertragen sich Familienurlaub und Fliegen gehen einfach nicht). Heute hat es aber mal wieder gepasst mit Schleppen. Ich\u2026","rel":"","context":"\u00c4hnlicher Beitrag","img":{"alt_text":"","src":"https:\/\/i0.wp.com\/2.bp.blogspot.com\/-oHCipdrKs0w\/WXNMZPhSoeI\/AAAAAAAADfs\/jDHlBf2yCd42AvRV3PncDgMfLLkwWpKpwCLcBGAs\/s640\/IMG_20170721_162922.jpg?resize=350%2C200&ssl=1","width":350,"height":200},"classes":[]},{"id":112,"url":"https:\/\/fliegerblog.rjs.de\/?p=112","url_meta":{"origin":1662,"position":2},"title":"Schneisenflug im Urlaub","date":"April 6, 2007","format":false,"excerpt":"Irgendwie war wohl die ganze Woche super Flugwetter im Taunus und \u00fcber Ostern sind ein paar von uns ab in die Alpen. Und in bin in Familienurlaub im Fichtelgebirge :-(. Ist zwar auch sch\u00f6n - da will ich gar nix sagen, aber wenn alle anderen fliegen, wird man schon neidisch.\u2026","rel":"","context":"In &quot;Allgemein&quot;","img":{"alt_text":"","src":"","width":0,"height":0},"classes":[]},{"id":2032,"url":"https:\/\/fliegerblog.rjs.de\/?p=2032","url_meta":{"origin":1662,"position":3},"title":"Schleppender Neustart","date":"August 27, 2023","format":false,"excerpt":"Gestern Abend bin ich von meinem Urlaub aus S\u00fcd-Tirol zur\u00fcckgekommen. Dort habe ich die ganzen Schirme vom Hirzer, Dorf Tirol und Meran 2000 starten sehen (viele davon vom Hotel bzw. dem Pool aus), aber da es ein Familienurlaub war, hatte ich bewusst keinen Gleitschirm mitgenommen. F\u00e4llt schon schwer, ist aber\u2026","rel":"","context":"\u00c4hnlicher Beitrag","img":{"alt_text":"","src":"https:\/\/i0.wp.com\/blogger.googleusercontent.com\/img\/b\/R29vZ2xl\/AVvXsEjwePvmFX232rljxIq-37-wZdsJSFlvZeIsCAHPYzIrrUoqmJu-lgFKbnoTVLw4duklsDZrgRvuyrsUDS716456vVW8nojzHB-bBcKUVriiUn29qDpm_p7-YuM7ncnLv6Dhp3mrWc--XYIj6eYma3eJD5tCUjWspFda0adGCqEME2YXFIbuqn5MH38lqLwS\/s320\/20230827_120150.jpg?resize=350%2C200&ssl=1","width":350,"height":200},"classes":[]},{"id":450,"url":"https:\/\/fliegerblog.rjs.de\/?p=450","url_meta":{"origin":1662,"position":4},"title":"Nur maue H\u00fcpfer","date":"Juli 8, 2011","format":false,"excerpt":"Ich war zum Familienurlaub in den Bergen und hatte sogar den Schirm dabei. Aber aus verschiedenen Gr\u00fcnden bin ich kein einziges Mal zum Fliegen gekommen. Und nachdem ich gestern am sp\u00e4ten Abend schon einen Tag fr\u00fcher als geplant zur\u00fcck kam, bin ich heute gegen 17:00 Uhr in Reichenbach am Hang\u2026","rel":"","context":"In &quot;Allgemein&quot;","img":{"alt_text":"","src":"","width":0,"height":0},"classes":[]},{"id":1163,"url":"https:\/\/fliegerblog.rjs.de\/?p=1163","url_meta":{"origin":1662,"position":5},"title":"Hitzeschlacht beim Testival in A\u00dflar","date":"Juli 10, 2016","format":false,"excerpt":"Ich war mir heute ganz und gar nicht sicher, was ich flugtechnisch machen sollte. Das ganze Wochenende (eigentlich seit Donnerstag) war f\u00fcr mich mit Fliegen nicht gut gelaufen - hab mich falsch entschieden oder es ist nicht zusammen gekommen. Heute war SW-Wind angek\u00fcndigt und da h\u00e4tte Reichenbach gepasst. Aber da\u2026","rel":"","context":"\u00c4hnlicher Beitrag","img":{"alt_text":"","src":"https:\/\/i0.wp.com\/1.bp.blogspot.com\/-Lm0V3EIp95U\/V4Jy8KQY-UI\/AAAAAAAADCY\/4gRK_YZtro8txwhLde0Chm6T9JlT3cTygCLcB\/s320\/GOPR5843.JPG?resize=350%2C200&ssl=1","width":350,"height":200},"classes":[]}],"_links":{"self":[{"href":"https:\/\/fliegerblog.rjs.de\/index.php?rest_route=\/wp\/v2\/posts\/1662","targetHints":{"allow":["GET"]}}],"collection":[{"href":"https:\/\/fliegerblog.rjs.de\/index.php?rest_route=\/wp\/v2\/posts"}],"about":[{"href":"https:\/\/fliegerblog.rjs.de\/index.php?rest_route=\/wp\/v2\/types\/post"}],"author":[{"embeddable":true,"href":"https:\/\/fliegerblog.rjs.de\/index.php?rest_route=\/wp\/v2\/users\/1"}],"replies":[{"embeddable":true,"href":"https:\/\/fliegerblog.rjs.de\/index.php?rest_route=%2Fwp%2Fv2%2Fcomments&post=1662"}],"version-history":[{"count":2,"href":"https:\/\/fliegerblog.rjs.de\/index.php?rest_route=\/wp\/v2\/posts\/1662\/revisions"}],"predecessor-version":[{"id":1664,"href":"https:\/\/fliegerblog.rjs.de\/index.php?rest_route=\/wp\/v2\/posts\/1662\/revisions\/1664"}],"wp:attachment":[{"href":"https:\/\/fliegerblog.rjs.de\/index.php?rest_route=%2Fwp%2Fv2%2Fmedia&parent=1662"}],"wp:term":[{"taxonomy":"category","embeddable":true,"href":"https:\/\/fliegerblog.rjs.de\/index.php?rest_route=%2Fwp%2Fv2%2Fcategories&post=1662"},{"taxonomy":"post_tag","embeddable":true,"href":"https:\/\/fliegerblog.rjs.de\/index.php?rest_route=%2Fwp%2Fv2%2Ftags&post=1662"}],"curies":[{"name":"wp","href":"https:\/\/api.w.org\/{rel}","templated":true}]}}