{"id":166,"date":"2009-04-04T16:46:08","date_gmt":"2009-04-04T15:46:08","guid":{"rendered":"http:\/\/www.rjs.de\/fliegerblog\/?p=166"},"modified":"2009-04-04T16:46:08","modified_gmt":"2009-04-04T15:46:08","slug":"naja-2","status":"publish","type":"post","link":"https:\/\/fliegerblog.rjs.de\/?p=166","title":{"rendered":"Naja"},"content":{"rendered":"<p>Heute gleich nochmal in Reichenbach gewesen. Aber absolut kein Vergleich zu gestern. Ein paar Abgleiter und ein paar recht schwache und kleine Thermikabl\u00f6sungen mitgenommen. Sonst Wind oft aus der falschen Richtung. <\/p>\n<p><object width=\"425\" height=\"344\"><param name=\"movie\" value=\"http:\/\/www.youtube.com\/v\/RWBKXrqBzxk&#038;hl=de&#038;fs=1\"><\/param><param name=\"allowFullScreen\" value=\"true\"><\/param><param name=\"allowscriptaccess\" value=\"always\"><\/param><\/object><\/p>\n","protected":false},"excerpt":{"rendered":"<p>Heute gleich nochmal in Reichenbach gewesen. Aber absolut kein Vergleich zu gestern. Ein paar Abgleiter und ein paar recht schwache und kleine Thermikabl\u00f6sungen mitgenommen. Sonst Wind oft aus der falschen Richtung.<\/p>\n","protected":false},"author":1,"featured_media":0,"comment_status":"open","ping_status":"open","sticky":false,"template":"","format":"standard","meta":{"jetpack_post_was_ever_published":false,"footnotes":"","jetpack_publicize_message":"","jetpack_is_tweetstorm":false,"jetpack_publicize_feature_enabled":true,"jetpack_social_options":[]},"categories":[2],"tags":[],"class_list":["post-166","post","type-post","status-publish","format-standard","hentry","category-allgemein"],"jetpack_publicize_connections":[],"jetpack_featured_media_url":"","jetpack_shortlink":"https:\/\/wp.me\/p788kK-2G","jetpack-related-posts":[{"id":1801,"url":"https:\/\/fliegerblog.rjs.de\/?p=1801","url_meta":{"origin":166,"position":0},"title":"Gel\u00e4ndeeinweisung","date":"Mai 16, 2021","format":false,"excerpt":"Corona-bedingt als auch durch ungew\u00f6hnlich schlechtes Wetter komme ich dieses Jahr in einer Zeit nicht zum Fliegen, wo ich sonstige Jahre eigentlich jede Woche in der Luft war. Oftmals sogar mehrfach die Woche. Dazu gibt es auf mehreren meiner Standardfluggebiete im Moment etwas Stress bzw. es sind diverse Dinge zu\u2026","rel":"","context":"\u00c4hnlicher Beitrag","img":{"alt_text":"","src":"https:\/\/i0.wp.com\/1.bp.blogspot.com\/-urb3uWDjCTg\/YKFBK7Ig1PI\/AAAAAAAAGCM\/alzW49TUzGse9tRWcox9NGynKg3ks8NDQCLcBGAsYHQ\/w640-h224\/IMG_20210516_130048.jpg?resize=350%2C200&ssl=1","width":350,"height":200},"classes":[]},{"id":553,"url":"https:\/\/fliegerblog.rjs.de\/?p=553","url_meta":{"origin":166,"position":1},"title":"Gar nicht \u00fcbel","date":"Juni 10, 2012","format":false,"excerpt":"Heut war ganz wenig Wind angek\u00fcndigt, aber ich habe auf die Thermik gehofft und bin um 11:00 Uhr in Reichenbach am Hang gewesen. War Nullwind vor Ort und dicke Wolken haben sich vor die Sonne gelegt. Aber so gegen 11:30 Uhr kam die Sonne durch und durch die Thermik gingen\u2026","rel":"","context":"In &quot;Allgemein&quot;","img":{"alt_text":"","src":"","width":0,"height":0},"classes":[]},{"id":66,"url":"https:\/\/fliegerblog.rjs.de\/?p=66","url_meta":{"origin":166,"position":2},"title":"Knapp vorbei","date":"Dezember 8, 2007","format":false,"excerpt":"Heute war zumindest ne Chance in die Luft zu kommen. Halbwegs trocken und SW mit 10 Knoten. Waren mit 4 Leuten am Hang, aber die B\u00f6en waren unkalkulierbar. Frank und Richie haben ein paar H\u00fcpfer probiert, aber ich hab nur den Schirm ein paar Mal kurz hochgezogen und bin nicht\u2026","rel":"","context":"In &quot;Allgemein&quot;","img":{"alt_text":"","src":"","width":0,"height":0},"classes":[]},{"id":765,"url":"https:\/\/fliegerblog.rjs.de\/?p=765","url_meta":{"origin":166,"position":3},"title":"Mal wieder MFK","date":"Mai 14, 2014","format":false,"excerpt":"Seit heute steht f\u00fcr einige Tage Nordwind an. Wir hatten uns von dem heutigen Tag eine Menge versprochen, aber schon am Morgen war der Wind ziemlich kr\u00e4ftig. Daher haben wir ewig diskutiert, ob wir zum MFK gehen. Die Sache schiem mir schon erledigt als wir uns um 14:45 Uhr doch\u2026","rel":"","context":"In &quot;Allgemein&quot;","img":{"alt_text":"","src":"","width":0,"height":0},"classes":[]},{"id":1028,"url":"https:\/\/fliegerblog.rjs.de\/?p=1028","url_meta":{"origin":166,"position":4},"title":"Anfliegen 2016","date":"Januar 8, 2016","format":false,"excerpt":"Bei mir geht der Schulungsbetrieb erst n\u00e4chste Woche wieder los und eigentlich habe ich Zeit zum Fliegen. Aber jahreszeitentypisch war das Wetter die letzten Tage ziemlich bis extrem schlecht. Nur gestern muss es in Eschbach am Vormittag gut gegangen sein. Zwar kam am Nachmittag ein ekelhaftes Regengebiet reingezogen, aber was\u2026","rel":"","context":"\u00c4hnlicher Beitrag","img":{"alt_text":"","src":"","width":0,"height":0},"classes":[]},{"id":1105,"url":"https:\/\/fliegerblog.rjs.de\/?p=1105","url_meta":{"origin":166,"position":5},"title":"Schneefliegen","date":"Januar 17, 2016","format":false,"excerpt":"Ich hatte Anfang der Woche zwar gesehen, dass f\u00fcr dieses Wochenende Nordwind angek\u00fcndigt war. Aber es sah f\u00fcr mich aus als w\u00fcrde es viel zu stark und b\u00f6ig. Gestern Abend ging aber ein Post auf WhatsApp raus, ob heute MFK ging? Also doch nochmal geschaut und es sah mir immer\u2026","rel":"","context":"\u00c4hnlicher Beitrag","img":{"alt_text":"","src":"","width":0,"height":0},"classes":[]}],"_links":{"self":[{"href":"https:\/\/fliegerblog.rjs.de\/index.php?rest_route=\/wp\/v2\/posts\/166","targetHints":{"allow":["GET"]}}],"collection":[{"href":"https:\/\/fliegerblog.rjs.de\/index.php?rest_route=\/wp\/v2\/posts"}],"about":[{"href":"https:\/\/fliegerblog.rjs.de\/index.php?rest_route=\/wp\/v2\/types\/post"}],"author":[{"embeddable":true,"href":"https:\/\/fliegerblog.rjs.de\/index.php?rest_route=\/wp\/v2\/users\/1"}],"replies":[{"embeddable":true,"href":"https:\/\/fliegerblog.rjs.de\/index.php?rest_route=%2Fwp%2Fv2%2Fcomments&post=166"}],"version-history":[{"count":0,"href":"https:\/\/fliegerblog.rjs.de\/index.php?rest_route=\/wp\/v2\/posts\/166\/revisions"}],"wp:attachment":[{"href":"https:\/\/fliegerblog.rjs.de\/index.php?rest_route=%2Fwp%2Fv2%2Fmedia&parent=166"}],"wp:term":[{"taxonomy":"category","embeddable":true,"href":"https:\/\/fliegerblog.rjs.de\/index.php?rest_route=%2Fwp%2Fv2%2Fcategories&post=166"},{"taxonomy":"post_tag","embeddable":true,"href":"https:\/\/fliegerblog.rjs.de\/index.php?rest_route=%2Fwp%2Fv2%2Ftags&post=166"}],"curies":[{"name":"wp","href":"https:\/\/api.w.org\/{rel}","templated":true}]}}