{"id":1615,"date":"2019-06-27T23:45:28","date_gmt":"2019-06-27T23:45:28","guid":{"rendered":"http:\/\/fliegerblog.rjs.de\/?p=1615"},"modified":"2019-06-28T07:41:22","modified_gmt":"2019-06-28T07:41:22","slug":"hot-nice","status":"publish","type":"post","link":"https:\/\/fliegerblog.rjs.de\/?p=1615","title":{"rendered":"Hot &#038; Nice"},"content":{"rendered":"<div class=\"separator\" style=\"clear: both; text-align: center;\"><a style=\"margin-left: 1em; margin-right: 1em;\" href=\"https:\/\/i0.wp.com\/1.bp.blogspot.com\/--dkIOD2EYr8\/XRXEN9vBH7I\/AAAAAAAAE38\/TBk6PJxw798q60DXYhqLg76zZR_xe_piACLcBGAs\/s1600\/WhatsApp%2BImage%2B2019-06-28%2Bat%2B09.31.32.jpeg?ssl=1\"><img loading=\"lazy\" decoding=\"async\" src=\"https:\/\/i0.wp.com\/1.bp.blogspot.com\/--dkIOD2EYr8\/XRXEN9vBH7I\/AAAAAAAAE38\/TBk6PJxw798q60DXYhqLg76zZR_xe_piACLcBGAs\/s640\/WhatsApp%2BImage%2B2019-06-28%2Bat%2B09.31.32.jpeg?resize=640%2C360&#038;ssl=1\" width=\"640\" height=\"360\" border=\"0\" data-original-height=\"900\" data-original-width=\"1600\" data-recalc-dims=\"1\" \/><\/a><\/div>\n<p><a style=\"clear: right; float: right; margin-bottom: 1em; margin-left: 1em;\" href=\"https:\/\/i0.wp.com\/1.bp.blogspot.com\/-WWixRTIJUgA\/XRW3fR02VfI\/AAAAAAAAE3I\/IN-bNks5X7MGoFesf08vB5bzgCE-IKggACLcBGAs\/s1600\/GOPR9438.JPG?ssl=1\"><img loading=\"lazy\" decoding=\"async\" src=\"https:\/\/i0.wp.com\/1.bp.blogspot.com\/-WWixRTIJUgA\/XRW3fR02VfI\/AAAAAAAAE3I\/IN-bNks5X7MGoFesf08vB5bzgCE-IKggACLcBGAs\/s320\/GOPR9438.JPG?resize=320%2C240&#038;ssl=1\" width=\"320\" height=\"240\" border=\"0\" data-original-height=\"1200\" data-original-width=\"1600\" data-recalc-dims=\"1\" \/><\/a>Gestern schon war Nordwind angesagt, aber es sollte der hei\u00dfeste Tag des bisherigen Jahres werden. Da wollte ich nicht unbedingt am Hang in der prallen Sonne sein. Gut 39 Grad im Schatten ist definitiv zuviel, um mit der Ausr\u00fcstung immer wieder den Hang hochzulaufen.<\/p>\n<div class=\"separator\" style=\"clear: both; text-align: center;\"><a style=\"clear: left; float: left; margin-bottom: 1em; margin-right: 1em;\" href=\"https:\/\/i0.wp.com\/1.bp.blogspot.com\/-lItMMX7kpno\/XRW3i2K-O3I\/AAAAAAAAE3M\/FLwp1jqEroYCR7-7IyX9ODHvjyjlgxf_QCLcBGAs\/s1600\/GOPR9442.JPG?ssl=1\"><img loading=\"lazy\" decoding=\"async\" src=\"https:\/\/i0.wp.com\/1.bp.blogspot.com\/-lItMMX7kpno\/XRW3i2K-O3I\/AAAAAAAAE3M\/FLwp1jqEroYCR7-7IyX9ODHvjyjlgxf_QCLcBGAs\/s320\/GOPR9442.JPG?resize=320%2C240&#038;ssl=1\" width=\"320\" height=\"240\" border=\"0\" data-original-height=\"1200\" data-original-width=\"1600\" data-recalc-dims=\"1\" \/><\/a><\/div>\n<p>Auch heute sollte es \u00fcber 30 Grad werden, aber die 7 Grad weniger k\u00f6nnen entscheidend sein, ob man einen Hitzschlag bekommt oder nicht. Dennoch &#8211; ich habe \u00fcber den Flugtag (von 15:30 Uhr bis 21:00 Uhr) am Hang 3 Liter Wasser getrunken und musste nicht pinkeln. Alles rausgeschwitzt. Obwohl der Wind ganz gut gek\u00fchlt hat &#8211; ansonsten w\u00e4re es auch nicht auszuhalten gewesen.<\/p>\n<div class=\"separator\" style=\"clear: both; text-align: center;\"><a style=\"clear: right; float: right; margin-bottom: 1em; margin-left: 1em;\" href=\"https:\/\/i0.wp.com\/1.bp.blogspot.com\/-LgkMTS1NUrU\/XRW3nJwFhNI\/AAAAAAAAE3Q\/g6k8gn-IEAAVq29wov8SMuWTXXlEaxz9wCLcBGAs\/s1600\/GOPR9496.JPG?ssl=1\"><img loading=\"lazy\" decoding=\"async\" src=\"https:\/\/i0.wp.com\/1.bp.blogspot.com\/-LgkMTS1NUrU\/XRW3nJwFhNI\/AAAAAAAAE3Q\/g6k8gn-IEAAVq29wov8SMuWTXXlEaxz9wCLcBGAs\/s320\/GOPR9496.JPG?resize=320%2C240&#038;ssl=1\" width=\"320\" height=\"240\" border=\"0\" data-original-height=\"1200\" data-original-width=\"1600\" data-recalc-dims=\"1\" \/><\/a><\/div>\n<p>\u00dcberhaupt war der Wind heute teils ziemlich kr\u00e4ftig. Die Sonne hat die thermischen Verh\u00e4ltnisse gewaltig angekurbelt, aber der Wind hat die B\u00e4rte auch wieder verblasen. Es ging also nicht richtig hoch, aber man konnte auf dem gesamten Hang die ganze Zeit fliegen.<\/p>\n<div class=\"separator\" style=\"clear: both; text-align: center;\"><a style=\"clear: left; float: left; margin-bottom: 1em; margin-right: 1em;\" href=\"https:\/\/i0.wp.com\/1.bp.blogspot.com\/-1dDfQwT5sZ4\/XRW3sUawrcI\/AAAAAAAAE3U\/W2tWo9Io-g0e41Svika0Q3UVT5wrDG59QCLcBGAs\/s1600\/GOPR9554.JPG?ssl=1\"><img loading=\"lazy\" decoding=\"async\" src=\"https:\/\/i0.wp.com\/1.bp.blogspot.com\/-1dDfQwT5sZ4\/XRW3sUawrcI\/AAAAAAAAE3U\/W2tWo9Io-g0e41Svika0Q3UVT5wrDG59QCLcBGAs\/s320\/GOPR9554.JPG?resize=320%2C240&#038;ssl=1\" width=\"320\" height=\"240\" border=\"0\" data-original-height=\"1200\" data-original-width=\"1600\" data-recalc-dims=\"1\" \/><\/a><\/div>\n<p>Am Anfang war es noch recht bockig, aber je weiter der Abend fortgeschritten ist, wurde es umso laminarer. Zwar immer noch sehr kr\u00e4ftig vom Wind, aber sch\u00f6n und ruhig zu fliegen.<\/p>\n<div class=\"separator\" style=\"clear: both; text-align: center;\"><a style=\"clear: right; float: right; margin-bottom: 1em; margin-left: 1em;\" href=\"https:\/\/i0.wp.com\/1.bp.blogspot.com\/-IFReMoourkU\/XRW3vUi31EI\/AAAAAAAAE3Y\/VPNG95wDlsUwtT-1VUuS31XXYPZpv7ZoQCLcBGAs\/s1600\/GOPR9753.JPG?ssl=1\"><img loading=\"lazy\" decoding=\"async\" src=\"https:\/\/i0.wp.com\/1.bp.blogspot.com\/-IFReMoourkU\/XRW3vUi31EI\/AAAAAAAAE3Y\/VPNG95wDlsUwtT-1VUuS31XXYPZpv7ZoQCLcBGAs\/s320\/GOPR9753.JPG?resize=320%2C240&#038;ssl=1\" width=\"320\" height=\"240\" border=\"0\" data-original-height=\"1200\" data-original-width=\"1600\" data-recalc-dims=\"1\" \/><\/a><\/div>\n<p>Ich habe heute mal mit ein paar anderen Befestigungspositionen f\u00fcr die GoPro experimentiert, um andere Perspektiven zu bekommen, denn die Bilder und Videos wiederholen sich \u00fcber die Jahre einfach immer wieder. Aber so richtig zufrieden bin ich mit den Resultaten nicht. Naja &#8211; das ist ja auch nur Nebensache. Nur gehen mir im Moment an meiner Ausr\u00fcstung st\u00e4ndig Dinge kaputt. Das Band f\u00fcr die GoPro ist heute abgegangen, mein Beinstrecker ebenso und eine der Sicherungen f\u00fcr die Brummelhaken des Beschleunigers hat sich aufgel\u00f6st.<\/p>\n<div class=\"separator\" style=\"clear: both; text-align: center;\"><a style=\"clear: left; float: left; margin-bottom: 1em; margin-right: 1em;\" href=\"https:\/\/i0.wp.com\/1.bp.blogspot.com\/-En_Ia1_MiTQ\/XRW3y_ZTtaI\/AAAAAAAAE3k\/z2e0KLrwD2oogCBuW8Bx5v07ikh_MZJXwCLcBGAs\/s1600\/GOPR9757.JPG?ssl=1\"><img loading=\"lazy\" decoding=\"async\" src=\"https:\/\/i0.wp.com\/1.bp.blogspot.com\/-En_Ia1_MiTQ\/XRW3y_ZTtaI\/AAAAAAAAE3k\/z2e0KLrwD2oogCBuW8Bx5v07ikh_MZJXwCLcBGAs\/s320\/GOPR9757.JPG?resize=320%2C240&#038;ssl=1\" width=\"320\" height=\"240\" border=\"0\" data-original-height=\"1200\" data-original-width=\"1600\" data-recalc-dims=\"1\" \/><\/a><\/div>\n<p>Alles Kleinigkeiten, aber irgendwie ist immer was zu basteln im Moment.<br \/>\n21:00 Uhr bin ich vom Hang weg und eigentlich h\u00e4tte ich heute aus gesundheitlichen Gr\u00fcnden mich gar nicht auspowern d\u00fcrfen. Aber es waren einfach zu nette Flugbedingungen als dass man die h\u00e4tte ungenutzt lassen d\u00fcrfen.<\/p>\n<div class=\"separator\" style=\"clear: both; text-align: center;\"><a style=\"margin-left: 1em; margin-right: 1em;\" href=\"https:\/\/i0.wp.com\/1.bp.blogspot.com\/-5z7a4nnPpmo\/XRW3vif-3vI\/AAAAAAAAE3c\/aOjEzoh1xLUJztJfNnkSFAGs9sDJhhiPwCLcBGAs\/s1600\/WhatsApp%2BImage%2B2019-06-27%2Bat%2B20.47.48.jpeg?ssl=1\"><img loading=\"lazy\" decoding=\"async\" src=\"https:\/\/i0.wp.com\/1.bp.blogspot.com\/-5z7a4nnPpmo\/XRW3vif-3vI\/AAAAAAAAE3c\/aOjEzoh1xLUJztJfNnkSFAGs9sDJhhiPwCLcBGAs\/s320\/WhatsApp%2BImage%2B2019-06-27%2Bat%2B20.47.48.jpeg?resize=320%2C240&#038;ssl=1\" width=\"320\" height=\"240\" border=\"0\" data-original-height=\"1200\" data-original-width=\"1600\" data-recalc-dims=\"1\" \/><\/a><\/div>\n<div class=\"separator\" style=\"clear: both; text-align: center;\"><a style=\"margin-left: 1em; margin-right: 1em;\" href=\"https:\/\/i0.wp.com\/1.bp.blogspot.com\/-FdgJir6lkC4\/XRW3zNRNvCI\/AAAAAAAAE3o\/aGo1wEFB4PYqSICoEcXzg-MBs68Nnb3yQCLcBGAs\/s1600\/WhatsApp%2BImage%2B2019-06-27%2Bat%2B21.34.14.jpeg?ssl=1\"><img loading=\"lazy\" decoding=\"async\" src=\"https:\/\/i0.wp.com\/1.bp.blogspot.com\/-FdgJir6lkC4\/XRW3zNRNvCI\/AAAAAAAAE3o\/aGo1wEFB4PYqSICoEcXzg-MBs68Nnb3yQCLcBGAs\/s320\/WhatsApp%2BImage%2B2019-06-27%2Bat%2B21.34.14.jpeg?resize=320%2C179&#038;ssl=1\" width=\"320\" height=\"179\" border=\"0\" data-original-height=\"900\" data-original-width=\"1600\" data-recalc-dims=\"1\" \/><\/a><\/div>\n","protected":false},"excerpt":{"rendered":"<p>Gestern schon war Nordwind angesagt, aber es sollte der hei\u00dfeste Tag des bisherigen Jahres werden. Da wollte ich nicht unbedingt am Hang in der prallen Sonne sein. Gut 39 Grad im Schatten ist definitiv zuviel, um mit der Ausr\u00fcstung immer wieder den Hang hochzulaufen. Auch heute sollte es \u00fcber 30 Grad werden, aber die 7 &hellip; <a href=\"https:\/\/fliegerblog.rjs.de\/?p=1615\" class=\"more-link\"><span class=\"screen-reader-text\">\u201eHot &#038; Nice\u201c<\/span> weiterlesen<\/a><\/p>\n","protected":false},"author":1,"featured_media":0,"comment_status":"closed","ping_status":"open","sticky":false,"template":"","format":"standard","meta":{"jetpack_post_was_ever_published":false,"footnotes":"","jetpack_publicize_message":"","jetpack_is_tweetstorm":false,"jetpack_publicize_feature_enabled":true,"jetpack_social_options":[]},"categories":[1],"tags":[],"class_list":["post-1615","post","type-post","status-publish","format-standard","hentry","category-uncategorized"],"jetpack_publicize_connections":[],"jetpack_featured_media_url":"","jetpack_shortlink":"https:\/\/wp.me\/p788kK-q3","jetpack-related-posts":[{"id":310,"url":"https:\/\/fliegerblog.rjs.de\/?p=310","url_meta":{"origin":1615,"position":0},"title":"Gut war es","date":"April 9, 2010","format":false,"excerpt":"Seit gestern ist Nordwind angesagt. Und wie ich mitbekommen habe, ging es auch gestern schon nett zu fliegen. War da aber anderweitig unterwegs. Aber heute waren wir gegen 13:15 Uhr am Hang in MF. Im Vorfeld wurde in der Diskussion zu heute vermutet, dass der Wind recht schwach w\u00fcrde. In\u2026","rel":"","context":"In &quot;Allgemein&quot;","img":{"alt_text":"","src":"","width":0,"height":0},"classes":[]},{"id":1586,"url":"https:\/\/fliegerblog.rjs.de\/?p=1586","url_meta":{"origin":1615,"position":1},"title":"Sprung in den Mai","date":"April 30, 2019","format":false,"excerpt":"Das war heute am Anfang echt mehr \"Gleitschirmspringen\" (wie es von vielen Zuschauern an den Hotspots immer genannt wird) als Gleitschirmfliegen - wenn \u00fcberhaupt was ging. Der Wind stand fast quer zum Hang und da war an Fliegen erstmal gar nicht zu denken. Ich musste gestern und heute in Wiesbaden\u2026","rel":"","context":"\u00c4hnlicher Beitrag","img":{"alt_text":"","src":"https:\/\/i0.wp.com\/1.bp.blogspot.com\/-z5ANJjGqcr8\/XMig6xVPvHI\/AAAAAAAAEr4\/BqJKrNSA_qEgz6TS5Ok0BxeArJETrd2ogCLcBGAs\/s320\/GOPR7324.JPG?resize=350%2C200&ssl=1","width":350,"height":200},"classes":[]},{"id":1862,"url":"https:\/\/fliegerblog.rjs.de\/?p=1862","url_meta":{"origin":1615,"position":2},"title":"Das k\u00f6nnte es mit der diesj\u00e4hrigen Schleppsaison gewesen sein","date":"Oktober 10, 2021","format":false,"excerpt":"Unsere Winde in Singhofen ist defekt und in die Werkstatt geschickt worden. Aber gestern (Samstag ist da Regeltag) war der Wind sowieso zu stark bzw. b\u00f6ig und h\u00e4tte zudem quer zur Bahn gestanden. Heute war jedoch noch mal Schleppen in Wallertheim bei der Schleppgemeinschaft RheinHessen angesagt. Da bin ich hin.\u2026","rel":"","context":"\u00c4hnlicher Beitrag","img":{"alt_text":"","src":"https:\/\/i0.wp.com\/1.bp.blogspot.com\/-oZ88r63qt-0\/YWMVTXL4-eI\/AAAAAAAAGWs\/jUXa-A7VA6g7pYnoVu415SidmWENDYJTgCLcBGAsYHQ\/s320\/GOPR0105.JPG?resize=350%2C200&ssl=1","width":350,"height":200},"classes":[]},{"id":1711,"url":"https:\/\/fliegerblog.rjs.de\/?p=1711","url_meta":{"origin":1615,"position":3},"title":"Endlich die Schleppsaison 2020 begonnen","date":"Juni 13, 2020","format":false,"excerpt":"\u00a0 Heute war ich in Singhofen bei meinem Verein zum Schleppen. Es ist unfassbar, wie lange ich nicht mehr an der Winde geflogen bin. Am\u00a0 10. Nov 2019\u00a0 gab es meinen letzten Versuch, bei dem ich als Dummy in Singhofen in einer kombinierten Sache mit einer Flugschulung und Freifliegern getestet\u2026","rel":"","context":"\u00c4hnlicher Beitrag","img":{"alt_text":"","src":"https:\/\/i0.wp.com\/1.bp.blogspot.com\/-iUkodBEHi10\/XuUDSAmcxLI\/AAAAAAAAFcM\/ITLEXcNSll8mQhnc-g_kh5IK2vWG9DK6gCLcBGAsYHQ\/s320\/GOPR4263.JPG?resize=350%2C200&ssl=1","width":350,"height":200},"classes":[]},{"id":1573,"url":"https:\/\/fliegerblog.rjs.de\/?p=1573","url_meta":{"origin":1615,"position":4},"title":"Der Start in die Windensaison 2019","date":"M\u00e4rz 28, 2019","format":false,"excerpt":"Eigentlich sollte letzten Samstag schon mein Start in die 2019-er-Windensaison in Singhofen erfolgen. Aber vor Ort waren die Bedingungen so mau, dass das Schleppen nicht stattfinden konnte und ich an den Hang gegangen war. Aber gestern kam kurzfristg die Ank\u00fcndigung von den Wehrheimer Gleitschirmfliegern rein, dass heute in Obernhain\/Neu-Anspach geschleppt\u2026","rel":"","context":"\u00c4hnlicher Beitrag","img":{"alt_text":"","src":"https:\/\/i0.wp.com\/4.bp.blogspot.com\/-c-MBGeKljjA\/XJ0NXfnjDhI\/AAAAAAAAEko\/y2O0qYaoz_c7DIBm3sLDtRZp5o-ZNv9iACLcBGAs\/s320\/GOPR6709.JPG?resize=350%2C200&ssl=1","width":350,"height":200},"classes":[]},{"id":2089,"url":"https:\/\/fliegerblog.rjs.de\/?p=2089","url_meta":{"origin":1615,"position":5},"title":"Nebenaktion","date":"Mai 15, 2024","format":false,"excerpt":"Heute vormittag war komplett Regen angesagt. Zwar so wenig, dass ich mit dem Rad 2x ins Ort bzw. an den Strand gefahren bin, aber mit Fliegen war nix. Aber ich habe mir sowieso Arbeit mitgenommen, um solche Phasen produktiv zu nutzen. Ob ich zuhause oder hier arbeite, spielt ja in\u2026","rel":"","context":"\u00c4hnlicher Beitrag","img":{"alt_text":"","src":"https:\/\/i0.wp.com\/blogger.googleusercontent.com\/img\/b\/R29vZ2xl\/AVvXsEjIxsoqWKSGNZexkvg3v3jlj4d0za9UD7qru-e2_ELdA8AAZOS5z6CDOhuP-ECew2QTOwFKTPQzXpbnc37J99G4D9GKaPWXDBIPleWRam6qtrXgmaOo9qMEm0sRNW2kTQK_dItBvwvtSD1JjOVhQvpsmmAYn1vtDfU9amTSHY-3BFD-nGDEkNI1OnTLya-c\/s320\/WhatsApp%20Image%202024-05-15%20at%2014.43.15.jpeg?resize=350%2C200&ssl=1","width":350,"height":200},"classes":[]}],"_links":{"self":[{"href":"https:\/\/fliegerblog.rjs.de\/index.php?rest_route=\/wp\/v2\/posts\/1615","targetHints":{"allow":["GET"]}}],"collection":[{"href":"https:\/\/fliegerblog.rjs.de\/index.php?rest_route=\/wp\/v2\/posts"}],"about":[{"href":"https:\/\/fliegerblog.rjs.de\/index.php?rest_route=\/wp\/v2\/types\/post"}],"author":[{"embeddable":true,"href":"https:\/\/fliegerblog.rjs.de\/index.php?rest_route=\/wp\/v2\/users\/1"}],"replies":[{"embeddable":true,"href":"https:\/\/fliegerblog.rjs.de\/index.php?rest_route=%2Fwp%2Fv2%2Fcomments&post=1615"}],"version-history":[{"count":6,"href":"https:\/\/fliegerblog.rjs.de\/index.php?rest_route=\/wp\/v2\/posts\/1615\/revisions"}],"predecessor-version":[{"id":1622,"href":"https:\/\/fliegerblog.rjs.de\/index.php?rest_route=\/wp\/v2\/posts\/1615\/revisions\/1622"}],"wp:attachment":[{"href":"https:\/\/fliegerblog.rjs.de\/index.php?rest_route=%2Fwp%2Fv2%2Fmedia&parent=1615"}],"wp:term":[{"taxonomy":"category","embeddable":true,"href":"https:\/\/fliegerblog.rjs.de\/index.php?rest_route=%2Fwp%2Fv2%2Fcategories&post=1615"},{"taxonomy":"post_tag","embeddable":true,"href":"https:\/\/fliegerblog.rjs.de\/index.php?rest_route=%2Fwp%2Fv2%2Ftags&post=1615"}],"curies":[{"name":"wp","href":"https:\/\/api.w.org\/{rel}","templated":true}]}}