{"id":161,"date":"2009-03-29T19:46:15","date_gmt":"2009-03-29T18:46:15","guid":{"rendered":"http:\/\/www.rjs.de\/fliegerblog\/?p=161"},"modified":"2009-03-29T19:46:15","modified_gmt":"2009-03-29T18:46:15","slug":"nordwind","status":"publish","type":"post","link":"https:\/\/fliegerblog.rjs.de\/?p=161","title":{"rendered":"Nordwind"},"content":{"rendered":"<p>War heute so gegen 15:30 Uhr am Hang in MF. Als ich kam, hat es gest\u00fcrmt und gehagelt. Aber ab 16:00 Uhr ging es teilweise richtig gut mit Fliegen. Gegen 18:30 Uhr habe ich eingepackt. Wir hatten Gl\u00fcck mit den Bedingungen, denn rundrum hat es wohl ziemlich geregnet.<br \/>\n<a onblur=\"try {parent.deselectBloggerImageGracefully();} catch(e) {}\" href=\"https:\/\/i0.wp.com\/2.bp.blogspot.com\/_lY4VOIwoBZk\/SdGuURmB0wI\/AAAAAAAAAVc\/8UiTbuBIKMQ\/s1600-h\/29032009.jpg\"><img decoding=\"async\" style=\"float:right; margin:0 0 10px 10px;cursor:pointer; cursor:hand;width: 320px; height: 240px;\" src=\"https:\/\/i0.wp.com\/2.bp.blogspot.com\/_lY4VOIwoBZk\/SdGuURmB0wI\/AAAAAAAAAVc\/8UiTbuBIKMQ\/s320\/29032009.jpg?w=840\" border=\"0\" alt=\"\"id=\"BLOGGER_PHOTO_ID_5319224298244788994\" data-recalc-dims=\"1\" \/><\/a><\/p>\n<p><object width=\"480\" height=\"295\"><param name=\"movie\" value=\"http:\/\/www.youtube.com\/v\/RPEXKNBABS4&#038;hl=de&#038;fs=1\"><\/param><param name=\"allowFullScreen\" value=\"true\"><\/param><param name=\"allowscriptaccess\" value=\"always\"><\/param><\/object><\/p>\n","protected":false},"excerpt":{"rendered":"<p>War heute so gegen 15:30 Uhr am Hang in MF. Als ich kam, hat es gest\u00fcrmt und gehagelt. Aber ab 16:00 Uhr ging es teilweise richtig gut mit Fliegen. Gegen 18:30 Uhr habe ich eingepackt. Wir hatten Gl\u00fcck mit den Bedingungen, denn rundrum hat es wohl ziemlich geregnet.<\/p>\n","protected":false},"author":1,"featured_media":0,"comment_status":"open","ping_status":"open","sticky":false,"template":"","format":"standard","meta":{"jetpack_post_was_ever_published":false,"footnotes":"","jetpack_publicize_message":"","jetpack_is_tweetstorm":false,"jetpack_publicize_feature_enabled":true,"jetpack_social_options":[]},"categories":[2],"tags":[],"class_list":["post-161","post","type-post","status-publish","format-standard","hentry","category-allgemein"],"jetpack_publicize_connections":[],"jetpack_featured_media_url":"","jetpack_shortlink":"https:\/\/wp.me\/s788kK-nordwind","jetpack-related-posts":[{"id":1858,"url":"https:\/\/fliegerblog.rjs.de\/?p=1858","url_meta":{"origin":161,"position":0},"title":"Regenabbruch","date":"September 26, 2021","format":false,"excerpt":"F\u00fcr heute sahen die Prognosen S\u00fcdwind voraus. Mit recht brauchbarer St\u00e4rke. Aber einige Prognosen haben auch f\u00fcr den Nachmittag eine herein ziehende Front vorhergesagt. Die Modelle waren sehr unterschiedlich, aber in der Tendenz sah es nach einem sch\u00f6nen Flugfenster zwischen 11:00 Uhr und 14:00 Uhr aus. Ab 14:00 Uhr waren\u2026","rel":"","context":"\u00c4hnlicher Beitrag","img":{"alt_text":"","src":"https:\/\/i0.wp.com\/1.bp.blogspot.com\/-x8d4bmyWlhQ\/YVB6BIn-R-I\/AAAAAAAAGVs\/x0-dCN3U7Ys90bnqlzmETRW49-KoRfuWACLcBGAsYHQ\/w400-h300\/reichenbach1632648841.240684.png?resize=350%2C200&ssl=1","width":350,"height":200},"classes":[]},{"id":94,"url":"https:\/\/fliegerblog.rjs.de\/?p=94","url_meta":{"origin":161,"position":1},"title":"Der Abend hat sich gelohnt","date":"Juli 30, 2007","format":false,"excerpt":"Der Tag heute hatte sehr viel versprochen. Guten Nordwest \u00fcber den ganzen Tag. Die Realit\u00e4t sah wie immer anders aus. Reiner West und viel zu b\u00f6ig den Tag \u00fcber. Bin deshalb mit meinen Kindern in einen Freizeitpark (hat sie richtig gefreut - mir wurde auf einem Karussell fast schlecht).Dann gegen\u2026","rel":"","context":"In &quot;Allgemein&quot;","img":{"alt_text":"","src":"","width":0,"height":0},"classes":[]},{"id":973,"url":"https:\/\/fliegerblog.rjs.de\/?p=973","url_meta":{"origin":161,"position":2},"title":"Bisschen gespielt","date":"August 14, 2015","format":false,"excerpt":"Ich hatte f\u00fcr heute S\u00fcdwind in den Prognosen gesehen und mal locker Reichenbach anvisiert. Gegen 12:45 Uhr habe ich dann auf der Webcam zwei Schirme gesehen und bin dann auch nach dem Mittagessen los an den Hang. Gegen 14:15 Uhr war ich da. Wind war nicht sonderlich stark, kam aber\u2026","rel":"","context":"In &quot;Allgemein&quot;","img":{"alt_text":"","src":"","width":0,"height":0},"classes":[]},{"id":1305,"url":"https:\/\/fliegerblog.rjs.de\/?p=1305","url_meta":{"origin":161,"position":3},"title":"Vierflug","date":"August 25, 2017","format":false,"excerpt":"Die Woche war ich schon 2x in der Luft. Sogar ziemlich hoch. Allerdings in der Stahlr\u00f6hre mit Fl\u00fcgeln dran. Ich war beruflich wieder einmal in Graz und da fliege ich ob der recht gro\u00dfen Entfernung halt immer mit dem Flugzeug hin. Aber heute war echtes Fliegen dran. In Laufenselden an\u2026","rel":"","context":"\u00c4hnlicher Beitrag","img":{"alt_text":"","src":"https:\/\/i0.wp.com\/3.bp.blogspot.com\/-527kYdbwpug\/WaBiYxVPWOI\/AAAAAAAADiE\/lQOTnH55V6szSbTrlmsvhafklO_sKFVUwCLcBGAs\/s320\/GOPR5116.JPG?resize=350%2C200&ssl=1","width":350,"height":200},"classes":[]},{"id":1798,"url":"https:\/\/fliegerblog.rjs.de\/?p=1798","url_meta":{"origin":161,"position":4},"title":"Vor-Ostergeschenk","date":"April 2, 2021","format":false,"excerpt":"Nach dem brutal hei\u00dfen Mittwoch mit S\u00fcdwind hat der Wind bereits am Donnerstag unmittelbar auf Nord gedreht und einige Tage fliegerische Nord-Ostereier versprochen. Nur gestern waren mir die Prognosen zu stark und zu westlich und deshalb bin ich nicht an den Hang. Was wohl im Nachhinein auch die richtige Entscheidung\u2026","rel":"","context":"\u00c4hnlicher Beitrag","img":{"alt_text":"","src":"https:\/\/i0.wp.com\/1.bp.blogspot.com\/-79FgWmMvXG4\/YGc_NPDjYhI\/AAAAAAAAF_o\/2ulzBV65VTwhAvTMkBbXIZcNB7TuMgTMgCLcBGAsYHQ\/w400-h300\/IMG_20210402_151757.jpg?resize=350%2C200&ssl=1","width":350,"height":200},"classes":[]},{"id":408,"url":"https:\/\/fliegerblog.rjs.de\/?p=408","url_meta":{"origin":161,"position":5},"title":"Naja &#8211; MFK im Mittelma\u00df","date":"M\u00e4rz 5, 2011","format":false,"excerpt":"War heute am MFK. So voll habe ich das selten erlebt. Vielleicht 20 Flieger da gewesen. Aber ich kann nicht sagen, ob es sich heute gelohnt hat oder nicht. Ich kam gegen 11:00 Uhr an. Da war so gut wie kein Wind. Die Sonne hat zwar geschienen, aber nicht ganz\u2026","rel":"","context":"In &quot;Allgemein&quot;","img":{"alt_text":"","src":"","width":0,"height":0},"classes":[]}],"_links":{"self":[{"href":"https:\/\/fliegerblog.rjs.de\/index.php?rest_route=\/wp\/v2\/posts\/161","targetHints":{"allow":["GET"]}}],"collection":[{"href":"https:\/\/fliegerblog.rjs.de\/index.php?rest_route=\/wp\/v2\/posts"}],"about":[{"href":"https:\/\/fliegerblog.rjs.de\/index.php?rest_route=\/wp\/v2\/types\/post"}],"author":[{"embeddable":true,"href":"https:\/\/fliegerblog.rjs.de\/index.php?rest_route=\/wp\/v2\/users\/1"}],"replies":[{"embeddable":true,"href":"https:\/\/fliegerblog.rjs.de\/index.php?rest_route=%2Fwp%2Fv2%2Fcomments&post=161"}],"version-history":[{"count":0,"href":"https:\/\/fliegerblog.rjs.de\/index.php?rest_route=\/wp\/v2\/posts\/161\/revisions"}],"wp:attachment":[{"href":"https:\/\/fliegerblog.rjs.de\/index.php?rest_route=%2Fwp%2Fv2%2Fmedia&parent=161"}],"wp:term":[{"taxonomy":"category","embeddable":true,"href":"https:\/\/fliegerblog.rjs.de\/index.php?rest_route=%2Fwp%2Fv2%2Fcategories&post=161"},{"taxonomy":"post_tag","embeddable":true,"href":"https:\/\/fliegerblog.rjs.de\/index.php?rest_route=%2Fwp%2Fv2%2Ftags&post=161"}],"curies":[{"name":"wp","href":"https:\/\/api.w.org\/{rel}","templated":true}]}}