{"id":16,"date":"2008-11-08T18:03:00","date_gmt":"2008-11-08T18:03:00","guid":{"rendered":"http:\/\/www.rjs.de\/fliegerblog\/?p=16"},"modified":"2008-11-08T18:03:00","modified_gmt":"2008-11-08T18:03:00","slug":"mal-wieder-in-der-kreuznacher-ecke","status":"publish","type":"post","link":"https:\/\/fliegerblog.rjs.de\/?p=16","title":{"rendered":"Mal wieder in der Kreuznacher Ecke"},"content":{"rendered":"<p>Heute war wieder SW angek\u00fcndigt. Ich habe lange hin-und-her-\u00fcberlegt, ob ich wie \u00fcblich nach Reichenbach oder endlich mal wieder mit in die Kreuznacher Ecke gehen sollte. Es gab mal wieder 2 Fraktionen: 1 f\u00fcr Reichenbach und 1 f\u00fcr eben Kreuznach. Heute hab ich mal seit langer Zeit f\u00fcr die 2. Fraktion entschieden. Ich war \u00fcber ein Jahr nicht mehr in der Ecke zum Fliegen und wollte mal wieder andere H\u00e4nge sehen. Au\u00dferdem versprechen die H\u00e4nge dort mehr M\u00f6glichkeiten. Sowohl bei verschiedenen Windrichtungen als auch die Flugm\u00f6glichkeiten selbst.<br \/>Wir sind gegen 10:00 Uhr los und zuerst nach Bockenau. Da bin ich letztes Jahr beim Landen fast gegen ein Haus geflogen. Vor Ort war der Wind aber zu westlich und auch ein bisschen stark f\u00fcr den Hang.<br \/>Also 5 Km weiter nach Staudernheim. Da hat der Wind gepasst, aber man konnte sich die erste Zeit nicht halten. Nur verl\u00e4ngerte Abgleiter. Sp\u00e4ter kamen die local Heros und die konnten sich dann teilweise richtig gut am Hang halten (samt Toplanden). Allerdings trat dann das \u00fcbliche Problem ein &#8211; es wurde richtig voll. Und an den wenigen Stellen, wo es ging, hat es sich geballt. Das ist nix f\u00fcr mich. Also neben dem Nachteil, dass ich bisher den Hang nicht gekannt hatte, wurde es mir einfach zu eng. Damit hatte ich bis 15:30 Uhr nur 5 verl\u00e4ngerte Abgleiter auf der Habenseite. <br \/>Und wenn das auch viele Fliegerkollegen anders sehen &#8211; das h\u00e4tte ich auch in Reichenbach haben k\u00f6nnen (bei 20% Anfahrt).<br \/><div class=\"jetpack-video-wrapper\"><span class=\"embed-youtube\" style=\"text-align:center; display: block;\"><iframe loading=\"lazy\" class=\"youtube-player\" width=\"840\" height=\"473\" src=\"https:\/\/www.youtube.com\/embed\/ejCbRu4H4DU?version=3&#038;rel=1&#038;showsearch=0&#038;showinfo=1&#038;iv_load_policy=1&#038;fs=1&#038;hl=de-DE&#038;autohide=2&#038;wmode=transparent\" allowfullscreen=\"true\" style=\"border:0;\" sandbox=\"allow-scripts allow-same-origin allow-popups allow-presentation\"><\/iframe><\/span><\/div><br \/>Mein letzter Flug hat die Sache aber wieder rausgerissen. Da konnte ich mich wirklich einige Zeit auf der Kante halten. War richtig sch\u00f6n. Und so was bekommt man in RB nur sehr selten hin.<br \/>Also alles in Allem war es ein sch\u00f6ner Flugtag (Novembersonne ist auch nicht zu verachten) und ich bin an einem neuen Hang geflogen. Dazu sind die Leute da vor Ort wirklich nett!<br \/>Andererseits sind mir die H\u00e4nge am Wochenende zu voll und die Anfahrt ist halt auch doof.<br \/>Ich denke aber, die Ecke werde ich f\u00fcr Tage unter der Woche und viel Zeit im Auge halten.<\/p>\n<p>Am Abend war dann von unerem Verein noch ein Vortrag zum Thema &#8222;Sicheres Fliegen&#8220; mit Dany von Team 5. War ganz unterhaltsam und ein paar Anregungen konnte ich mitnehmen.<\/p>\n<div class=\"blogger-post-footer\"><script type=\"text\/javascript\"><!--\ngoogle_ad_client = \"pub-4702984279656494\";\ngoogle_ad_width = 468;\ngoogle_ad_height = 60;\ngoogle_ad_format = \"468x60_as_rimg\";\ngoogle_cpa_choice = \"CAAQlNHphwIaCFxy_-mnISvEKNDv6n4\";\ngoogle_ad_channel = \"0174140724\";\n\/\/--><\/script><br \/>\n<script type=\"text\/javascript\" src=\"http:\/\/pagead2.googlesyndication.com\/pagead\/show_ads.js\">\n<\/script><\/div>\n","protected":false},"excerpt":{"rendered":"<p>Heute war wieder SW angek\u00fcndigt. Ich habe lange hin-und-her-\u00fcberlegt, ob ich wie \u00fcblich nach Reichenbach oder endlich mal wieder mit in die Kreuznacher Ecke gehen sollte. Es gab mal wieder 2 Fraktionen: 1 f\u00fcr Reichenbach und 1 f\u00fcr eben Kreuznach. Heute hab ich mal seit langer Zeit f\u00fcr die 2. Fraktion entschieden. Ich war \u00fcber &hellip; <a href=\"https:\/\/fliegerblog.rjs.de\/?p=16\" class=\"more-link\"><span class=\"screen-reader-text\">\u201eMal wieder in der Kreuznacher Ecke\u201c<\/span> weiterlesen<\/a><\/p>\n","protected":false},"author":1,"featured_media":0,"comment_status":"open","ping_status":"open","sticky":false,"template":"","format":"standard","meta":{"jetpack_post_was_ever_published":false,"footnotes":"","jetpack_publicize_message":"","jetpack_is_tweetstorm":false,"jetpack_publicize_feature_enabled":true,"jetpack_social_options":[]},"categories":[2],"tags":[],"class_list":["post-16","post","type-post","status-publish","format-standard","hentry","category-allgemein"],"jetpack_publicize_connections":[],"jetpack_featured_media_url":"","jetpack_shortlink":"https:\/\/wp.me\/p788kK-g","jetpack-related-posts":[{"id":1930,"url":"https:\/\/fliegerblog.rjs.de\/?p=1930","url_meta":{"origin":16,"position":0},"title":"KH-Spielereien","date":"Juni 11, 2022","format":false,"excerpt":"Nachdem das Wochenende sowohl in Singhofen als auch Wallertheim keinen Windenfahrer verf\u00fcgbar sind, war heute der Hang angesagt. Nur ist auch das schwierig im Moment, denn meine beiden Lieblingsh\u00e4nge sind derzeit gesperrt . Der eine sogar bei Herbst\/Winter, aber da h\u00e4tte die Richtung sowieso nicht gepasst. Nur f\u00fcr Reichenbach w\u00e4re\u2026","rel":"","context":"\u00c4hnlicher Beitrag","img":{"alt_text":"","src":"","width":0,"height":0},"classes":[]},{"id":1993,"url":"https:\/\/fliegerblog.rjs.de\/?p=1993","url_meta":{"origin":16,"position":1},"title":"Endlich mal wieder","date":"M\u00e4rz 18, 2023","format":false,"excerpt":"Ich kann mich eigentlich bald nicht mehr als Gleitschirmflieger bezeichnen. So wenig habe ich die letzten Monate mit dem Schirm gemacht. :-( Von schlechtem Wetter \u00fcber gesperrte H\u00e4nge hin zu - f\u00fcr mich - ungew\u00f6hnlich vielen gesundheitlichen Problemen hat eigentlich immer irgendwas im Weg gestanden. Seit Ende Oktober genau 2x\u2026","rel":"","context":"\u00c4hnlicher Beitrag","img":{"alt_text":"","src":"https:\/\/i0.wp.com\/blogger.googleusercontent.com\/img\/b\/R29vZ2xl\/AVvXsEj5DmpLeJxIkY5iXK1a6NEF26fqYg13FxKRs4yLW9XeNjVpD9ubdusW_YGZpGM7AylUF5LjkB8iHeiaTIWVSC4zcw9i7nWT_GHmM1jGBlLZg_ofq6HxWro-vTu64wBFxCrmDuHPs4XmdUlgHgMS6dHHu5ykQtlRLMdPQiLdvBA4BRacFfB-MV1VoU3sDg\/w400-h300\/IMG_20230317_151655.jpg?resize=350%2C200&ssl=1","width":350,"height":200},"classes":[]},{"id":1939,"url":"https:\/\/fliegerblog.rjs.de\/?p=1939","url_meta":{"origin":16,"position":2},"title":"Unergiebig","date":"Juli 2, 2022","format":false,"excerpt":"Die Flugtage der letzten Wochen und Monate waren bei mir irgendwie nicht so die Bringer - von Ausnahmen abgesehen. Ich merke deutlich, dass meine beiden Lieblingsh\u00e4nge (Reichenbach und MF) aus unterschiedlichen Gr\u00fcnden nicht verf\u00fcgbar sind. Dadurch komme ich insgesamt weniger an den Hang, aber bei den verbleibenden Flugtagen ist dann\u2026","rel":"","context":"\u00c4hnlicher Beitrag","img":{"alt_text":"","src":"","width":0,"height":0},"classes":[]},{"id":1801,"url":"https:\/\/fliegerblog.rjs.de\/?p=1801","url_meta":{"origin":16,"position":3},"title":"Gel\u00e4ndeeinweisung","date":"Mai 16, 2021","format":false,"excerpt":"Corona-bedingt als auch durch ungew\u00f6hnlich schlechtes Wetter komme ich dieses Jahr in einer Zeit nicht zum Fliegen, wo ich sonstige Jahre eigentlich jede Woche in der Luft war. Oftmals sogar mehrfach die Woche. Dazu gibt es auf mehreren meiner Standardfluggebiete im Moment etwas Stress bzw. es sind diverse Dinge zu\u2026","rel":"","context":"\u00c4hnlicher Beitrag","img":{"alt_text":"","src":"https:\/\/i0.wp.com\/1.bp.blogspot.com\/-urb3uWDjCTg\/YKFBK7Ig1PI\/AAAAAAAAGCM\/alzW49TUzGse9tRWcox9NGynKg3ks8NDQCLcBGAsYHQ\/w640-h224\/IMG_20210516_130048.jpg?resize=350%2C200&ssl=1","width":350,"height":200},"classes":[]},{"id":1960,"url":"https:\/\/fliegerblog.rjs.de\/?p=1960","url_meta":{"origin":16,"position":4},"title":"Feierabendspielereien mit Praxistest vom neuen Gurtzeug","date":"September 30, 2022","format":false,"excerpt":"Das war heute mal wieder ein Lichtblick in meinem sonst ziemlich tr\u00fcben Flugjahr. Ich konnte halbwegs fr\u00fchzeitig Feierabend machen und da ich heute in Eppstein gearbeitet hatte, war ich so gegen 15:30 Uhr in Reichenbach am Hang. Es waren zu der Zeit schon 4 Flieger vor Ort und der Wind\u2026","rel":"","context":"\u00c4hnlicher Beitrag","img":{"alt_text":"","src":"https:\/\/i0.wp.com\/blogger.googleusercontent.com\/img\/b\/R29vZ2xl\/AVvXsEiozZuGK0r3Qllz5oj1YfbI-NXuR4pAquEv1N48FOh81sk1pGGUTORFNTtBYGZIBVHxktZ6g04yzBwYq9Qpe4Nls0uXCYp-toPmz8P64buMSObAg99Pzgu9bGzESJCw0zNGbDauOb5WHYymYB30XRHMigeVOZ7frjkEPctmvsgzh2dWf4CtTJE089f1uw\/s320\/reichenbach1664550721.052112.jpg?resize=350%2C200&ssl=1","width":350,"height":200},"classes":[]},{"id":1759,"url":"https:\/\/fliegerblog.rjs.de\/?p=1759","url_meta":{"origin":16,"position":5},"title":"Luftspr\u00fcnge im November","date":"November 18, 2020","format":false,"excerpt":"Endlich war ich mal wieder in Reichenbach. So wenig wie dieses Jahr hat es mich noch in keinem Flugjahr an den Hang gebracht. Ich glaube, das war heute erst das 2. Mal in 2020. Unglaublich. Am letzten Samstag wollte ich schon nach Reichenbach und hatte das bereits am Freitag in\u2026","rel":"","context":"\u00c4hnlicher Beitrag","img":{"alt_text":"","src":"","width":0,"height":0},"classes":[]}],"_links":{"self":[{"href":"https:\/\/fliegerblog.rjs.de\/index.php?rest_route=\/wp\/v2\/posts\/16","targetHints":{"allow":["GET"]}}],"collection":[{"href":"https:\/\/fliegerblog.rjs.de\/index.php?rest_route=\/wp\/v2\/posts"}],"about":[{"href":"https:\/\/fliegerblog.rjs.de\/index.php?rest_route=\/wp\/v2\/types\/post"}],"author":[{"embeddable":true,"href":"https:\/\/fliegerblog.rjs.de\/index.php?rest_route=\/wp\/v2\/users\/1"}],"replies":[{"embeddable":true,"href":"https:\/\/fliegerblog.rjs.de\/index.php?rest_route=%2Fwp%2Fv2%2Fcomments&post=16"}],"version-history":[{"count":0,"href":"https:\/\/fliegerblog.rjs.de\/index.php?rest_route=\/wp\/v2\/posts\/16\/revisions"}],"wp:attachment":[{"href":"https:\/\/fliegerblog.rjs.de\/index.php?rest_route=%2Fwp%2Fv2%2Fmedia&parent=16"}],"wp:term":[{"taxonomy":"category","embeddable":true,"href":"https:\/\/fliegerblog.rjs.de\/index.php?rest_route=%2Fwp%2Fv2%2Fcategories&post=16"},{"taxonomy":"post_tag","embeddable":true,"href":"https:\/\/fliegerblog.rjs.de\/index.php?rest_route=%2Fwp%2Fv2%2Ftags&post=16"}],"curies":[{"name":"wp","href":"https:\/\/api.w.org\/{rel}","templated":true}]}}