{"id":156,"date":"2009-03-22T18:15:05","date_gmt":"2009-03-22T17:15:05","guid":{"rendered":"http:\/\/www.rjs.de\/fliegerblog\/?p=156"},"modified":"2009-03-22T18:15:05","modified_gmt":"2009-03-22T17:15:05","slug":"fazit-der-nordwindwoche","status":"publish","type":"post","link":"https:\/\/fliegerblog.rjs.de\/?p=156","title":{"rendered":"Fazit der Nordwindwoche"},"content":{"rendered":"<p>Heute war ich um 12:00 Uhr in MF am Hang. Waren zuerst nur zu 4. da. Erst war Nullwind, dann kam er leicht von West und selbst der Abgleiter war m\u00fchsam. Aber von etwa 12:45 bis 13:30 Uhr sind wir 4 richtig gut geflogen. Um dann erst mal abzubrechen, denn es war labil ohne Ende und der Wind hat brutal aufgefrischt. Vor allen Dingen dann, wenn die Sonne die Wolkendecke durchbrochen hat. Und die Steigerung der Windgeschwindigkeit kam jeweils extrem schnell. Die Prognosen f\u00fcr heute waren aber entsprechend gewesen und hatten mich urspr\u00fcnglich bewogen, dass ich fr\u00fch an den Hang wollte. Aber da war es noch zu feucht (Nebel) und zuviel West. Und au\u00dferdem wollte niemand mit. <\/p>\n<p>Um 15:00 Uhr habe ich zusammen gepackt, aber ein paar Flieger sind geblieben. W\u00fcrde ich interessieren, ob es nochmal ging. Die Messwerte zeigen zwar nach 15:00 Uhr abnehmende St\u00e4rke, aber immer wieder brutale Peeks f\u00fcr B\u00f6en.<\/p>\n<p>Tja &#8211; wie ist das Fazit f\u00fcr die Woche? <\/p>\n<p>Ende letzter Woche sah es sehr vielversprechend f\u00fcr diese Woche aus. Nordwind mit diversen guten M\u00f6glichkeiten. Die Woche hat dann weniger gehalten als ich mir versprochen habe, war aber auch kein Reinfall. Immerhin war ich an 4 Tagen in der Luft. Nur jeweils zu kurz. <\/p>\n","protected":false},"excerpt":{"rendered":"<p>Heute war ich um 12:00 Uhr in MF am Hang. Waren zuerst nur zu 4. da. Erst war Nullwind, dann kam er leicht von West und selbst der Abgleiter war m\u00fchsam. Aber von etwa 12:45 bis 13:30 Uhr sind wir 4 richtig gut geflogen. Um dann erst mal abzubrechen, denn es war labil ohne Ende &hellip; <a href=\"https:\/\/fliegerblog.rjs.de\/?p=156\" class=\"more-link\"><span class=\"screen-reader-text\">\u201eFazit der Nordwindwoche\u201c<\/span> weiterlesen<\/a><\/p>\n","protected":false},"author":1,"featured_media":0,"comment_status":"open","ping_status":"open","sticky":false,"template":"","format":"standard","meta":{"jetpack_post_was_ever_published":false,"footnotes":"","jetpack_publicize_message":"","jetpack_is_tweetstorm":false,"jetpack_publicize_feature_enabled":true,"jetpack_social_options":[]},"categories":[2],"tags":[],"class_list":["post-156","post","type-post","status-publish","format-standard","hentry","category-allgemein"],"jetpack_publicize_connections":[],"jetpack_featured_media_url":"","jetpack_shortlink":"https:\/\/wp.me\/p788kK-2w","jetpack-related-posts":[{"id":1207,"url":"https:\/\/fliegerblog.rjs.de\/?p=1207","url_meta":{"origin":156,"position":0},"title":"Erst pfui, dann aber hui","date":"November 27, 2016","format":false,"excerpt":"Ich war schon eine gef\u00fchlte Ewigkeit nicht mehr am MFK. Muss irgendwann im Sommer gewesen sein. Dieses Jahr gab es verdammt selten Nordwind. Heute war es mal wieder passend. Ich hatte mir aufgrund der Prognosen ausgerechnet, dass es von 11:00 bis maximal 15:00 Uhr passen k\u00f6nnte. Die Vorhersagen waren zwar\u2026","rel":"","context":"\u00c4hnlicher Beitrag","img":{"alt_text":"","src":"https:\/\/i0.wp.com\/2.bp.blogspot.com\/-sM7v-OqkVPo\/WDsz4DmQ7yI\/AAAAAAAADOM\/HnSfEgMhW4gyJWfux3KJZtaTSmEul4SIwCLcB\/s320\/GOPR9747.JPG?resize=350%2C200&ssl=1","width":350,"height":200},"classes":[]},{"id":42,"url":"https:\/\/fliegerblog.rjs.de\/?p=42","url_meta":{"origin":156,"position":1},"title":"Reisebericht Husby, D\u00e4nemark","date":"Juni 29, 2008","format":false,"excerpt":"Flugtagebuch K\u00fcstensoaren in Husby - D\u00e4nemark im Juni 200821. JuniIch bin wieder zum K\u00fcstenfliegen in D\u00e4nemark. In Husby, etwa 150 Kilometer s\u00fcdlich von Loekken, wo ich letztes Jahr war. Nachdem der Trip letztes Jahr eigentlich ein Reinfall war und ich in einer Woche nur einen Tag zum Fliegen kam, wollte\u2026","rel":"","context":"In &quot;Allgemein&quot;","img":{"alt_text":"","src":"https:\/\/i0.wp.com\/img.youtube.com\/vi\/1PDZNyzILZw\/0.jpg?resize=350%2C200","width":350,"height":200},"classes":[]},{"id":573,"url":"https:\/\/fliegerblog.rjs.de\/?p=573","url_meta":{"origin":156,"position":2},"title":"Gro\u00dfe Sche&#8230;,","date":"September 5, 2012","format":false,"excerpt":"dass meine Kamera f\u00fcr die Abendsession keine Batterie mehr hatte. Und ich nicht sicher bin, ob das heute der \"Best day ever\" am MFK war. Rein gef\u00fchlsm\u00e4\u00dfig ja, aber nach so einem Tag ver\u00e4ndern Endorphine die Wahrnehmung und Erinnerung. Kann also durchaus sein, dass wir schon mal so Hammertage an\u2026","rel":"","context":"In &quot;Allgemein&quot;","img":{"alt_text":"","src":"","width":0,"height":0},"classes":[]},{"id":1708,"url":"https:\/\/fliegerblog.rjs.de\/?p=1708","url_meta":{"origin":156,"position":3},"title":"Kurzsession","date":"Mai 20, 2020","format":false,"excerpt":"Nachdem ich gestern gekniffen habe, bin ich heute an dem MFK. Gestern hatte der gro\u00dfe Kopf B\u00f6en mit 37 Km\/h gemeldet und auch am Hang sollte es bis 20:00 Uhr immer wieder B\u00f6en in der St\u00e4rke geben. Das war mir zu viel, wenngleich ich sp\u00e4ter gesehen habe, dass ein paar\u2026","rel":"","context":"\u00c4hnlicher Beitrag","img":{"alt_text":"","src":"https:\/\/i0.wp.com\/1.bp.blogspot.com\/-PDKPwvFHTSA\/XsVl9HM7BUI\/AAAAAAAAFaM\/vP8YMMZl4AAj9iBJN8uBYdRpaAvPOqLSQCLcBGAsYHQ\/s320\/GOPR4136.JPG?resize=350%2C200&ssl=1","width":350,"height":200},"classes":[]},{"id":1461,"url":"https:\/\/fliegerblog.rjs.de\/?p=1461","url_meta":{"origin":156,"position":4},"title":"Erster Totalausfall seit l\u00e4ngerer Zeit :-(","date":"Juni 23, 2018","format":false,"excerpt":"Das war heute gar nichts. Ich bin gegen 13:00 Uhr am Hang in MFK gewesen, aber der Wind kam zu weit aus west und war vor allen Dingen auch ziemlich stark. Gerade die B\u00f6en waren heftig. Ich hatte es im Vorfeld bef\u00fcrchtet, mich aber dann durch unsere Diskussionen umentschieden und\u2026","rel":"","context":"\u00c4hnlicher Beitrag","img":{"alt_text":"","src":"","width":0,"height":0},"classes":[]},{"id":1874,"url":"https:\/\/fliegerblog.rjs.de\/?p=1874","url_meta":{"origin":156,"position":5},"title":"November, S\u00fcdwind, Sonne und ganz viel los am Spielhang","date":"November 6, 2021","format":false,"excerpt":"Heute hat sich der Tag am Hang mal wieder richtig gelohnt. F\u00fcr November relativ warm, Aussichten auf recht guten S\u00fcdwind und vor allen Dingen sehr viel Sonne in den h\u00f6heren Lagen haben \u00fcber den Nachmittag eine ganze Armee an Fliegern an den Hang in Reichenbach gelockt. Sch\u00e4tze, dass wir gut\u2026","rel":"","context":"\u00c4hnlicher Beitrag","img":{"alt_text":"","src":"https:\/\/i0.wp.com\/1.bp.blogspot.com\/-a2xsMY-OEk0\/YYbGKlbpLyI\/AAAAAAAAGas\/pKMiAF9yzyk-APi2yXzNbNFYD_AUEqrtACLcBGAsYHQ\/w400-h300\/20211106_131534.JPG?resize=350%2C200&ssl=1","width":350,"height":200},"classes":[]}],"_links":{"self":[{"href":"https:\/\/fliegerblog.rjs.de\/index.php?rest_route=\/wp\/v2\/posts\/156","targetHints":{"allow":["GET"]}}],"collection":[{"href":"https:\/\/fliegerblog.rjs.de\/index.php?rest_route=\/wp\/v2\/posts"}],"about":[{"href":"https:\/\/fliegerblog.rjs.de\/index.php?rest_route=\/wp\/v2\/types\/post"}],"author":[{"embeddable":true,"href":"https:\/\/fliegerblog.rjs.de\/index.php?rest_route=\/wp\/v2\/users\/1"}],"replies":[{"embeddable":true,"href":"https:\/\/fliegerblog.rjs.de\/index.php?rest_route=%2Fwp%2Fv2%2Fcomments&post=156"}],"version-history":[{"count":0,"href":"https:\/\/fliegerblog.rjs.de\/index.php?rest_route=\/wp\/v2\/posts\/156\/revisions"}],"wp:attachment":[{"href":"https:\/\/fliegerblog.rjs.de\/index.php?rest_route=%2Fwp%2Fv2%2Fmedia&parent=156"}],"wp:term":[{"taxonomy":"category","embeddable":true,"href":"https:\/\/fliegerblog.rjs.de\/index.php?rest_route=%2Fwp%2Fv2%2Fcategories&post=156"},{"taxonomy":"post_tag","embeddable":true,"href":"https:\/\/fliegerblog.rjs.de\/index.php?rest_route=%2Fwp%2Fv2%2Ftags&post=156"}],"curies":[{"name":"wp","href":"https:\/\/api.w.org\/{rel}","templated":true}]}}