{"id":15,"date":"2008-12-07T17:40:00","date_gmt":"2008-12-07T17:40:00","guid":{"rendered":"http:\/\/www.rjs.de\/fliegerblog\/?p=15"},"modified":"2008-12-07T17:40:00","modified_gmt":"2008-12-07T17:40:00","slug":"nikolausgeschenk","status":"publish","type":"post","link":"https:\/\/fliegerblog.rjs.de\/?p=15","title":{"rendered":"Nikolausgeschenk"},"content":{"rendered":"<p>Man,<\/p>\n<p>die letzten Wochen waren im Beruf nur stressig. Aber zum Fliegen w\u00e4re man wegen dem Sch&#8230;wetter sowieso nicht gekommen. Mittwoch waren wir sogar eingeschneit.<\/p>\n<p>F\u00fcr heute war es recht tr\u00fcbe angesagt. Dazu schwacher Wind aus NW-N (so um die 8 Knoten). Wirklich kein Highlight. Dennoch &#8211; man muss z.Z. nehmen was man kriegt. Sonst kommt man ja gar nicht in die Luft. Zudem habe ich einen Vorf\u00fchrer von Icaro2000 bekommen (den Instinct &#8211; einen Einser, der beschleunigt 1-2 hat), den ich unbedingt testen wollte.<\/p>\n<p>Also um 10:00 Uhr an den Hang. Gerade mal 3 Flieger haben sich getroffen. Irgendwie scheint alles im Winterschlaf zu sein. Und leichter Niesel und schwacher Wind etwas zu weit von West am Hang waren nicht gerade vielversprechen.<\/p>\n<p>Aber es gingen gleich leichte Abgleiter. Und es wurde sukzesive besser! Dann um 11:45 Uhr ging es pl\u00f6tzlich los. Das Wunder von MF, w\u00fcrde ich sagen. Oder besser &#8211; das versp\u00e4tete Nikolausgeschenk. 1,5 Stunden nahezu perfekte Bedingungen. Wer heute nicht dabei war, hat was verpasst. F\u00fcr die Jahreszeit eigentlich niemals zu erwarten, aber das war heute wahrscheinlich einer der 3 Toptage des Jahres. Absolut fett. Der Hang hat heute gerockt wie lange nicht mehr \ud83d\ude42<\/p>\n<p>Und der Instinct ist wirklich ein feiner Schirm. Kommt im Vergleich zum Bodyguard viel schneller hoch, startet besser und dreht vor allen Dingen um Welten agiler. Das Teil steht wirklich zur Diskussion, wenn ich mir im n\u00e4chsten Jahr einen neuen Schirm zulege. Aber ich will \u00fcber den Winter vorher noch ein paar andere Schirme testen.<\/p>\n<p>http:\/\/www.blogger.com\/img\/videoplayer.swf?videoUrl=http%3A%2F%2Fvp.video.google.com%2Fvideodownload%3Fversion%3D0%26secureurl%3DqAAAABjzXX0P2a8vxnDt-OvRPGBhFxvyp7vklKohA0Q-JIFzMuc_gJIShW-VDfzLnbrZYKqFqbwGrMbHCoxAZi8MjA-AE0rBW6zzj_Ui1E1P6dZG1S5tFLWEEENsq0Cq0eRjjAgxHaw6fWMYjTe8X-pgcpAN-3lOXYN7KpdrV4aSyQWyZ6UuLEcsAXt98s9PWJBLVPPhZLo7iWc6bCRVKTK2eJ42uzxZICTWWiG9htmtSlYA%26sigh%3DIROcKD9wCOmR95GSTZL-U_u5ZEI%26begin%3D0%26len%3D86400000%26docid%3D0&#038;nogvlm=1&#038;thumbnailUrl=http%3A%2F%2Fvideo.google.com%2FThumbnailServer2%3Fapp%3Dblogger%26contentid%3Dd509160d5138f19e%26offsetms%3D5000%26itag%3Dw320%26sigh%3DKdLsYUVR6IUGW5F901tx2Ncyzuk&#038;messagesUrl=video.google.com%2FFlashUiStrings.xlb%3Fframe%3Dflashstrings%26hl%3Den<\/p>\n<div class=\"blogger-post-footer\"><script type=\"text\/javascript\"><!--\ngoogle_ad_client = \"pub-4702984279656494\";\ngoogle_ad_width = 468;\ngoogle_ad_height = 60;\ngoogle_ad_format = \"468x60_as_rimg\";\ngoogle_cpa_choice = \"CAAQlNHphwIaCFxy_-mnISvEKNDv6n4\";\ngoogle_ad_channel = \"0174140724\";\n\/\/--><\/script><br \/>\n<script type=\"text\/javascript\" src=\"http:\/\/pagead2.googlesyndication.com\/pagead\/show_ads.js\">\n<\/script><\/div>\n","protected":false},"excerpt":{"rendered":"<p>Man, die letzten Wochen waren im Beruf nur stressig. Aber zum Fliegen w\u00e4re man wegen dem Sch&#8230;wetter sowieso nicht gekommen. Mittwoch waren wir sogar eingeschneit. F\u00fcr heute war es recht tr\u00fcbe angesagt. Dazu schwacher Wind aus NW-N (so um die 8 Knoten). Wirklich kein Highlight. Dennoch &#8211; man muss z.Z. nehmen was man kriegt. Sonst &hellip; <a href=\"https:\/\/fliegerblog.rjs.de\/?p=15\" class=\"more-link\"><span class=\"screen-reader-text\">\u201eNikolausgeschenk\u201c<\/span> weiterlesen<\/a><\/p>\n","protected":false},"author":1,"featured_media":0,"comment_status":"open","ping_status":"open","sticky":false,"template":"","format":"standard","meta":{"jetpack_post_was_ever_published":false,"footnotes":"","jetpack_publicize_message":"","jetpack_is_tweetstorm":false,"jetpack_publicize_feature_enabled":true,"jetpack_social_options":[]},"categories":[2],"tags":[],"class_list":["post-15","post","type-post","status-publish","format-standard","hentry","category-allgemein"],"jetpack_publicize_connections":[],"jetpack_featured_media_url":"","jetpack_shortlink":"https:\/\/wp.me\/p788kK-f","jetpack-related-posts":[{"id":1571,"url":"https:\/\/fliegerblog.rjs.de\/?p=1571","url_meta":{"origin":15,"position":0},"title":"Der bessere Tag","date":"M\u00e4rz 24, 2019","format":false,"excerpt":"Das war auch heute kein Highlight, aber geben\u00fcber gestern definitiv der bessere Tag des Wochenendes. Ich war gegen 12:00 Uhr wieder am Hang in MF. Als zweiter Pilot, wobei es sich dann den Tag \u00fcber auf vielleicht fast 20 Piloten aufgestockt hat. Ich habe direkt ausgepackt und obwohl nur ganz\u2026","rel":"","context":"\u00c4hnlicher Beitrag","img":{"alt_text":"","src":"https:\/\/i0.wp.com\/4.bp.blogspot.com\/-dfeG-fQQDC0\/XJfC9Wx1oVI\/AAAAAAAAEkE\/RlEYU6X-SS0IEE31gf_w49EX8mKG8RHBACLcBGAs\/s320\/GOPR6601.JPG?resize=350%2C200&ssl=1","width":350,"height":200},"classes":[]},{"id":895,"url":"https:\/\/fliegerblog.rjs.de\/?p=895","url_meta":{"origin":15,"position":1},"title":"Erstes Fr\u00fchlingserwachen am Hang","date":"M\u00e4rz 7, 2015","format":false,"excerpt":"Letzten Samstag habe ich die Lage vollkommen falsch eingesch\u00e4tzt und einen richtig guten Flugtag verpasst. Ich hatte die Vorhersagen und Messwerte so eingesch\u00e4tzt, dass der Wind zu stark und b\u00f6ig wird und bin deshalb nicht an den Hang gefahren. Dazu kam noch, dass ich wegen der Sperrung der Schiersteiner Br\u00fccke\u2026","rel":"","context":"In &quot;Allgemein&quot;","img":{"alt_text":"","src":"https:\/\/i0.wp.com\/4.bp.blogspot.com\/-cy-uhbnLBgQ\/VPtUuUwIdVI\/AAAAAAAACVw\/71x1F0y2uio\/s1600\/BilderrVomTag.png?resize=350%2C200","width":350,"height":200},"classes":[]},{"id":1798,"url":"https:\/\/fliegerblog.rjs.de\/?p=1798","url_meta":{"origin":15,"position":2},"title":"Vor-Ostergeschenk","date":"April 2, 2021","format":false,"excerpt":"Nach dem brutal hei\u00dfen Mittwoch mit S\u00fcdwind hat der Wind bereits am Donnerstag unmittelbar auf Nord gedreht und einige Tage fliegerische Nord-Ostereier versprochen. Nur gestern waren mir die Prognosen zu stark und zu westlich und deshalb bin ich nicht an den Hang. Was wohl im Nachhinein auch die richtige Entscheidung\u2026","rel":"","context":"\u00c4hnlicher Beitrag","img":{"alt_text":"","src":"https:\/\/i0.wp.com\/1.bp.blogspot.com\/-79FgWmMvXG4\/YGc_NPDjYhI\/AAAAAAAAF_o\/2ulzBV65VTwhAvTMkBbXIZcNB7TuMgTMgCLcBGAsYHQ\/w400-h300\/IMG_20210402_151757.jpg?resize=350%2C200&ssl=1","width":350,"height":200},"classes":[]},{"id":1225,"url":"https:\/\/fliegerblog.rjs.de\/?p=1225","url_meta":{"origin":15,"position":3},"title":"Eine erste Idee von Fr\u00fchling","date":"M\u00e4rz 10, 2017","format":false,"excerpt":"So ganz langsam l\u00e4sst sich Fr\u00fchling erahnen. Es wurde die letzten Tage immer w\u00e4rmer und heute kam noch sch\u00f6ne Sonne raus. Nachdem dazu noch Wind aus Nordwest angesagt war, bin ich mal wieder an den MFK. Die Prognosen sahen vor allen Dingen f\u00fcr Vormittag ganz gut aus. Aber gegen Nachmittag\u2026","rel":"","context":"\u00c4hnlicher Beitrag","img":{"alt_text":"","src":"https:\/\/i0.wp.com\/1.bp.blogspot.com\/-ulpCNEljXTs\/WMLqr-MNJ3I\/AAAAAAAADS0\/trwF7pRe1NsL0xMsk52iefvpg8OsFdsZACLcB\/s320\/GOPR0866.JPG?resize=350%2C200&ssl=1","width":350,"height":200},"classes":[]},{"id":859,"url":"https:\/\/fliegerblog.rjs.de\/?p=859","url_meta":{"origin":15,"position":4},"title":"So sollte der November bleiben","date":"November 1, 2014","format":false,"excerpt":"1. November 2014, tr\u00fcber Nebel in den T\u00e4lern, irgendwelche durchgeknallten Verkaufsleiter haben im Drogenrausch in einigen Gesch\u00e4ften - teils seit mehreren Tagen - bereits Weihnachtsdeko drapiert (ein trauriges Schicksal - solchen Leuten kann man auch mit kaltem Entzug sicher nicht mehr helfen) und n\u00e4chste Woche soll im Nachbardorf die Eisbahn\u2026","rel":"","context":"In &quot;Allgemein&quot;","img":{"alt_text":"","src":"","width":0,"height":0},"classes":[]},{"id":510,"url":"https:\/\/fliegerblog.rjs.de\/?p=510","url_meta":{"origin":15,"position":5},"title":"Fast ein halbes Jahr her","date":"Januar 14, 2012","format":false,"excerpt":"Es ist kaum zu fassen, aber es gab fast ein halbes Jahr keinen brauchbaren Nordwind mehr. Zumindest waren wir so lange nicht mehr an unserem Hang in MF. Heute sah es f\u00fcr den Vormittag aber nach halbwegs guten Bedingungen aus. Gegen 10:oo Uhr waren wir schon am Hang, denn es\u2026","rel":"","context":"In &quot;Allgemein&quot;","img":{"alt_text":"","src":"","width":0,"height":0},"classes":[]}],"_links":{"self":[{"href":"https:\/\/fliegerblog.rjs.de\/index.php?rest_route=\/wp\/v2\/posts\/15","targetHints":{"allow":["GET"]}}],"collection":[{"href":"https:\/\/fliegerblog.rjs.de\/index.php?rest_route=\/wp\/v2\/posts"}],"about":[{"href":"https:\/\/fliegerblog.rjs.de\/index.php?rest_route=\/wp\/v2\/types\/post"}],"author":[{"embeddable":true,"href":"https:\/\/fliegerblog.rjs.de\/index.php?rest_route=\/wp\/v2\/users\/1"}],"replies":[{"embeddable":true,"href":"https:\/\/fliegerblog.rjs.de\/index.php?rest_route=%2Fwp%2Fv2%2Fcomments&post=15"}],"version-history":[{"count":0,"href":"https:\/\/fliegerblog.rjs.de\/index.php?rest_route=\/wp\/v2\/posts\/15\/revisions"}],"wp:attachment":[{"href":"https:\/\/fliegerblog.rjs.de\/index.php?rest_route=%2Fwp%2Fv2%2Fmedia&parent=15"}],"wp:term":[{"taxonomy":"category","embeddable":true,"href":"https:\/\/fliegerblog.rjs.de\/index.php?rest_route=%2Fwp%2Fv2%2Fcategories&post=15"},{"taxonomy":"post_tag","embeddable":true,"href":"https:\/\/fliegerblog.rjs.de\/index.php?rest_route=%2Fwp%2Fv2%2Ftags&post=15"}],"curies":[{"name":"wp","href":"https:\/\/api.w.org\/{rel}","templated":true}]}}