{"id":1409,"date":"2018-03-31T20:20:46","date_gmt":"2018-03-31T20:20:46","guid":{"rendered":"http:\/\/fliegerblog.rjs.de\/?p=1409"},"modified":"2018-04-01T08:57:49","modified_gmt":"2018-04-01T08:57:49","slug":"der-neue-im-flug","status":"publish","type":"post","link":"https:\/\/fliegerblog.rjs.de\/?p=1409","title":{"rendered":"Der Neue im Flug"},"content":{"rendered":"<div class=\"separator\" style=\"clear: both; text-align: center;\"><a style=\"clear: left; float: left; margin-bottom: 1em; margin-right: 1em;\" href=\"https:\/\/i0.wp.com\/1.bp.blogspot.com\/-vMUxqXsGZtM\/Wr_qHoXdIiI\/AAAAAAAADzU\/1c3DU8OA2nwINfMn8SDQUqvkyv9M_5RXwCLcBGAs\/s1600\/29595528_1230923537040631_484577548926141560_n.jpg?ssl=1\"><img loading=\"lazy\" decoding=\"async\" src=\"https:\/\/i0.wp.com\/1.bp.blogspot.com\/-vMUxqXsGZtM\/Wr_qHoXdIiI\/AAAAAAAADzU\/1c3DU8OA2nwINfMn8SDQUqvkyv9M_5RXwCLcBGAs\/s640\/29595528_1230923537040631_484577548926141560_n.jpg?resize=640%2C356&#038;ssl=1\" width=\"640\" height=\"356\" border=\"0\" data-original-height=\"533\" data-original-width=\"960\" data-recalc-dims=\"1\" \/><\/a><\/div>\n<p>Doch etwas \u00fcberraschend gab es heute wieder brauchbare Prognosen f\u00fcr&#8217;s Fliegen. Wind aus NW und Sonne. Um 13:45 Uhr war ich am Hang in MF. Bereits ein Schirm war da und der ist schon geflogen als ich vor an den Hang gelaufen bin.<\/p>\n<div class=\"separator\" style=\"clear: both; text-align: center;\"><a style=\"clear: left; float: left; margin-bottom: 1em; margin-right: 1em;\" href=\"https:\/\/i0.wp.com\/3.bp.blogspot.com\/-mGMQAblIk6M\/Wr_qQLlmf8I\/AAAAAAAADzc\/nvMDp0tXlvgcEQ7ciYWqOpF-dBFsxWeJgCLcBGAs\/s1600\/GOPR9158.JPG?ssl=1\"><img loading=\"lazy\" decoding=\"async\" src=\"https:\/\/i0.wp.com\/3.bp.blogspot.com\/-mGMQAblIk6M\/Wr_qQLlmf8I\/AAAAAAAADzc\/nvMDp0tXlvgcEQ7ciYWqOpF-dBFsxWeJgCLcBGAs\/s320\/GOPR9158.JPG?resize=320%2C240&#038;ssl=1\" width=\"320\" height=\"240\" border=\"0\" data-original-height=\"1200\" data-original-width=\"1600\" data-recalc-dims=\"1\" \/><\/a><\/div>\n<p>Damit kam ich dann sofort zum ersten &#8222;richtigen&#8220; Flug mit dem neuen Buteo. War zwar nur ein Abgleiter, aber immerhin. Danach ist der Wind erheblich aufgefrischt. Auf der Fahrt zum Hang war fast Nullwind und ich hatte schon bef\u00fcrchtet, dass es viel zu wenig Wind w\u00e4re. Aber wie immer &#8211; vor Ort ist alles anders.<\/p>\n<div class=\"separator\" style=\"clear: both; text-align: center;\"><a style=\"clear: right; float: right; margin-bottom: 1em; margin-left: 1em;\" href=\"https:\/\/i0.wp.com\/2.bp.blogspot.com\/-1UFTR7E7Pe0\/Wr_qPCSPz0I\/AAAAAAAADzY\/KJ7Qe8tw8WAS60ETVVBPRY4toKMRk25rwCLcBGAs\/s1600\/GOPR9167.JPG?ssl=1\"><img loading=\"lazy\" decoding=\"async\" src=\"https:\/\/i0.wp.com\/2.bp.blogspot.com\/-1UFTR7E7Pe0\/Wr_qPCSPz0I\/AAAAAAAADzY\/KJ7Qe8tw8WAS60ETVVBPRY4toKMRk25rwCLcBGAs\/s320\/GOPR9167.JPG?resize=320%2C240&#038;ssl=1\" width=\"320\" height=\"240\" border=\"0\" data-original-height=\"1200\" data-original-width=\"1600\" data-recalc-dims=\"1\" \/><\/a><\/div>\n<p>Duch die Sonne gab es thermische Abl\u00f6sungen, dass es sogar richtig sportlich wurde. Eigenlich zuviel, um mich an den neuen Schirm zu gew\u00f6hnen. Aber er hat mir gleich von Anfang an ein gutes Gef\u00fchl gegeben. Irgendwie vertraut von dem Verhalten der Wildcat. Scheint an den gemeinsamen Genen zu liegen. Dennoch sind wir von unten gestartet, was aber locker zum Fliegen gelangt hat.<\/p>\n<div class=\"separator\" style=\"clear: both; text-align: center;\"><a style=\"clear: left; float: left; margin-bottom: 1em; margin-right: 1em;\" href=\"https:\/\/i0.wp.com\/2.bp.blogspot.com\/-hrgam07NVLA\/Wr_qVSOnGjI\/AAAAAAAADzg\/nXyOaao-qdkO-gIr6tLNZL12yc8JoQXygCLcBGAs\/s1600\/GOPR9254.JPG?ssl=1\"><img loading=\"lazy\" decoding=\"async\" src=\"https:\/\/i0.wp.com\/2.bp.blogspot.com\/-hrgam07NVLA\/Wr_qVSOnGjI\/AAAAAAAADzg\/nXyOaao-qdkO-gIr6tLNZL12yc8JoQXygCLcBGAs\/s320\/GOPR9254.JPG?resize=320%2C240&#038;ssl=1\" width=\"320\" height=\"240\" border=\"0\" data-original-height=\"1200\" data-original-width=\"1600\" data-recalc-dims=\"1\" \/><\/a><\/div>\n<p>Mit der Zeit ist der Wind dann aber mehr auf West gedreht und es ging nicht mehr so gut wie am Anfang. Selbst vom oberen Start lie\u00df sich nur wenig machen.<\/p>\n<div class=\"separator\" style=\"clear: both; text-align: center;\"><\/div>\n<div class=\"separator\" style=\"clear: both; text-align: center;\"><a style=\"clear: right; float: right; margin-bottom: 1em; margin-left: 1em;\" href=\"https:\/\/i0.wp.com\/3.bp.blogspot.com\/-1s7wa171GXQ\/Wr_qaCVoAKI\/AAAAAAAADzk\/SqfjpAhR35kybFhASz_OvKsdC7e1bV9KACLcBGAs\/s1600\/WhatsApp%2BImage%2B2018-03-31%2Bat%2B19.30.46%25282%2529.jpeg?ssl=1\"><img loading=\"lazy\" decoding=\"async\" src=\"https:\/\/i0.wp.com\/3.bp.blogspot.com\/-1s7wa171GXQ\/Wr_qaCVoAKI\/AAAAAAAADzk\/SqfjpAhR35kybFhASz_OvKsdC7e1bV9KACLcBGAs\/s320\/WhatsApp%2BImage%2B2018-03-31%2Bat%2B19.30.46%25282%2529.jpeg?resize=320%2C240&#038;ssl=1\" width=\"320\" height=\"240\" border=\"0\" data-original-height=\"960\" data-original-width=\"1280\" data-recalc-dims=\"1\" \/><\/a><\/div>\n<p><a style=\"clear: left; float: left; margin-bottom: 1em; margin-right: 1em;\" href=\"https:\/\/i0.wp.com\/4.bp.blogspot.com\/-20QrbpVAkvw\/Wr_qdBSF0LI\/AAAAAAAADzs\/HYZXvcMcwUUzxM0DRfCF5UYRfn_F3ZcDQCLcBGAs\/s1600\/GOPR9326.JPG?ssl=1\"><img loading=\"lazy\" decoding=\"async\" src=\"https:\/\/i0.wp.com\/4.bp.blogspot.com\/-20QrbpVAkvw\/Wr_qdBSF0LI\/AAAAAAAADzs\/HYZXvcMcwUUzxM0DRfCF5UYRfn_F3ZcDQCLcBGAs\/s200\/GOPR9326.JPG?resize=200%2C150&#038;ssl=1\" width=\"200\" height=\"150\" border=\"0\" data-original-height=\"1200\" data-original-width=\"1600\" data-recalc-dims=\"1\" \/><\/a><br \/>\nLetztendlich haben alle eingepackt und nur zwei Buteos sind \u00fcbrig geblieben. Das Warten wurde aber &#8211; wie meist an dem Hang &#8211; noch belohnt. Um 19:00 Uhr ist der Wind auf Nord gedreht und es ging dann doch noch eine gute 3\/4 Stunde.<iframe loading=\"lazy\" width=\"560\" height=\"315\" src=\"https:\/\/www.youtube.com\/embed\/nHcs80c5oX4\" frameborder=\"0\" allow=\"autoplay; encrypted-media\" allowfullscreen><\/iframe><\/p>\n<div class=\"separator\" style=\"clear: both; text-align: center;\"><a style=\"clear: right; float: right; margin-bottom: 1em; margin-left: 1em;\" href=\"https:\/\/i0.wp.com\/3.bp.blogspot.com\/-JLUz0sqsK-Y\/Wr_qcKpAlQI\/AAAAAAAADzo\/s6ATuFIMM9oJEXmUUZMyHBU3jBvRqBatACLcBGAs\/s1600\/GOPR9328.JPG?ssl=1\"><img loading=\"lazy\" decoding=\"async\" src=\"https:\/\/i0.wp.com\/3.bp.blogspot.com\/-JLUz0sqsK-Y\/Wr_qcKpAlQI\/AAAAAAAADzo\/s6ATuFIMM9oJEXmUUZMyHBU3jBvRqBatACLcBGAs\/s200\/GOPR9328.JPG?resize=200%2C150&#038;ssl=1\" width=\"200\" height=\"150\" border=\"0\" data-original-height=\"1200\" data-original-width=\"1600\" data-recalc-dims=\"1\" \/><\/a><\/div>\n<p>Zwar nicht wirklich dauerhaft mit Halten, aber sehr angenehm. Das hat heute mal wieder richtig Spass gemacht und das neue Schirmchen scheint wirklich so gut zu sein, wie ich es gehofft habe. Richtig genial scheinen diese speziellen Griffe an den hinteren Leinen zu funktionieren, um den Schirm zu stabilisieren und zum Steigen zu bringen. War eindrucksvoll, wie damit bei den leichten Bedingungen H\u00f6he zu gewinnen war (im Rahmen der M\u00f6glichkeiten).<\/p>\n","protected":false},"excerpt":{"rendered":"<p>Doch etwas \u00fcberraschend gab es heute wieder brauchbare Prognosen f\u00fcr&#8217;s Fliegen. Wind aus NW und Sonne. Um 13:45 Uhr war ich am Hang in MF. Bereits ein Schirm war da und der ist schon geflogen als ich vor an den Hang gelaufen bin. Damit kam ich dann sofort zum ersten &#8222;richtigen&#8220; Flug mit dem neuen &hellip; <a href=\"https:\/\/fliegerblog.rjs.de\/?p=1409\" class=\"more-link\"><span class=\"screen-reader-text\">\u201eDer Neue im Flug\u201c<\/span> weiterlesen<\/a><\/p>\n","protected":false},"author":1,"featured_media":0,"comment_status":"open","ping_status":"open","sticky":false,"template":"","format":"standard","meta":{"jetpack_post_was_ever_published":false,"footnotes":"","jetpack_publicize_message":"","jetpack_is_tweetstorm":false,"jetpack_publicize_feature_enabled":true,"jetpack_social_options":[]},"categories":[1],"tags":[],"class_list":["post-1409","post","type-post","status-publish","format-standard","hentry","category-uncategorized"],"jetpack_publicize_connections":[],"jetpack_featured_media_url":"","jetpack_shortlink":"https:\/\/wp.me\/p788kK-mJ","jetpack-related-posts":[{"id":1214,"url":"https:\/\/fliegerblog.rjs.de\/?p=1214","url_meta":{"origin":1409,"position":0},"title":"Neujahrs-Anfliegen 2017&#8230;","date":"Januar 1, 2017","format":false,"excerpt":"\u00a0 ... oder besser \"Anh\u00fcpfen\" 2017. Ich war die letzten Jahre ziemlich oft bereits an Neujahr oder einem der Tage danach am Hang gewesen. So auch heute. Die letzten Tage sind die T\u00e4ler grunds\u00e4tzlich im Nebel versunken, w\u00e4hrend es auf der H\u00f6he immer sonnig war. Bereits unser Hang in Reichenbach\u2026","rel":"","context":"\u00c4hnlicher Beitrag","img":{"alt_text":"","src":"https:\/\/i0.wp.com\/1.bp.blogspot.com\/-xsX9J6U-L68\/WGkMqy5jysI\/AAAAAAAADPo\/XVUTObMHYY8fv45p9forhwhduqIQvTjuQCLcB\/s640\/GOPR0327.JPG?resize=350%2C200&ssl=1","width":350,"height":200},"classes":[]},{"id":116,"url":"https:\/\/fliegerblog.rjs.de\/?p=116","url_meta":{"origin":1409,"position":1},"title":"Das war der Hammer","date":"M\u00e4rz 10, 2007","format":false,"excerpt":"Dachte schon mehrfach, dass mein Flugtag richtig gut war und es kaum besser geht. Und offensichtlich brauche ich eine immer h\u00f6here Dosis der Flugdroge, bis ich begeistert bin. Dennoch- der letzte Donnerstag war schon wirklich saugut, aber heute hat alles bisher getoppt. Ich war um 10:00 Uhr der Erste am\u2026","rel":"","context":"In &quot;Allgemein&quot;","img":{"alt_text":"","src":"","width":0,"height":0},"classes":[]},{"id":1628,"url":"https:\/\/fliegerblog.rjs.de\/?p=1628","url_meta":{"origin":1409,"position":2},"title":"Winde oder Hang? Beides!","date":"Juli 14, 2019","format":false,"excerpt":"Aber beides irgendwie suboptimal heute. Es war Schleppen in Singhofen angesetzt und ich hatte mich sehr fr\u00fchzeitig daf\u00fcr gemeldet. Denn die Prognosen sahen stabil und gar nicht schlecht aus. Aber da der Wind gar nicht so schwach werden und aus Nord kommen sollte, bin ich schon mit einem Plan B\u2026","rel":"","context":"\u00c4hnlicher Beitrag","img":{"alt_text":"","src":"https:\/\/i0.wp.com\/1.bp.blogspot.com\/-qbgD-Zk7bZE\/XStaqVfbrmI\/AAAAAAAAE5U\/2LwmNVX2O20Vashbr1LGMoS26YF9NbeYQCLcBGAs\/s320\/GOPR9985.JPG?resize=350%2C200&ssl=1","width":350,"height":200},"classes":[]},{"id":888,"url":"https:\/\/fliegerblog.rjs.de\/?p=888","url_meta":{"origin":1409,"position":3},"title":"H\u00e4ngchen wechsel Dich","date":"Februar 4, 2015","format":false,"excerpt":"Es war schon am Wochenende absehbar, dass es heute Nordwind gibt. Und ich einen Werkstatttermin f\u00fcr mein Auto :-(. Ich hatte einen ziemlichen Hals, aber die Werkstatt hat fix gearbeitet und ich konnte um 12:00 Uhr mein Auto wieder abholen. Um 13:30 Uhr war ich also doch noch in MFK\u2026","rel":"","context":"In &quot;Allgemein&quot;","img":{"alt_text":"","src":"https:\/\/i0.wp.com\/1.bp.blogspot.com\/-oRthbNSgfaA\/VNJWY7YLLiI\/AAAAAAAACTc\/tsJs6V1JdTQ\/s1600\/IMG_20150204_141754.jpg?resize=350%2C200","width":350,"height":200},"classes":[]},{"id":477,"url":"https:\/\/fliegerblog.rjs.de\/?p=477","url_meta":{"origin":1409,"position":4},"title":"Superbedingugen und Rekordfl\u00fcge ;-)","date":"September 21, 2011","format":false,"excerpt":"Heute bin ich um 14:00 Uhr am Hang in Reichenbach aufgelaufen. Wind war zwar schwach vorhergesagt (5 - 7 Knoten), aber aus der richtigen Richtung. Und da es sonnig war, konnte man Thermik erwarten. Und in der Tat stand der Wind perfekt als ich kam. Ich war die ersten 20\u2026","rel":"","context":"In &quot;Allgemein&quot;","img":{"alt_text":"","src":"","width":0,"height":0},"classes":[]},{"id":178,"url":"https:\/\/fliegerblog.rjs.de\/?p=178","url_meta":{"origin":1409,"position":5},"title":"Der Mai ist gekommen &#8230;","date":"Mai 2, 2009","format":false,"excerpt":"die Fl\u00fcgel schlagen aus. Nachdem ich gestern am Tag der Arbeit die Gewerkschaft mit Musik unterst\u00fctzt habe (also so zusagen am Tag der Arbeit gearbeitet habe), habe ich heute am Hang gearbeitet. War Nordwind angek\u00fcndigt und ich habe mir viel von dem Tag versprochen. War schon 10:45 Uhr als 1.\u2026","rel":"","context":"In &quot;Allgemein&quot;","img":{"alt_text":"","src":"","width":0,"height":0},"classes":[]}],"_links":{"self":[{"href":"https:\/\/fliegerblog.rjs.de\/index.php?rest_route=\/wp\/v2\/posts\/1409","targetHints":{"allow":["GET"]}}],"collection":[{"href":"https:\/\/fliegerblog.rjs.de\/index.php?rest_route=\/wp\/v2\/posts"}],"about":[{"href":"https:\/\/fliegerblog.rjs.de\/index.php?rest_route=\/wp\/v2\/types\/post"}],"author":[{"embeddable":true,"href":"https:\/\/fliegerblog.rjs.de\/index.php?rest_route=\/wp\/v2\/users\/1"}],"replies":[{"embeddable":true,"href":"https:\/\/fliegerblog.rjs.de\/index.php?rest_route=%2Fwp%2Fv2%2Fcomments&post=1409"}],"version-history":[{"count":5,"href":"https:\/\/fliegerblog.rjs.de\/index.php?rest_route=\/wp\/v2\/posts\/1409\/revisions"}],"predecessor-version":[{"id":1414,"href":"https:\/\/fliegerblog.rjs.de\/index.php?rest_route=\/wp\/v2\/posts\/1409\/revisions\/1414"}],"wp:attachment":[{"href":"https:\/\/fliegerblog.rjs.de\/index.php?rest_route=%2Fwp%2Fv2%2Fmedia&parent=1409"}],"wp:term":[{"taxonomy":"category","embeddable":true,"href":"https:\/\/fliegerblog.rjs.de\/index.php?rest_route=%2Fwp%2Fv2%2Fcategories&post=1409"},{"taxonomy":"post_tag","embeddable":true,"href":"https:\/\/fliegerblog.rjs.de\/index.php?rest_route=%2Fwp%2Fv2%2Ftags&post=1409"}],"curies":[{"name":"wp","href":"https:\/\/api.w.org\/{rel}","templated":true}]}}