{"id":130,"date":"2007-01-06T16:01:00","date_gmt":"2007-01-06T16:01:00","guid":{"rendered":"http:\/\/www.rjs.de\/fliegerblog\/?p=130"},"modified":"2007-01-06T16:01:00","modified_gmt":"2007-01-06T16:01:00","slug":"warum-der-blog","status":"publish","type":"post","link":"https:\/\/fliegerblog.rjs.de\/?p=130","title":{"rendered":"Warum der Blog"},"content":{"rendered":"<div style=\"text-align: center;\"><span style=\"font-size:130%;\">Warum ich hier blogge<\/span><\/div>\n<p>Ok &#8211; es ist Zeit f\u00fcr einen eigenen Blog. Nachdem ich bereits 1996 mein erstes HTML-Buch geschrieben (dem kaum zu z\u00e4hlende andere Web-B\u00fccher und Zeitungsartikel mittlerweile gefolgt sind) und zig Leute in der Erstellung und Programmierung von Webseiten geschult habe, bin ich auf der einen Seite ein Veteran im Web, aber bei Bloggs ein Sp\u00e4tberufener. Hab den Reiz der Web-Publikation ohne die Notwendigkeit der HTML-Kodierung ehrlich gesagt untersch\u00e4tzt.<br \/>Zwar habe ich seit Jahren unter <a href=\"http:\/\/www.rjs.de\/\" target=\"neu\">http:\/\/www.rjs.de<\/a> eine eigene Homepage, \u00fcber die ich meine Computer-Schulungen anbiete und meine Dienstleistungen und ich betreibe unter <a href=\"http:\/\/www.ajax-net.de\/\" target=\"neu\">http:\/\/www.ajax-net.de <\/a> sogar ein eigenes Webportal zu AJAX (DIE!! zentrale Technologie f\u00fcr das Web 2.0).<\/p>\n<p>Aber das ist der Job. Der Blogg soll mein pers\u00f6nliches Gleitschrimfliegertagebuch werden, denn ich habe ich vor 1,5 Jahren mit Gleitschirmfliegen angefangen und die Sache fasziniert mich so, dass ich mir die &#8222;Freude&#8220; einfach von der Seele schreiben muss. Die Sache ist derma\u00dfen geil. Ich \u00e4rgere mich nur, dass ich so sp\u00e4t drauf gekommen bin.<br \/>Deshalb &#8211; wer immer den Blogg mal liest und bisher noch reiner Fu\u00dfg\u00e4nger ist &#8211; probiert die Sache mal aus.<br \/>Oder freut euch an Videos, denn zu dem Blogg poste ich parallel auch ein paar Flugvideos hier als auch bei YoutTube &#038; Co. Ohne R\u00fccksicht auf die Qualit\u00e4t \ud83d\ude09<\/p>\n<div class=\"blogger-post-footer\"><script type=\"text\/javascript\"><!--\ngoogle_ad_client = \"pub-4702984279656494\";\ngoogle_ad_width = 468;\ngoogle_ad_height = 60;\ngoogle_ad_format = \"468x60_as_rimg\";\ngoogle_cpa_choice = \"CAAQlNHphwIaCFxy_-mnISvEKNDv6n4\";\ngoogle_ad_channel = \"0174140724\";\n\/\/--><\/script><br \/>\n<script type=\"text\/javascript\" src=\"http:\/\/pagead2.googlesyndication.com\/pagead\/show_ads.js\">\n<\/script><\/div>\n","protected":false},"excerpt":{"rendered":"<p>Warum ich hier blogge Ok &#8211; es ist Zeit f\u00fcr einen eigenen Blog. Nachdem ich bereits 1996 mein erstes HTML-Buch geschrieben (dem kaum zu z\u00e4hlende andere Web-B\u00fccher und Zeitungsartikel mittlerweile gefolgt sind) und zig Leute in der Erstellung und Programmierung von Webseiten geschult habe, bin ich auf der einen Seite ein Veteran im Web, aber &hellip; <a href=\"https:\/\/fliegerblog.rjs.de\/?p=130\" class=\"more-link\"><span class=\"screen-reader-text\">\u201eWarum der Blog\u201c<\/span> weiterlesen<\/a><\/p>\n","protected":false},"author":1,"featured_media":0,"comment_status":"open","ping_status":"open","sticky":false,"template":"","format":"standard","meta":{"jetpack_post_was_ever_published":false,"footnotes":"","jetpack_publicize_message":"","jetpack_is_tweetstorm":false,"jetpack_publicize_feature_enabled":true,"jetpack_social_options":[]},"categories":[2],"tags":[6],"class_list":["post-130","post","type-post","status-publish","format-standard","hentry","category-allgemein","tag-warum-der-blog"],"jetpack_publicize_connections":[],"jetpack_featured_media_url":"","jetpack_shortlink":"https:\/\/wp.me\/p788kK-26","jetpack-related-posts":[{"id":907,"url":"https:\/\/fliegerblog.rjs.de\/?p=907","url_meta":{"origin":130,"position":0},"title":"Gegrounded und cheated","date":"April 5, 2015","format":false,"excerpt":"Letzte Woche war ich mit der Familie in Norderney zum Urlaub. Das habe ich zum Anlass genommen, um den dringend notwendigen Check meiner Wildcat machen zu lassen. Die vergangene Woche h\u00e4tte ich den Schirm sowieso nicht nutzen k\u00f6nnen. Der Nachteil ist aber, dass ich das gesamte Osterwochenende ohne Schirm bin,\u2026","rel":"","context":"In &quot;Allgemein&quot;","img":{"alt_text":"","src":"","width":0,"height":0},"classes":[]},{"id":1911,"url":"https:\/\/fliegerblog.rjs.de\/?p=1911","url_meta":{"origin":130,"position":1},"title":"Alles neu, macht der &#8230; M\u00e4rz. Er\u00f6ffnung Windensaison 2022","date":"M\u00e4rz 27, 2022","format":false,"excerpt":"Heute habe ich f\u00fcr mich die Windensaision 2022 in Singhofen er\u00f6ffnet. Allerdings unter etwas ungew\u00f6hnlichen Umst\u00e4nden. Denn ich hatte sowohl einen neuen Schirm, aber auch eine neue Kamera und auch ein neues Auto dabei. Sogar eine neue \"Action\"-Hose, die ich mir auf Wunsch meiner Kidds (da 3 St\u00fcck Rabatt bedeutet\u2026","rel":"","context":"\u00c4hnlicher Beitrag","img":{"alt_text":"","src":"https:\/\/i0.wp.com\/blogger.googleusercontent.com\/img\/b\/R29vZ2xl\/AVvXsEi864OWRj-ZZ5yDK107RTv7R-X7EvhttzNKdecKQghEYUnf3hGOSBVFBEfzvYW8-AMQz88I5doVnDx1EsrakiPCOovnf2ibtjB7QOpCZBMiwzShdSfmzk1GDkA8JuFoBZW85_9g8CaNnG-A-8slcRT4wcIdWkDCGgC1YvyDXUuQYZ9IpKSJh4vF5O_Fmg\/s320\/SING0002.JPG?resize=350%2C200&ssl=1","width":350,"height":200},"classes":[]},{"id":1252,"url":"https:\/\/fliegerblog.rjs.de\/?p=1252","url_meta":{"origin":130,"position":2},"title":"Neues Vario","date":"April 21, 2017","format":false,"excerpt":"Es gibt hin und wieder \u00dcberschneidungen zwischen meinem Job und meinen Gleitschirm-Hobby. Gerade ist mal wieder so ein Tag. Dabei ist der Zusammenhang erstmal nicht offensichtlich, denn heute ist nur einfach mein neues Vario angekommen. Dazu habe ich mir gleich noch ein UP-Cockpit besorgt, um das Vario \u00fcberhaupt irgendwo befestigen\u2026","rel":"","context":"In \"Android\"","img":{"alt_text":"","src":"https:\/\/i0.wp.com\/3.bp.blogspot.com\/-w_WPfQooZ3s\/WPoP0vfMTnI\/AAAAAAAADYU\/ArxOjwlmbso0e5-6uYLz9C_PlPZTPpMnwCLcB\/s400\/IMG_20170421_143626.jpg?resize=350%2C200&ssl=1","width":350,"height":200},"classes":[]},{"id":1833,"url":"https:\/\/fliegerblog.rjs.de\/?p=1833","url_meta":{"origin":130,"position":3},"title":"Werfen und packen der Rettung au\u00dfer der Reihe","date":"Juli 17, 2021","format":false,"excerpt":"\u00a0 Mein einer Verein veranstaltet seit ein paar Jahren jeden Winter in FFM in einer Schulturnhalle ein gemeinsames Packen der Rettung unter Aufsicht eines Fluglehrers samt vorangehendem Werfen der Rettung. Das nehme ich eigentlich sehr gerne und regelm\u00e4\u00dfig wahr, auch wenn ich zwischendurch meine Rettung immer wieder mal zum Packen\u2026","rel":"","context":"\u00c4hnlicher Beitrag","img":{"alt_text":"","src":"https:\/\/i0.wp.com\/1.bp.blogspot.com\/-di180BjEKhA\/YPMH-Dzz26I\/AAAAAAAAGNw\/OS28-xuQ4ZcB6ZJD-DrXjefow9KUZnS4gCLcBGAsYHQ\/w400-h300\/IMG_20210717_113355.jpg?resize=350%2C200&ssl=1","width":350,"height":200},"classes":[]},{"id":1945,"url":"https:\/\/fliegerblog.rjs.de\/?p=1945","url_meta":{"origin":130,"position":4},"title":"G-Force","date":"September 4, 2022","format":false,"excerpt":"\ufeff Auch wenn es heute kein Fliegen am Schirm war, war das doch ein Fliegen - nur der anderen Art. Was dennoch in die Richtung Gleitschirmfliegen ging. Im wahrsten Sinn des Wortes, denn es ging um das \u00dcben einer Steilspirale bzw. das Erfahren der dort auftretenden Kr\u00e4fte an einem Simulator.\u2026","rel":"","context":"\u00c4hnlicher Beitrag","img":{"alt_text":"","src":"https:\/\/i0.wp.com\/blogger.googleusercontent.com\/img\/b\/R29vZ2xl\/AVvXsEhKm3TW0_UDTfCSM86yPsP-oOtHlg6dUy0EkxelQY_MrNAjlepx460y_D7KExlI_K338Xz8fcPbA2ymkpfuFR0w24YhRpj7EWeXLE-oWYYzyAWeT1NjIJi3KXTZs6bdcEbcd1-mlGbfZ6okpdGnWJ4vTPe1wJPFi9ewTSekBt7KNJn915DODQYeYOAYmg\/w400-h300\/IMG_20220904_084413.jpg?resize=350%2C200&ssl=1","width":350,"height":200},"classes":[]},{"id":1464,"url":"https:\/\/fliegerblog.rjs.de\/?p=1464","url_meta":{"origin":130,"position":5},"title":"1 von 3 ist immerhin etwas","date":"Juni 25, 2018","format":false,"excerpt":"Am Samstag war mein Besuch am MFK ein Satz mit X. Nicht einmal den Schirm hochgezogen - so heftig waren die Bedingungen. Am Sonntag habe ich lange gezweifelt, ob ich am sp\u00e4teren Nachmittag hinfahren sollte. Aber mich hat eine Erk\u00e4ltung ziemlich niedergehauen und ich war wegen \u00e4hnlicher Prognosen wie Samstag\u2026","rel":"","context":"\u00c4hnlicher Beitrag","img":{"alt_text":"","src":"https:\/\/i0.wp.com\/3.bp.blogspot.com\/-NSOAO9bd3jM\/WzOzb3FLuBI\/AAAAAAAAEAA\/d50_YO24sUAYK04SW0S6rgeju5O5whO4wCLcBGAs\/s320\/GOPR3192.JPG?resize=350%2C200&ssl=1","width":350,"height":200},"classes":[]}],"_links":{"self":[{"href":"https:\/\/fliegerblog.rjs.de\/index.php?rest_route=\/wp\/v2\/posts\/130","targetHints":{"allow":["GET"]}}],"collection":[{"href":"https:\/\/fliegerblog.rjs.de\/index.php?rest_route=\/wp\/v2\/posts"}],"about":[{"href":"https:\/\/fliegerblog.rjs.de\/index.php?rest_route=\/wp\/v2\/types\/post"}],"author":[{"embeddable":true,"href":"https:\/\/fliegerblog.rjs.de\/index.php?rest_route=\/wp\/v2\/users\/1"}],"replies":[{"embeddable":true,"href":"https:\/\/fliegerblog.rjs.de\/index.php?rest_route=%2Fwp%2Fv2%2Fcomments&post=130"}],"version-history":[{"count":0,"href":"https:\/\/fliegerblog.rjs.de\/index.php?rest_route=\/wp\/v2\/posts\/130\/revisions"}],"wp:attachment":[{"href":"https:\/\/fliegerblog.rjs.de\/index.php?rest_route=%2Fwp%2Fv2%2Fmedia&parent=130"}],"wp:term":[{"taxonomy":"category","embeddable":true,"href":"https:\/\/fliegerblog.rjs.de\/index.php?rest_route=%2Fwp%2Fv2%2Fcategories&post=130"},{"taxonomy":"post_tag","embeddable":true,"href":"https:\/\/fliegerblog.rjs.de\/index.php?rest_route=%2Fwp%2Fv2%2Ftags&post=130"}],"curies":[{"name":"wp","href":"https:\/\/api.w.org\/{rel}","templated":true}]}}