{"id":13,"date":"2008-12-23T17:39:00","date_gmt":"2008-12-23T17:39:00","guid":{"rendered":"http:\/\/www.rjs.de\/fliegerblog\/?p=13"},"modified":"2008-12-23T17:39:00","modified_gmt":"2008-12-23T17:39:00","slug":"ausdauersport-vor-weihnachten","status":"publish","type":"post","link":"https:\/\/fliegerblog.rjs.de\/?p=13","title":{"rendered":"Ausdauersport vor Weihnachten"},"content":{"rendered":"<p>W &#8211; NW &#8211; N. So die Prognosen f\u00fcr heute. Nicht zu stark, aber ganz ok. So eine Prognose hat um Nikolaus herum einen Toptag in MF gebracht. Heute leider nicht. Das Wetter hat uns den ganzen Tag am Hang gehalten, denn so richtig schlecht waren die Bedingungen auch nicht. Nach jedem Abgleiter kam die Hoffnung auf &#8211; Motto: es fehlt wirklich nicht viel und gleich wird es gut.<br \/>Tja &#8211; gut wurde es nicht, aber bei den zig Abgleitern mit anschlie\u00dfendem Hochstapfen war der Tag ziemlich ausdauerf\u00f6rdernd. Und wenn man alle H\u00fcpfer und Abgleiter addiert, kommen schon ein paar Minuten Flugzeit zusammen.<\/p>\n<div class=\"blogger-post-footer\"><script type=\"text\/javascript\"><!--\ngoogle_ad_client = \"pub-4702984279656494\";\ngoogle_ad_width = 468;\ngoogle_ad_height = 60;\ngoogle_ad_format = \"468x60_as_rimg\";\ngoogle_cpa_choice = \"CAAQlNHphwIaCFxy_-mnISvEKNDv6n4\";\ngoogle_ad_channel = \"0174140724\";\n\/\/--><\/script><br \/>\n<script type=\"text\/javascript\" src=\"http:\/\/pagead2.googlesyndication.com\/pagead\/show_ads.js\">\n<\/script><\/div>\n","protected":false},"excerpt":{"rendered":"<p>W &#8211; NW &#8211; N. So die Prognosen f\u00fcr heute. Nicht zu stark, aber ganz ok. So eine Prognose hat um Nikolaus herum einen Toptag in MF gebracht. Heute leider nicht. Das Wetter hat uns den ganzen Tag am Hang gehalten, denn so richtig schlecht waren die Bedingungen auch nicht. Nach jedem Abgleiter kam die &hellip; <a href=\"https:\/\/fliegerblog.rjs.de\/?p=13\" class=\"more-link\"><span class=\"screen-reader-text\">\u201eAusdauersport vor Weihnachten\u201c<\/span> weiterlesen<\/a><\/p>\n","protected":false},"author":1,"featured_media":0,"comment_status":"open","ping_status":"open","sticky":false,"template":"","format":"standard","meta":{"jetpack_post_was_ever_published":false,"footnotes":"","jetpack_publicize_message":"","jetpack_is_tweetstorm":false,"jetpack_publicize_feature_enabled":true,"jetpack_social_options":[]},"categories":[2],"tags":[],"class_list":["post-13","post","type-post","status-publish","format-standard","hentry","category-allgemein"],"jetpack_publicize_connections":[],"jetpack_featured_media_url":"","jetpack_shortlink":"https:\/\/wp.me\/p788kK-d","jetpack-related-posts":[{"id":93,"url":"https:\/\/fliegerblog.rjs.de\/?p=93","url_meta":{"origin":13,"position":0},"title":"Ich bekomme das Grinsen nicht weg :-)","date":"August 3, 2007","format":false,"excerpt":"Unglaublich. Der dritte Flugtag der Woche hat alles getoppt! Heute hatte ich einen Flug, der konnte mit meinen Fl\u00fcgen in den Alpen mithalten. Die waren zwar zugegeben w\u00e4hrend der A-Schein-Ausbildung und nur Abgleiter von etwa 1000 Meter H\u00f6he, aber heute war ich bei einem Flug an userem Minih\u00fcgel in MF\u2026","rel":"","context":"In &quot;Allgemein&quot;","img":{"alt_text":"","src":"","width":0,"height":0},"classes":[]},{"id":708,"url":"https:\/\/fliegerblog.rjs.de\/?p=708","url_meta":{"origin":13,"position":1},"title":"Notl\u00f6sung","date":"Oktober 24, 2013","format":false,"excerpt":"Irgendwie ist im Moment der Wurm drin. Die Entscheidungen, ob oder wann und wo ich fliegen gehe, sind die letzten Tage eher schlecht gewesen. Ganz bl\u00f6d ist letzter Samstag gelaufen, wo ich mit dem Schirm im Auto unterwegs war und an keinen der beide infrage kommenden H\u00e4nge durchgefahren bin. Die\u2026","rel":"","context":"In &quot;Allgemein&quot;","img":{"alt_text":"","src":"","width":0,"height":0},"classes":[]},{"id":714,"url":"https:\/\/fliegerblog.rjs.de\/?p=714","url_meta":{"origin":13,"position":2},"title":"Sonnenschein","date":"Dezember 17, 2013","format":false,"excerpt":"Gestern und heute gab es strahlenden Sonnenschein, was man im Dezember ausnutzen muss, wenn man Zeit hat. Zumal heute auch noch der Wind moderat aus S\u00fcd kam. Von daher Zeit genommen und 12:30 Uhr in Reichenbach am Hang aufgelaufen. \u00dcber den Nachmittag waren wir da 7 Flieger und am Vormittag\u2026","rel":"","context":"In &quot;Allgemein&quot;","img":{"alt_text":"","src":"","width":0,"height":0},"classes":[]},{"id":247,"url":"https:\/\/fliegerblog.rjs.de\/?p=247","url_meta":{"origin":13,"position":3},"title":"Sonnig und moderat","date":"Oktober 18, 2009","format":false,"excerpt":"Heute ging die Nordwindphase zu Ende. Die Prognosen f\u00fcr heute haben zwischen schwachem und recht guten Nordwind geschwankt. Aber allgemein sollte es eher fr\u00fch denn sp\u00e4t passen. Und so waren wir schon ab etwa 10:30 Uhr am Hang in MF. \u00dcber den Tag waren etwa 12 Flieger da. Und die\u2026","rel":"","context":"In &quot;Allgemein&quot;","img":{"alt_text":"","src":"","width":0,"height":0},"classes":[]},{"id":211,"url":"https:\/\/fliegerblog.rjs.de\/?p=211","url_meta":{"origin":13,"position":4},"title":"Vollkreis in Reichenbach","date":"August 16, 2009","format":false,"excerpt":"Nachdem Reichenbach seit ein paar Tage wieder uneingeschr\u00e4nkt befliegbar ist und sogar die Landewiese\/Acker bis zur weiteren Bearbeitung benutzbar ist, war wir heute ab etwa 11:15 Uhr mit 5 Fliegern da. Und den Tag sollte man rot im Kalender anstreichen :-). Zuerst kam der Wind etwas zu viel aus SO\u2026","rel":"","context":"In &quot;Allgemein&quot;","img":{"alt_text":"","src":"","width":0,"height":0},"classes":[]},{"id":1268,"url":"https:\/\/fliegerblog.rjs.de\/?p=1268","url_meta":{"origin":13,"position":5},"title":"Durchgangsstation","date":"Mai 31, 2017","format":false,"excerpt":"Das war heute am MFK nicht wirklich lohnend gewesen. Kurz vor 15:00 Uhr waren wir erstmal zu zweit vor Ort. Der Wind stand von der Richtung gut an, war aber recht schwach. Man konnte zwar gut r\u00fcckw\u00e4rts aufziehen, aber mehr als kleine Abgleiter waren nicht drin. So gegen 16:00 Uhr\u2026","rel":"","context":"\u00c4hnlicher Beitrag","img":{"alt_text":"","src":"https:\/\/i0.wp.com\/1.bp.blogspot.com\/-ZI6oCITtAEE\/WS-oKC0ojOI\/AAAAAAAADcA\/erx6kHZt_SoJi7xB2NF8gyCsjHg99pp6QCLcB\/s320\/GOPR3585.JPG?resize=350%2C200&ssl=1","width":350,"height":200},"classes":[]}],"_links":{"self":[{"href":"https:\/\/fliegerblog.rjs.de\/index.php?rest_route=\/wp\/v2\/posts\/13","targetHints":{"allow":["GET"]}}],"collection":[{"href":"https:\/\/fliegerblog.rjs.de\/index.php?rest_route=\/wp\/v2\/posts"}],"about":[{"href":"https:\/\/fliegerblog.rjs.de\/index.php?rest_route=\/wp\/v2\/types\/post"}],"author":[{"embeddable":true,"href":"https:\/\/fliegerblog.rjs.de\/index.php?rest_route=\/wp\/v2\/users\/1"}],"replies":[{"embeddable":true,"href":"https:\/\/fliegerblog.rjs.de\/index.php?rest_route=%2Fwp%2Fv2%2Fcomments&post=13"}],"version-history":[{"count":0,"href":"https:\/\/fliegerblog.rjs.de\/index.php?rest_route=\/wp\/v2\/posts\/13\/revisions"}],"wp:attachment":[{"href":"https:\/\/fliegerblog.rjs.de\/index.php?rest_route=%2Fwp%2Fv2%2Fmedia&parent=13"}],"wp:term":[{"taxonomy":"category","embeddable":true,"href":"https:\/\/fliegerblog.rjs.de\/index.php?rest_route=%2Fwp%2Fv2%2Fcategories&post=13"},{"taxonomy":"post_tag","embeddable":true,"href":"https:\/\/fliegerblog.rjs.de\/index.php?rest_route=%2Fwp%2Fv2%2Ftags&post=13"}],"curies":[{"name":"wp","href":"https:\/\/api.w.org\/{rel}","templated":true}]}}