{"id":126,"date":"2007-01-06T18:56:00","date_gmt":"2007-01-06T18:56:00","guid":{"rendered":"http:\/\/www.rjs.de\/fliegerblog\/?p=126"},"modified":"2007-01-06T18:56:00","modified_gmt":"2007-01-06T18:56:00","slug":"videos","status":"publish","type":"post","link":"https:\/\/fliegerblog.rjs.de\/?p=126","title":{"rendered":"Videos"},"content":{"rendered":"<div style=\"text-align: center;\"><span style=\"font-size:180%;\">Start von der L\u00fcsener-Alm &#8211; S\u00fcdtirol<\/span><\/div>\n<div class=\"jetpack-video-wrapper\"><span class=\"embed-youtube\" style=\"text-align:center; display: block;\"><iframe loading=\"lazy\" class=\"youtube-player\" width=\"840\" height=\"473\" src=\"https:\/\/www.youtube.com\/embed\/or1OvTqtqGY?version=3&#038;rel=1&#038;showsearch=0&#038;showinfo=1&#038;iv_load_policy=1&#038;fs=1&#038;hl=de-DE&#038;autohide=2&#038;wmode=transparent\" allowfullscreen=\"true\" style=\"border:0;\" sandbox=\"allow-scripts allow-same-origin allow-popups allow-presentation\"><\/iframe><\/span><\/div>\n<hr \/>\n<p>Feb. 2006, saukalt<\/p>\n<hr \/>\n<p><\/p>\n<div style=\"text-align: center;\"><span style=\"font-size:180%;\">Gleitschirmparade am MFK<\/span><\/div>\n<div class=\"jetpack-video-wrapper\"><span class=\"embed-youtube\" style=\"text-align:center; display: block;\"><iframe loading=\"lazy\" class=\"youtube-player\" width=\"840\" height=\"473\" src=\"https:\/\/www.youtube.com\/embed\/NeXYMnA8hsg?version=3&#038;rel=1&#038;showsearch=0&#038;showinfo=1&#038;iv_load_policy=1&#038;fs=1&#038;hl=de-DE&#038;autohide=2&#038;wmode=transparent\" allowfullscreen=\"true\" style=\"border:0;\" sandbox=\"allow-scripts allow-same-origin allow-popups allow-presentation\"><\/iframe><\/span><\/div>\n<hr \/>\n<p>Soaren bei NW-Wind in der N\u00e4he von Limburg mit einer ganzen Gleitschirmamarda, April 2006<\/p>\n<div style=\"text-align: center;\"><span style=\"font-size:180%;\">Windenschlepp in Crawinkel &#8211; Th\u00fcringen<\/span><\/div>\n<div class=\"jetpack-video-wrapper\"><span class=\"embed-youtube\" style=\"text-align:center; display: block;\"><iframe loading=\"lazy\" class=\"youtube-player\" width=\"840\" height=\"473\" src=\"https:\/\/www.youtube.com\/embed\/tATW-nV8Ipg?version=3&#038;rel=1&#038;showsearch=0&#038;showinfo=1&#038;iv_load_policy=1&#038;fs=1&#038;hl=de-DE&#038;autohide=2&#038;wmode=transparent\" allowfullscreen=\"true\" style=\"border:0;\" sandbox=\"allow-scripts allow-same-origin allow-popups allow-presentation\"><\/iframe><\/span><\/div>\n<div class=\"jetpack-video-wrapper\"><span class=\"embed-youtube\" style=\"text-align:center; display: block;\"><iframe loading=\"lazy\" class=\"youtube-player\" width=\"840\" height=\"473\" src=\"https:\/\/www.youtube.com\/embed\/As2ytUXC2PI?version=3&#038;rel=1&#038;showsearch=0&#038;showinfo=1&#038;iv_load_policy=1&#038;fs=1&#038;hl=de-DE&#038;autohide=2&#038;wmode=transparent\" allowfullscreen=\"true\" style=\"border:0;\" sandbox=\"allow-scripts allow-same-origin allow-popups allow-presentation\"><\/iframe><\/span><\/div>\n<div class=\"jetpack-video-wrapper\"><span class=\"embed-youtube\" style=\"text-align:center; display: block;\"><iframe loading=\"lazy\" class=\"youtube-player\" width=\"840\" height=\"473\" src=\"https:\/\/www.youtube.com\/embed\/MALwAeJYtQQ?version=3&#038;rel=1&#038;showsearch=0&#038;showinfo=1&#038;iv_load_policy=1&#038;fs=1&#038;hl=de-DE&#038;autohide=2&#038;wmode=transparent\" allowfullscreen=\"true\" style=\"border:0;\" sandbox=\"allow-scripts allow-same-origin allow-popups allow-presentation\"><\/iframe><\/span><\/div>\n<hr \/>\n<p>09.09.\u00df6<\/p>\n<div style=\"text-align: center;\"><span style=\"font-size:180%;\">Landeanflug am SW-Hang im Taunus<\/span><\/div>\n<div class=\"jetpack-video-wrapper\"><span class=\"embed-youtube\" style=\"text-align:center; display: block;\"><iframe loading=\"lazy\" class=\"youtube-player\" width=\"840\" height=\"473\" src=\"https:\/\/www.youtube.com\/embed\/Yso3k4_4fJM?version=3&#038;rel=1&#038;showsearch=0&#038;showinfo=1&#038;iv_load_policy=1&#038;fs=1&#038;hl=de-DE&#038;autohide=2&#038;wmode=transparent\" allowfullscreen=\"true\" style=\"border:0;\" sandbox=\"allow-scripts allow-same-origin allow-popups allow-presentation\"><\/iframe><\/span><\/div>\n<hr \/>\n<p>Zwischen den Jahren 2006\/07<\/p>\n<div style=\"text-align: center;\"><span style=\"font-size:180%;\">Meinereiner am Start am SW-Hang im Taunus<\/span><\/div>\n<div class=\"jetpack-video-wrapper\"><span class=\"embed-youtube\" style=\"text-align:center; display: block;\"><iframe loading=\"lazy\" class=\"youtube-player\" width=\"840\" height=\"473\" src=\"https:\/\/www.youtube.com\/embed\/5UtAAr3otqs?version=3&#038;rel=1&#038;showsearch=0&#038;showinfo=1&#038;iv_load_policy=1&#038;fs=1&#038;hl=de-DE&#038;autohide=2&#038;wmode=transparent\" allowfullscreen=\"true\" style=\"border:0;\" sandbox=\"allow-scripts allow-same-origin allow-popups allow-presentation\"><\/iframe><\/span><\/div>\n<hr \/>\n<p>5.1.2007, ziemliches Mistwetter und bockig, aber gut getragen<\/p>\n<div class=\"blogger-post-footer\"><script type=\"text\/javascript\"><!--\ngoogle_ad_client = \"pub-4702984279656494\";\ngoogle_ad_width = 468;\ngoogle_ad_height = 60;\ngoogle_ad_format = \"468x60_as_rimg\";\ngoogle_cpa_choice = \"CAAQlNHphwIaCFxy_-mnISvEKNDv6n4\";\ngoogle_ad_channel = \"0174140724\";\n\/\/--><\/script><br \/>\n<script type=\"text\/javascript\" src=\"http:\/\/pagead2.googlesyndication.com\/pagead\/show_ads.js\">\n<\/script><\/div>\n","protected":false},"excerpt":{"rendered":"<p>Start von der L\u00fcsener-Alm &#8211; S\u00fcdtirol Feb. 2006, saukalt Gleitschirmparade am MFK Soaren bei NW-Wind in der N\u00e4he von Limburg mit einer ganzen Gleitschirmamarda, April 2006 Windenschlepp in Crawinkel &#8211; Th\u00fcringen 09.09.\u00df6 Landeanflug am SW-Hang im Taunus Zwischen den Jahren 2006\/07 Meinereiner am Start am SW-Hang im Taunus 5.1.2007, ziemliches Mistwetter und bockig, aber gut &hellip; <a href=\"https:\/\/fliegerblog.rjs.de\/?p=126\" class=\"more-link\"><span class=\"screen-reader-text\">\u201eVideos\u201c<\/span> weiterlesen<\/a><\/p>\n","protected":false},"author":1,"featured_media":0,"comment_status":"open","ping_status":"open","sticky":false,"template":"","format":"standard","meta":{"jetpack_post_was_ever_published":false,"footnotes":"","jetpack_publicize_message":"","jetpack_is_tweetstorm":false,"jetpack_publicize_feature_enabled":true,"jetpack_social_options":[]},"categories":[2],"tags":[5],"class_list":["post-126","post","type-post","status-publish","format-standard","hentry","category-allgemein","tag-videos"],"jetpack_publicize_connections":[],"jetpack_featured_media_url":"","jetpack_shortlink":"https:\/\/wp.me\/s788kK-videos","jetpack-related-posts":[{"id":1868,"url":"https:\/\/fliegerblog.rjs.de\/?p=1868","url_meta":{"origin":126,"position":0},"title":"Neue Action-Cam von Lamax","date":"Oktober 26, 2021","format":false,"excerpt":"Ich habe eine neue Action Cam! Was sowohl beruflich als auch f\u00fcr die Freizeit von Bedeutung ist. F\u00fcr meinen Fliegerblog nehme ich seit vielen Jahren Videos und Bilder mit einer Action Cam auf, die ich meist am Helm befestigt habe. Gelegentlich brauche ich so ein Multimediamaterial aber auch beruflich, denn\u2026","rel":"","context":"\u00c4hnlicher Beitrag","img":{"alt_text":"","src":"","width":0,"height":0},"classes":[]},{"id":25,"url":"https:\/\/fliegerblog.rjs.de\/?p=25","url_meta":{"origin":126,"position":1},"title":"Fliegerfest in Lauterbach","date":"Oktober 11, 2008","format":false,"excerpt":"Heute war ich in Lauterbach (Vogelsberg) beim Lauterbacher Oktoberfliegerfest, das die Ostth\u00fcringer Gleitschirmschule gemeinsam mit dem Aeroclub Lauterbach e. V. veranstaltet. Aus diesem Anlass waren Gleitschirm-, Drachen- und Motorschirmflieger eingeladen mitzufeiern und nebenbei, je nach Wetterlage, Winden und Motorschirmfl\u00fcge \u00fcber dem Vogelsberg zu geniessen. Dazu waren auch ein paar UL\u2026","rel":"","context":"In &quot;Allgemein&quot;","img":{"alt_text":"","src":"https:\/\/i0.wp.com\/img.youtube.com\/vi\/sf8bwpz0bQU\/0.jpg?resize=350%2C200","width":350,"height":200},"classes":[]},{"id":1191,"url":"https:\/\/fliegerblog.rjs.de\/?p=1191","url_meta":{"origin":126,"position":2},"title":"Nix geschenkt","date":"September 13, 2016","format":false,"excerpt":"Wie schon gestern bekam man auch heute seine Airtime in Eschbach nicht geschenkt. Mit Gl\u00fcck mit der Abl\u00f6sung und kratzen an der Kante ging es teilweise, aber entspannt war die Geschichte nicht. Au\u00dferdem wieder viel zu hei\u00df. Ich hab mich \u00fcber den Nachmittag ziemlich ausgetobt, aber zufrieden war ich mit\u2026","rel":"","context":"\u00c4hnlicher Beitrag","img":{"alt_text":"","src":"","width":0,"height":0},"classes":[]},{"id":130,"url":"https:\/\/fliegerblog.rjs.de\/?p=130","url_meta":{"origin":126,"position":3},"title":"Warum der Blog","date":"Januar 6, 2007","format":false,"excerpt":"Warum ich hier bloggeOk - es ist Zeit f\u00fcr einen eigenen Blog. Nachdem ich bereits 1996 mein erstes HTML-Buch geschrieben (dem kaum zu z\u00e4hlende andere Web-B\u00fccher und Zeitungsartikel mittlerweile gefolgt sind) und zig Leute in der Erstellung und Programmierung von Webseiten geschult habe, bin ich auf der einen Seite ein\u2026","rel":"","context":"In &quot;Allgemein&quot;","img":{"alt_text":"","src":"","width":0,"height":0},"classes":[]},{"id":2010,"url":"https:\/\/fliegerblog.rjs.de\/?p=2010","url_meta":{"origin":126,"position":4},"title":"Endlich mal wieder auf Tour &#8211; K\u00fcstenfliegen","date":"Juli 22, 2023","format":false,"excerpt":"Die letzten Monate wird es bei mir immer weniger mit Airtime :-(. Teils meine Faulheit bzw. Bequemlichkeit, teils immer weiter eingeschr\u00e4nkte Optionen, teils das Wetter. Ein Teufelskreis. Aber nachdem ich mir Jahr f\u00fcr Jahr vorgenommen hatte, endlich mal wieder einen Flugurlaub zu machen, bin ich jetzt f\u00fcr eine Woche zum\u2026","rel":"","context":"\u00c4hnlicher Beitrag","img":{"alt_text":"","src":"https:\/\/i0.wp.com\/blogger.googleusercontent.com\/img\/b\/R29vZ2xl\/AVvXsEiXD8wOHbrmxKic4iL-W0Z9gUD7cJvPsUkFnl_vEJ0g6aM4zgV-4SHtRpQAamMRcG5Ms348wOB0ilM6T29aJ1U0NWH0O9BDh6H2kA4t0yjEAXjLT_pKGXwuUA9xLNPh2kg9znBAaz4SqL07tA5URWJKEFkPqCgGl_MlY6AoCBtyw-ut_dlsjmmFvQFhn11K\/w400-h300\/20230722_175323.jpg?resize=350%2C200&ssl=1","width":350,"height":200},"classes":[]},{"id":970,"url":"https:\/\/fliegerblog.rjs.de\/?p=970","url_meta":{"origin":126,"position":5},"title":":-|  :-(  :-)  :-)))","date":"August 11, 2015","format":false,"excerpt":"Seit l\u00e4ngerer Zeit war heute mal wieder Nordwind und ich hatte Zeit. Ein klarer Fall f\u00fcr MFK. Gegen 13:45 Uhr war ich als erster Flieger am Hang, aber in kurzer Zeit hat es sich dann gef\u00fcllt. Als ich ankam, sah es sehr vielversprechend aus. Etwas schwach der Wind, aber gut\u2026","rel":"","context":"In &quot;Allgemein&quot;","img":{"alt_text":"","src":"","width":0,"height":0},"classes":[]}],"_links":{"self":[{"href":"https:\/\/fliegerblog.rjs.de\/index.php?rest_route=\/wp\/v2\/posts\/126","targetHints":{"allow":["GET"]}}],"collection":[{"href":"https:\/\/fliegerblog.rjs.de\/index.php?rest_route=\/wp\/v2\/posts"}],"about":[{"href":"https:\/\/fliegerblog.rjs.de\/index.php?rest_route=\/wp\/v2\/types\/post"}],"author":[{"embeddable":true,"href":"https:\/\/fliegerblog.rjs.de\/index.php?rest_route=\/wp\/v2\/users\/1"}],"replies":[{"embeddable":true,"href":"https:\/\/fliegerblog.rjs.de\/index.php?rest_route=%2Fwp%2Fv2%2Fcomments&post=126"}],"version-history":[{"count":0,"href":"https:\/\/fliegerblog.rjs.de\/index.php?rest_route=\/wp\/v2\/posts\/126\/revisions"}],"wp:attachment":[{"href":"https:\/\/fliegerblog.rjs.de\/index.php?rest_route=%2Fwp%2Fv2%2Fmedia&parent=126"}],"wp:term":[{"taxonomy":"category","embeddable":true,"href":"https:\/\/fliegerblog.rjs.de\/index.php?rest_route=%2Fwp%2Fv2%2Fcategories&post=126"},{"taxonomy":"post_tag","embeddable":true,"href":"https:\/\/fliegerblog.rjs.de\/index.php?rest_route=%2Fwp%2Fv2%2Ftags&post=126"}],"curies":[{"name":"wp","href":"https:\/\/api.w.org\/{rel}","templated":true}]}}