{"id":123,"date":"2007-01-18T08:13:00","date_gmt":"2007-01-18T08:13:00","guid":{"rendered":"http:\/\/www.rjs.de\/fliegerblog\/?p=123"},"modified":"2007-01-18T08:13:00","modified_gmt":"2007-01-18T08:13:00","slug":"kyrill-kommt-das-gibt-nen-flug","status":"publish","type":"post","link":"https:\/\/fliegerblog.rjs.de\/?p=123","title":{"rendered":"Kyrill kommt &#8211; das gibt nen Flug"},"content":{"rendered":"<p>Kyrill ist im Anmarsch. In T\u00e4lern mit 120 Km\/h und in der H\u00f6he mit etwas mehr. Das w\u00e4r was. Wollte schon immer mal nach Russland \ud83d\ude09<\/p>\n<div class=\"blogger-post-footer\"><script type=\"text\/javascript\"><!--\ngoogle_ad_client = \"pub-4702984279656494\";\ngoogle_ad_width = 468;\ngoogle_ad_height = 60;\ngoogle_ad_format = \"468x60_as_rimg\";\ngoogle_cpa_choice = \"CAAQlNHphwIaCFxy_-mnISvEKNDv6n4\";\ngoogle_ad_channel = \"0174140724\";\n\/\/--><\/script><br \/>\n<script type=\"text\/javascript\" src=\"http:\/\/pagead2.googlesyndication.com\/pagead\/show_ads.js\">\n<\/script><\/div>\n","protected":false},"excerpt":{"rendered":"<p>Kyrill ist im Anmarsch. In T\u00e4lern mit 120 Km\/h und in der H\u00f6he mit etwas mehr. Das w\u00e4r was. Wollte schon immer mal nach Russland \ud83d\ude09<\/p>\n","protected":false},"author":1,"featured_media":0,"comment_status":"open","ping_status":"open","sticky":false,"template":"","format":"standard","meta":{"jetpack_post_was_ever_published":false,"footnotes":"","jetpack_publicize_message":"","jetpack_is_tweetstorm":false,"jetpack_publicize_feature_enabled":true,"jetpack_social_options":[]},"categories":[2],"tags":[4],"class_list":["post-123","post","type-post","status-publish","format-standard","hentry","category-allgemein","tag-joke"],"jetpack_publicize_connections":[],"jetpack_featured_media_url":"","jetpack_shortlink":"https:\/\/wp.me\/p788kK-1Z","jetpack-related-posts":[{"id":2041,"url":"https:\/\/fliegerblog.rjs.de\/?p=2041","url_meta":{"origin":123,"position":0},"title":"Gurtzeug macht Strich durch die Rechnung","date":"Oktober 1, 2023","format":false,"excerpt":"Da war ich heute seit fast 2 Jahren endlich mal wieder bei der Schleppgemeinschaft Rhein-Hessen in Wallertheim und dann konnte ich nicht fliegen, weil mein Gurtzeug gestreikt hat. Das gleiche Problem wie beim D\u00fcnenfliegen in D\u00e4nemark vor ein paar Wochen. Das Gurtzeug hat so ganz fummelige Verschl\u00fcsse, die mit einer\u2026","rel":"","context":"\u00c4hnlicher Beitrag","img":{"alt_text":"","src":"","width":0,"height":0},"classes":[]},{"id":2089,"url":"https:\/\/fliegerblog.rjs.de\/?p=2089","url_meta":{"origin":123,"position":1},"title":"Nebenaktion","date":"Mai 15, 2024","format":false,"excerpt":"Heute vormittag war komplett Regen angesagt. Zwar so wenig, dass ich mit dem Rad 2x ins Ort bzw. an den Strand gefahren bin, aber mit Fliegen war nix. Aber ich habe mir sowieso Arbeit mitgenommen, um solche Phasen produktiv zu nutzen. Ob ich zuhause oder hier arbeite, spielt ja in\u2026","rel":"","context":"\u00c4hnlicher Beitrag","img":{"alt_text":"","src":"https:\/\/i0.wp.com\/blogger.googleusercontent.com\/img\/b\/R29vZ2xl\/AVvXsEjIxsoqWKSGNZexkvg3v3jlj4d0za9UD7qru-e2_ELdA8AAZOS5z6CDOhuP-ECew2QTOwFKTPQzXpbnc37J99G4D9GKaPWXDBIPleWRam6qtrXgmaOo9qMEm0sRNW2kTQK_dItBvwvtSD1JjOVhQvpsmmAYn1vtDfU9amTSHY-3BFD-nGDEkNI1OnTLya-c\/s320\/WhatsApp%20Image%202024-05-15%20at%2014.43.15.jpeg?resize=350%2C200&ssl=1","width":350,"height":200},"classes":[]},{"id":1829,"url":"https:\/\/fliegerblog.rjs.de\/?p=1829","url_meta":{"origin":123,"position":2},"title":"Zuwachs bei der Flugelektronik","date":"Juli 15, 2021","format":false,"excerpt":"Bisher nutze ich als Vario ein altes Kobo mini (ein E-Book-Reader) mit angeflanschtem GPS-Sensor und XCSoar als Software. Befestigt habe ich den Kobo auf einem Flugcockpit. Diese zusammengebastelte Kombination hatte ich mir vor etwa 4 Jahren gekauft. Im Grunde funktioniert die Sache. So gar ziemlich gut, denn der Kobo hat\u2026","rel":"","context":"\u00c4hnlicher Beitrag","img":{"alt_text":"","src":"https:\/\/i0.wp.com\/1.bp.blogspot.com\/-M7Z-pDagxyE\/YPAPj5BxLSI\/AAAAAAAAGNM\/EQHvIY-NpyseNjloWrI4ukiTqJpRjncFgCLcBGAsYHQ\/w338-h400\/Zwischenablage01.png?resize=350%2C200&ssl=1","width":350,"height":200},"classes":[]},{"id":2093,"url":"https:\/\/fliegerblog.rjs.de\/?p=2093","url_meta":{"origin":123,"position":3},"title":"Bike &#038; Fly","date":"Mai 17, 2024","format":false,"excerpt":"Das war heute kein Hike & Fly, wie man es kennt. Das war Bike & Fly. Im Grunde gilt das schon die ganze Woche, denn ich fahre ja hier zur D\u00fcne immer mit dem Rad. Das sind aber jeweils maximal 2 - 3 Kilometer, aber heute waren das hin und\u2026","rel":"","context":"\u00c4hnlicher Beitrag","img":{"alt_text":"","src":"https:\/\/i0.wp.com\/blogger.googleusercontent.com\/img\/b\/R29vZ2xl\/AVvXsEjnkfLnufPAjXVv45mcQwq3mO1dQ41aknF1a3kUXWI551yPzxGjCNCJ9DOhY1Jnxrt1F0AfbX3b44m-CRAH2lkfEXRXWeekQAdiGZaeDwAElwYlb3b_5zBJ78inka-biPVHeDwKzDMiOszR-W4M6JVkbqeHj9QFcxO8ZWUDfXJWxg1fiGuMglsrfyWpvZZP\/w480-h640\/WhatsApp%20Image%202024-05-17%20at%2014.21.33.jpeg?resize=350%2C200&ssl=1","width":350,"height":200},"classes":[]},{"id":558,"url":"https:\/\/fliegerblog.rjs.de\/?p=558","url_meta":{"origin":123,"position":4},"title":"Besser als nichts &#8211; aber auch nicht mehr","date":"August 3, 2012","format":false,"excerpt":"Die letzten Tage war ich ohne Schirm mit der Familie in den Alpen, aber ich konnte mir am ersten Tag einen Leihschirm organisieren. Am Startplatz ging es dann aber nicht. Wie schon die ganze Saison l\u00e4uft es mies mit Fliegen. Dazu sind im Moment meine zwei Flugpl\u00e4tze wegen Fliegerlagern der\u2026","rel":"","context":"In &quot;Allgemein&quot;","img":{"alt_text":"","src":"","width":0,"height":0},"classes":[]},{"id":216,"url":"https:\/\/fliegerblog.rjs.de\/?p=216","url_meta":{"origin":123,"position":5},"title":"Anderes Gurtzeug getestet","date":"August 22, 2009","format":false,"excerpt":"Heute war leichter NW angesagt und wir haben uns gegen 14:00 Uhr in Treisberg getroffen. Waren auch \u00fcber den Nachmittag ziemlich viele Flieger da - mehr als 10 allemal. Und viele neue Flieger oder solche, die ich noch nicht kannte. Nachdem ich aber kein Auto zur Verf\u00fcgung hatte, musste ich\u2026","rel":"","context":"In &quot;Allgemein&quot;","img":{"alt_text":"","src":"","width":0,"height":0},"classes":[]}],"_links":{"self":[{"href":"https:\/\/fliegerblog.rjs.de\/index.php?rest_route=\/wp\/v2\/posts\/123","targetHints":{"allow":["GET"]}}],"collection":[{"href":"https:\/\/fliegerblog.rjs.de\/index.php?rest_route=\/wp\/v2\/posts"}],"about":[{"href":"https:\/\/fliegerblog.rjs.de\/index.php?rest_route=\/wp\/v2\/types\/post"}],"author":[{"embeddable":true,"href":"https:\/\/fliegerblog.rjs.de\/index.php?rest_route=\/wp\/v2\/users\/1"}],"replies":[{"embeddable":true,"href":"https:\/\/fliegerblog.rjs.de\/index.php?rest_route=%2Fwp%2Fv2%2Fcomments&post=123"}],"version-history":[{"count":0,"href":"https:\/\/fliegerblog.rjs.de\/index.php?rest_route=\/wp\/v2\/posts\/123\/revisions"}],"wp:attachment":[{"href":"https:\/\/fliegerblog.rjs.de\/index.php?rest_route=%2Fwp%2Fv2%2Fmedia&parent=123"}],"wp:term":[{"taxonomy":"category","embeddable":true,"href":"https:\/\/fliegerblog.rjs.de\/index.php?rest_route=%2Fwp%2Fv2%2Fcategories&post=123"},{"taxonomy":"post_tag","embeddable":true,"href":"https:\/\/fliegerblog.rjs.de\/index.php?rest_route=%2Fwp%2Fv2%2Ftags&post=123"}],"curies":[{"name":"wp","href":"https:\/\/api.w.org\/{rel}","templated":true}]}}