{"id":122,"date":"2007-01-25T15:59:00","date_gmt":"2007-01-25T15:59:00","guid":{"rendered":"http:\/\/www.rjs.de\/fliegerblog\/?p=122"},"modified":"2007-01-25T15:59:00","modified_gmt":"2007-01-25T15:59:00","slug":"soaren-am-no-hang-in-nl","status":"publish","type":"post","link":"https:\/\/fliegerblog.rjs.de\/?p=122","title":{"rendered":"Soaren am NO-Hang in NL"},"content":{"rendered":"<p>Der Winter ist da. Und was bedeutet das? Der Wind kommt nicht mehr aus SW. Wenn es hier kalt ist, kommt der Wind aus N oder O. Wir haben einen Super-Soaringhang f\u00fcr NW. Aber leider ist der z.Z. gesperrt. Aber heute war NO. und daf\u00fcr gibt es einen weiteren kleinen, aber sehr steilen Hang. Wenn der Wind richtig kommt, geht es an der Kante ziemlich gut. War ne Stunde am Hang und ganz gut in der Luft. Zumindest war es besser wie nix<\/p>\n<div class=\"blogger-post-footer\"><script type=\"text\/javascript\"><!--\ngoogle_ad_client = \"pub-4702984279656494\";\ngoogle_ad_width = 468;\ngoogle_ad_height = 60;\ngoogle_ad_format = \"468x60_as_rimg\";\ngoogle_cpa_choice = \"CAAQlNHphwIaCFxy_-mnISvEKNDv6n4\";\ngoogle_ad_channel = \"0174140724\";\n\/\/--><\/script><br \/>\n<script type=\"text\/javascript\" src=\"http:\/\/pagead2.googlesyndication.com\/pagead\/show_ads.js\">\n<\/script><\/div>\n","protected":false},"excerpt":{"rendered":"<p>Der Winter ist da. Und was bedeutet das? Der Wind kommt nicht mehr aus SW. Wenn es hier kalt ist, kommt der Wind aus N oder O. Wir haben einen Super-Soaringhang f\u00fcr NW. Aber leider ist der z.Z. gesperrt. Aber heute war NO. und daf\u00fcr gibt es einen weiteren kleinen, aber sehr steilen Hang. Wenn &hellip; <a href=\"https:\/\/fliegerblog.rjs.de\/?p=122\" class=\"more-link\"><span class=\"screen-reader-text\">\u201eSoaren am NO-Hang in NL\u201c<\/span> weiterlesen<\/a><\/p>\n","protected":false},"author":1,"featured_media":0,"comment_status":"open","ping_status":"open","sticky":false,"template":"","format":"standard","meta":{"jetpack_post_was_ever_published":false,"footnotes":"","jetpack_publicize_message":"","jetpack_is_tweetstorm":false,"jetpack_publicize_feature_enabled":true,"jetpack_social_options":[]},"categories":[2],"tags":[],"class_list":["post-122","post","type-post","status-publish","format-standard","hentry","category-allgemein"],"jetpack_publicize_connections":[],"jetpack_featured_media_url":"","jetpack_shortlink":"https:\/\/wp.me\/p788kK-1Y","jetpack-related-posts":[{"id":1930,"url":"https:\/\/fliegerblog.rjs.de\/?p=1930","url_meta":{"origin":122,"position":0},"title":"KH-Spielereien","date":"Juni 11, 2022","format":false,"excerpt":"Nachdem das Wochenende sowohl in Singhofen als auch Wallertheim keinen Windenfahrer verf\u00fcgbar sind, war heute der Hang angesagt. Nur ist auch das schwierig im Moment, denn meine beiden Lieblingsh\u00e4nge sind derzeit gesperrt . Der eine sogar bei Herbst\/Winter, aber da h\u00e4tte die Richtung sowieso nicht gepasst. Nur f\u00fcr Reichenbach w\u00e4re\u2026","rel":"","context":"\u00c4hnlicher Beitrag","img":{"alt_text":"","src":"","width":0,"height":0},"classes":[]},{"id":1547,"url":"https:\/\/fliegerblog.rjs.de\/?p=1547","url_meta":{"origin":122,"position":1},"title":"S\u00fcdhang Wasserkuppe","date":"Februar 15, 2019","format":false,"excerpt":"Dass ich auf die Wasserkuppe m\u00f6chte und es dann doch nicht mache, ist fast zu einem \"Running-Gag\" in meiner Fliegerkarriere geworden. Eigentlich kommt immer was dazwischen, wenn ich so einen Plan aufsetze oder ich gehe dann doch an einen anderen Hang. Obwohl ich auf der Wasserkuppe meine Ausbildung gemacht hatte,\u2026","rel":"","context":"\u00c4hnlicher Beitrag","img":{"alt_text":"","src":"https:\/\/i0.wp.com\/4.bp.blogspot.com\/-FjXKaPyIl4Q\/XGcKMTZLVtI\/AAAAAAAAEa0\/FNdjpWfYrSosc_MJ-nFZpsKjicPGKpQSQCLcBGAs\/s320\/WhatsApp%2BImage%2B2019-02-15%2Bat%2B14.08.22.jpeg?resize=350%2C200&ssl=1","width":350,"height":200},"classes":[]},{"id":915,"url":"https:\/\/fliegerblog.rjs.de\/?p=915","url_meta":{"origin":122,"position":2},"title":"Spielen in Arnoldshain","date":"April 18, 2015","format":false,"excerpt":"Die Wetterlage ist seit gestern auf recht knackigen NO-Wind eingefahren. Gestern war Schleppen in Laufenselden angesetzt, aber mir waren die Bedingungen zu heftig. Nachdem ich schon am Donnerstag das Schleppen in Neu-Anspach nicht mitgemacht habe, wollte ich heute zumindest den Schirm rausholen. Das Wetter war einfach zu gut, um nichts\u2026","rel":"","context":"In &quot;Allgemein&quot;","img":{"alt_text":"","src":"","width":0,"height":0},"classes":[]},{"id":984,"url":"https:\/\/fliegerblog.rjs.de\/?p=984","url_meta":{"origin":122,"position":3},"title":"Spatz in der Hand &#8230;","date":"September 12, 2015","format":false,"excerpt":"... statt Traube am Weinstock ;-). F\u00fcr mich gab es heute drei Optionen, die alle ihren Reiz, aber auch ihre Unsicherheit und potentiellen Probleme hatten: Eschbach am SO-Hang Wallertheim an der Winde Reichenbach\u00a0 am S\/SW-Hang Der Wind sollte morgens aus Ost kommen und dann \u00fcber den Vormittag nach SO und\u2026","rel":"","context":"In &quot;Allgemein&quot;","img":{"alt_text":"","src":"","width":0,"height":0},"classes":[]},{"id":1806,"url":"https:\/\/fliegerblog.rjs.de\/?p=1806","url_meta":{"origin":122,"position":4},"title":"Pers\u00f6nlicher H\u00f6henrekord in AH","date":"Mai 29, 2021","format":false,"excerpt":"\u00a0 Ich denke, dass ich gut 2 Jahre nicht mehr in Arnoldshain geflogen bin. Aber da die f\u00fcr heute geplante Er\u00f6ffnung der Schleppsaison bei der Schleppgemeinschaft Rheinhessen kurzfristig wegen dem Anstieg der Corona-Zahlen im Landkreis abgesagt werden musste, bin ich nach Arnoldshain. Im Moment gibt es sowieso kaum Alternativen, weil\u2026","rel":"","context":"\u00c4hnlicher Beitrag","img":{"alt_text":"","src":"https:\/\/i0.wp.com\/1.bp.blogspot.com\/-7BAQ-gzpIE8\/YLJVuThN6sI\/AAAAAAAAGDo\/E4n3kkEpkfcANezO_rqfUT3FCzx_jqePgCLcBGAsYHQ\/w640-h480\/IMG_20210529_132019.jpg?resize=350%2C200&ssl=1","width":350,"height":200},"classes":[]},{"id":876,"url":"https:\/\/fliegerblog.rjs.de\/?p=876","url_meta":{"origin":122,"position":5},"title":"Anfliegen an Neujahr","date":"Januar 1, 2015","format":false,"excerpt":"Das Jahr 2015 war 13,5 Stunden alt und damit gef\u00fchlt schon fast vor\u00fcber, als ich den ersten kleinen Flug f\u00fcr das neue Jahr gemacht habe. Es sah im Vorfeld in den Prognosen f\u00fcr das heutige Neujahr eigentlich ziemlich gut f\u00fcr Reichenbach aus. Es sollte ganz guter Wind aus SW kommen\u2026","rel":"","context":"In &quot;Allgemein&quot;","img":{"alt_text":"","src":"https:\/\/i0.wp.com\/4.bp.blogspot.com\/--DVI4YxnSLM\/VKWFOCI63vI\/AAAAAAAACOU\/UFxys1R-uho\/s1600\/IMG-20150101-WA0001.jpg?resize=350%2C200","width":350,"height":200},"classes":[]}],"_links":{"self":[{"href":"https:\/\/fliegerblog.rjs.de\/index.php?rest_route=\/wp\/v2\/posts\/122","targetHints":{"allow":["GET"]}}],"collection":[{"href":"https:\/\/fliegerblog.rjs.de\/index.php?rest_route=\/wp\/v2\/posts"}],"about":[{"href":"https:\/\/fliegerblog.rjs.de\/index.php?rest_route=\/wp\/v2\/types\/post"}],"author":[{"embeddable":true,"href":"https:\/\/fliegerblog.rjs.de\/index.php?rest_route=\/wp\/v2\/users\/1"}],"replies":[{"embeddable":true,"href":"https:\/\/fliegerblog.rjs.de\/index.php?rest_route=%2Fwp%2Fv2%2Fcomments&post=122"}],"version-history":[{"count":0,"href":"https:\/\/fliegerblog.rjs.de\/index.php?rest_route=\/wp\/v2\/posts\/122\/revisions"}],"wp:attachment":[{"href":"https:\/\/fliegerblog.rjs.de\/index.php?rest_route=%2Fwp%2Fv2%2Fmedia&parent=122"}],"wp:term":[{"taxonomy":"category","embeddable":true,"href":"https:\/\/fliegerblog.rjs.de\/index.php?rest_route=%2Fwp%2Fv2%2Fcategories&post=122"},{"taxonomy":"post_tag","embeddable":true,"href":"https:\/\/fliegerblog.rjs.de\/index.php?rest_route=%2Fwp%2Fv2%2Ftags&post=122"}],"curies":[{"name":"wp","href":"https:\/\/api.w.org\/{rel}","templated":true}]}}