{"id":1219,"date":"2017-01-27T23:23:15","date_gmt":"2017-01-27T23:23:15","guid":{"rendered":"http:\/\/fliegerblog.rjs.de\/?p=1219"},"modified":"2017-01-28T14:24:18","modified_gmt":"2017-01-28T14:24:18","slug":"erfahrung-gemacht","status":"publish","type":"post","link":"https:\/\/fliegerblog.rjs.de\/?p=1219","title":{"rendered":"Erfahrung gemacht"},"content":{"rendered":"<div class=\"separator\" style=\"clear: both; text-align: center;\">\n<a href=\"https:\/\/i0.wp.com\/1.bp.blogspot.com\/-dLMOLG4wkDY\/WIynuiYwipI\/AAAAAAAADRA\/IQdgkrUuPRwDRDa4XyzBgdhS8Zq6wvUcQCLcB\/s1600\/GOPR0828.JPG?ssl=1\" imageanchor=\"1\" style=\"clear: left; float: left; margin-bottom: 1em; margin-right: 1em;\"><img loading=\"lazy\" decoding=\"async\" border=\"0\" height=\"150\" src=\"https:\/\/i0.wp.com\/1.bp.blogspot.com\/-dLMOLG4wkDY\/WIynuiYwipI\/AAAAAAAADRA\/IQdgkrUuPRwDRDa4XyzBgdhS8Zq6wvUcQCLcB\/s200\/GOPR0828.JPG?resize=200%2C150&#038;ssl=1\" width=\"200\" data-recalc-dims=\"1\" \/><\/a><\/div>\n<p>Die letzten beiden Tage ging es in Eschbach wohl sehr gut mit Fliegen. Aber ich konnte am Mittwoch nicht, weil ich Schulung halten musste. Und Donnerstag wollte ich u.a. nicht, da ich am Montag den Kn\u00f6chel verstaucht hatte und noch einen Tag Ruhe halten wollte. So bin ich Freitag hin, obwohl der Wind nur noch schwach vorhergesagt war. Ich habe auf Thermik gehofft, was sich auch nicht als ganz falsch erwies.<\/p>\n<div class=\"separator\" style=\"clear: both; text-align: center;\">\n<a href=\"https:\/\/i0.wp.com\/1.bp.blogspot.com\/-nKakOEgoSV4\/WIypAjIEuvI\/AAAAAAAADRI\/O1nOKgbReXcyAUeLDcnrTL-HdMd_zMWxQCLcB\/s1600\/GOPR0812.JPG?ssl=1\" imageanchor=\"1\" style=\"clear: right; float: right; margin-bottom: 1em; margin-left: 1em;\"><img loading=\"lazy\" decoding=\"async\" border=\"0\" height=\"150\" src=\"https:\/\/i0.wp.com\/1.bp.blogspot.com\/-nKakOEgoSV4\/WIypAjIEuvI\/AAAAAAAADRI\/O1nOKgbReXcyAUeLDcnrTL-HdMd_zMWxQCLcB\/s200\/GOPR0812.JPG?resize=200%2C150&#038;ssl=1\" width=\"200\" data-recalc-dims=\"1\" \/><\/a><\/div>\n<p>Dennoch &#8211; ich werde an bestimmte H\u00e4nge nicht mehr alleine zum Fliegen gehen und bei solchen H\u00e4ngen nicht mehr bei schwachen Windbedingungen fliegen. Das nehme ich von dem Tag als Erfahrung mit.<\/p>\n","protected":false},"excerpt":{"rendered":"<p>Die letzten beiden Tage ging es in Eschbach wohl sehr gut mit Fliegen. Aber ich konnte am Mittwoch nicht, weil ich Schulung halten musste. Und Donnerstag wollte ich u.a. nicht, da ich am Montag den Kn\u00f6chel verstaucht hatte und noch einen Tag Ruhe halten wollte. So bin ich Freitag hin, obwohl der Wind nur noch &hellip; <a href=\"https:\/\/fliegerblog.rjs.de\/?p=1219\" class=\"more-link\"><span class=\"screen-reader-text\">\u201eErfahrung gemacht\u201c<\/span> weiterlesen<\/a><\/p>\n","protected":false},"author":1,"featured_media":0,"comment_status":"open","ping_status":"open","sticky":false,"template":"","format":"standard","meta":{"jetpack_post_was_ever_published":false,"footnotes":"","jetpack_publicize_message":"","jetpack_is_tweetstorm":false,"jetpack_publicize_feature_enabled":true,"jetpack_social_options":[]},"categories":[1],"tags":[],"class_list":["post-1219","post","type-post","status-publish","format-standard","hentry","category-uncategorized"],"jetpack_publicize_connections":[],"jetpack_featured_media_url":"","jetpack_shortlink":"https:\/\/wp.me\/p788kK-jF","jetpack-related-posts":[{"id":1849,"url":"https:\/\/fliegerblog.rjs.de\/?p=1849","url_meta":{"origin":1219,"position":0},"title":"Erstmals in Boos geflogen","date":"September 2, 2021","format":false,"excerpt":"Seit etwa Mai habe ich eine Jahreskarte f\u00fcr 5 H\u00e4nge in der Gegend von Bad Kreuznach, aber ausser in Auen bin ich bisher nach der Einweisung noch nicht dahin gekommen. Da wir leider an einigen meiner Stammh\u00e4nge Stress haben bzw. die im Moment gar nicht genutzt werden k\u00f6nnen, will ich\u2026","rel":"","context":"\u00c4hnlicher Beitrag","img":{"alt_text":"","src":"https:\/\/i0.wp.com\/1.bp.blogspot.com\/-RKydpWKO75k\/YTD3P_bimaI\/AAAAAAAAGS0\/MxI4CVe2INQkUxcJxZKpiOuJOKxQx2CYgCLcBGAsYHQ\/w400-h300\/GOPR9773.JPG?resize=350%2C200&ssl=1","width":350,"height":200},"classes":[]},{"id":1502,"url":"https:\/\/fliegerblog.rjs.de\/?p=1502","url_meta":{"origin":1219,"position":1},"title":"Der Abschluss hat es gerettet","date":"September 28, 2018","format":false,"excerpt":"\u00a0 War ja klar - ich habe endlich mal einige Tage Zeit zum Fliegen und dann passen die Umst\u00e4nde nicht ;-(. Morgen wird das Schleppen mangels Interesse abgesagt und die n\u00e4chsten Tage sind wohl nicht wirklich berauschend hinsichtlich der Flugbedingungen. Aus dem Grund bin ich heute an den MFK, obwohl\u2026","rel":"","context":"\u00c4hnlicher Beitrag","img":{"alt_text":"","src":"https:\/\/i0.wp.com\/2.bp.blogspot.com\/-rdQPPNsTm6E\/W65QlVhICpI\/AAAAAAAAEIE\/TgTr_Mrh_JMu-BoajuQ--uxb0W7u3vUpgCLcBGAs\/s320\/GOPR3932.JPG?resize=350%2C200&ssl=1","width":350,"height":200},"classes":[]},{"id":2091,"url":"https:\/\/fliegerblog.rjs.de\/?p=2091","url_meta":{"origin":1219,"position":2},"title":"50 Minuten","date":"Mai 16, 2024","format":false,"excerpt":"Nach dem Ausfalltag gestern, bei dem au\u00dfer dem Einstellen des Gurtzeugs nichts hinsichtlich Gleitschirm gelaufen ist, hatten alle Prognosen f\u00fcr heute ein gro\u00dfes Regengebiet angek\u00fcndigt. So unterschiedlich die verschiedenen Dienste die Windrichtung und Windst\u00e4rke derzeit vorhersagen - da waren sie sich einig und hatten leider recht. Schon im Bett habe\u2026","rel":"","context":"\u00c4hnlicher Beitrag","img":{"alt_text":"","src":"https:\/\/i0.wp.com\/blogger.googleusercontent.com\/img\/b\/R29vZ2xl\/AVvXsEjBTRZZT13Q4pYCl7hgFh72WHTtTnH6u52O2xewJZlTGpvPS8CVAd7NJS__rJul5KOh4OXHKJAULBta1wy-H-zP6qcEvjfRYcJ_N-Top1dEfv9DaLAe64WEU89dziIDfef6wny84y2tpAgyQuXqyjNET2kL5QJNazuYkRRf65knnkg1bVhNAPWpIpFuN50P\/w640-h298\/WhatsApp%20Image%202024-05-16%20at%2021.07.10.jpeg?resize=350%2C200&ssl=1","width":350,"height":200},"classes":[]},{"id":1355,"url":"https:\/\/fliegerblog.rjs.de\/?p=1355","url_meta":{"origin":1219,"position":3},"title":"Flashmob am Hang","date":"Januar 14, 2018","format":false,"excerpt":"Was war das eine elend lange fluglose Zeit. Ich kann mich nicht entsinnen, dass ich - seit ich fliege - schon einen Winter oder eine andere Zeitspanne im Jahr erlebt habe, in der es solange keine Chance auf Airtime gab. Die ganz, ganz wenigen potentiellen M\u00f6glichkeiten \u00fcberhaupt habe ich verpasst\u2026","rel":"","context":"\u00c4hnlicher Beitrag","img":{"alt_text":"","src":"https:\/\/i0.wp.com\/3.bp.blogspot.com\/-Z-hdM9iAuts\/WluAT1LYhGI\/AAAAAAAADrE\/WGrUkp-DKH8xrusslwElruu97Yx96WwOQCLcBGAs\/s320\/GOPR8074.JPG?resize=350%2C200&ssl=1","width":350,"height":200},"classes":[]},{"id":1467,"url":"https:\/\/fliegerblog.rjs.de\/?p=1467","url_meta":{"origin":1219,"position":4},"title":"Ostwind und Neugier","date":"Juni 30, 2018","format":false,"excerpt":"Zwar legt der Sommer an diesem Wochenende wieder ein rasantes Zwischenspiel mit viel Sonne und extrem hohen Temperaturen ein, aber es gibt auch best\u00e4ndigen Ostwind. Und das ist bei uns in der Gegend immer mau. Das geplante Schleppen in Singhofen heute wurde abgesagt, weil der Wind sowohl quer zur Bahn\u2026","rel":"","context":"\u00c4hnlicher Beitrag","img":{"alt_text":"","src":"https:\/\/i0.wp.com\/3.bp.blogspot.com\/-zNIcIqfNllE\/WzkbyHQwY_I\/AAAAAAAAEAY\/yq7d8A_C_5YxBFC9XpIjA1aI6SiMzUPnwCEwYBhgL\/s640\/WhatsApp%2BImage%2B2018-06-30%2Bat%2B12.14.09.jpeg?resize=350%2C200&ssl=1","width":350,"height":200},"classes":[]},{"id":2041,"url":"https:\/\/fliegerblog.rjs.de\/?p=2041","url_meta":{"origin":1219,"position":5},"title":"Gurtzeug macht Strich durch die Rechnung","date":"Oktober 1, 2023","format":false,"excerpt":"Da war ich heute seit fast 2 Jahren endlich mal wieder bei der Schleppgemeinschaft Rhein-Hessen in Wallertheim und dann konnte ich nicht fliegen, weil mein Gurtzeug gestreikt hat. Das gleiche Problem wie beim D\u00fcnenfliegen in D\u00e4nemark vor ein paar Wochen. Das Gurtzeug hat so ganz fummelige Verschl\u00fcsse, die mit einer\u2026","rel":"","context":"\u00c4hnlicher Beitrag","img":{"alt_text":"","src":"","width":0,"height":0},"classes":[]}],"_links":{"self":[{"href":"https:\/\/fliegerblog.rjs.de\/index.php?rest_route=\/wp\/v2\/posts\/1219","targetHints":{"allow":["GET"]}}],"collection":[{"href":"https:\/\/fliegerblog.rjs.de\/index.php?rest_route=\/wp\/v2\/posts"}],"about":[{"href":"https:\/\/fliegerblog.rjs.de\/index.php?rest_route=\/wp\/v2\/types\/post"}],"author":[{"embeddable":true,"href":"https:\/\/fliegerblog.rjs.de\/index.php?rest_route=\/wp\/v2\/users\/1"}],"replies":[{"embeddable":true,"href":"https:\/\/fliegerblog.rjs.de\/index.php?rest_route=%2Fwp%2Fv2%2Fcomments&post=1219"}],"version-history":[{"count":1,"href":"https:\/\/fliegerblog.rjs.de\/index.php?rest_route=\/wp\/v2\/posts\/1219\/revisions"}],"predecessor-version":[{"id":1220,"href":"https:\/\/fliegerblog.rjs.de\/index.php?rest_route=\/wp\/v2\/posts\/1219\/revisions\/1220"}],"wp:attachment":[{"href":"https:\/\/fliegerblog.rjs.de\/index.php?rest_route=%2Fwp%2Fv2%2Fmedia&parent=1219"}],"wp:term":[{"taxonomy":"category","embeddable":true,"href":"https:\/\/fliegerblog.rjs.de\/index.php?rest_route=%2Fwp%2Fv2%2Fcategories&post=1219"},{"taxonomy":"post_tag","embeddable":true,"href":"https:\/\/fliegerblog.rjs.de\/index.php?rest_route=%2Fwp%2Fv2%2Ftags&post=1219"}],"curies":[{"name":"wp","href":"https:\/\/api.w.org\/{rel}","templated":true}]}}