{"id":1214,"date":"2017-01-01T14:17:22","date_gmt":"2017-01-01T14:17:22","guid":{"rendered":"http:\/\/fliegerblog.rjs.de\/?p=1214"},"modified":"2017-01-01T14:17:22","modified_gmt":"2017-01-01T14:17:22","slug":"neujahrs-anfliegen-2017","status":"publish","type":"post","link":"https:\/\/fliegerblog.rjs.de\/?p=1214","title":{"rendered":"Neujahrs-Anfliegen 2017&#8230;"},"content":{"rendered":"<div class=\"separator\" style=\"clear: both; text-align: center;\">\n<a href=\"https:\/\/i0.wp.com\/3.bp.blogspot.com\/-DfWFLaojf8c\/WGkMlLdr8NI\/AAAAAAAADPk\/adNmltdIVrg97oSnDe5Pebb9LgOxSFxngCLcB\/s1600\/GOPR0280.JPG?ssl=1\" imageanchor=\"1\" style=\"clear: left; float: left; margin-bottom: 1em; margin-right: 1em;\"><img loading=\"lazy\" decoding=\"async\" border=\"0\" height=\"240\" src=\"https:\/\/i0.wp.com\/3.bp.blogspot.com\/-DfWFLaojf8c\/WGkMlLdr8NI\/AAAAAAAADPk\/adNmltdIVrg97oSnDe5Pebb9LgOxSFxngCLcB\/s320\/GOPR0280.JPG?resize=320%2C240&#038;ssl=1\" width=\"320\" data-recalc-dims=\"1\" \/><\/a><\/div>\n<p>&nbsp; &#8230; oder besser &#8222;Anh\u00fcpfen&#8220; 2017.<br \/>\nIch war die letzten Jahre ziemlich oft bereits an Neujahr oder einem der Tage danach am Hang gewesen. So auch heute. <\/p>\n<div class=\"separator\" style=\"clear: both; text-align: center;\">\n<a href=\"https:\/\/i0.wp.com\/1.bp.blogspot.com\/-xsX9J6U-L68\/WGkMqy5jysI\/AAAAAAAADPo\/XVUTObMHYY8fv45p9forhwhduqIQvTjuQCLcB\/s1600\/GOPR0327.JPG?ssl=1\" imageanchor=\"1\" style=\"margin-left: 1em; margin-right: 1em;\"><img loading=\"lazy\" decoding=\"async\" border=\"0\" height=\"480\" src=\"https:\/\/i0.wp.com\/1.bp.blogspot.com\/-xsX9J6U-L68\/WGkMqy5jysI\/AAAAAAAADPo\/XVUTObMHYY8fv45p9forhwhduqIQvTjuQCLcB\/s640\/GOPR0327.JPG?resize=640%2C480&#038;ssl=1\" width=\"640\" data-recalc-dims=\"1\" \/><\/a><\/div>\n<p>Die letzten Tage sind die T\u00e4ler grunds\u00e4tzlich im Nebel versunken, w\u00e4hrend es auf der H\u00f6he immer sonnig war. Bereits unser Hang in Reichenbach lag da grunds\u00e4tzlich in der Sonne und da es heute leichten S\u00fcdwind geben sollte, habe ich darauf gehofft.<br \/>\nSo gegen 12:00 Uhr war ich am Hang. Dabei fand gerade eine ziemlicher Kampf zwischen der Sonne und dem von unten hochziehenden Nebel statt. Mal kam die Sonne durch, mal hat der Nebel gewonnen.Die Front war immer irgendwo auf dem Hang zu finden.<\/p>\n<div class=\"separator\" style=\"clear: both; text-align: center;\">\n<a href=\"https:\/\/i0.wp.com\/2.bp.blogspot.com\/-fxC86SRXG1o\/WGkMsRVYksI\/AAAAAAAADPs\/_TB5IRmth04xNxae1PcEdBwBE5pZEGiswCLcB\/s1600\/Unbenannt.png?ssl=1\" imageanchor=\"1\" style=\"clear: right; float: right; margin-bottom: 1em; margin-left: 1em;\"><img loading=\"lazy\" decoding=\"async\" border=\"0\" height=\"400\" src=\"https:\/\/i0.wp.com\/2.bp.blogspot.com\/-fxC86SRXG1o\/WGkMsRVYksI\/AAAAAAAADPs\/_TB5IRmth04xNxae1PcEdBwBE5pZEGiswCLcB\/s400\/Unbenannt.png?resize=297%2C400&#038;ssl=1\" width=\"297\" data-recalc-dims=\"1\" \/><\/a><\/div>\n<p>Der Wind war dazu zwar nicht stark, aber von der Richtung ganz gut. Von daher ging es ganz gut mit etwas spielen und kleineren Fl\u00fcgen. Nix wirklich Bemerkenswertes, aber ich war an und in der frischen Luft, habe die Birne nach der Silversterfeier frei bekommen und den Schirm gel\u00fcftet. Aber da ich alleine am Hang war und der Nebel dann doch mit der Zeit gewonnen hat, bin ich nach etwa 1,5 Stunden wieder weg. <a href=\"https:\/\/i0.wp.com\/3.bp.blogspot.com\/-VA_by2T6b3M\/WGkMkxRyKGI\/AAAAAAAADPg\/SnATk0X6ooA9awRm14B4Q37LIgOJTdvjwCLcB\/s1600\/GOPR0281.JPG?ssl=1\" imageanchor=\"1\" style=\"clear: left; float: left; margin-bottom: 1em; margin-right: 1em;\"><img loading=\"lazy\" decoding=\"async\" border=\"0\" height=\"240\" src=\"https:\/\/i0.wp.com\/3.bp.blogspot.com\/-VA_by2T6b3M\/WGkMkxRyKGI\/AAAAAAAADPg\/SnATk0X6ooA9awRm14B4Q37LIgOJTdvjwCLcB\/s320\/GOPR0281.JPG?resize=320%2C240&#038;ssl=1\" width=\"320\" data-recalc-dims=\"1\" \/><\/a>Mir war mittlerweile auch ziemlich klamm geworden. <\/p>\n","protected":false},"excerpt":{"rendered":"<p>&nbsp; &#8230; oder besser &#8222;Anh\u00fcpfen&#8220; 2017. Ich war die letzten Jahre ziemlich oft bereits an Neujahr oder einem der Tage danach am Hang gewesen. So auch heute. Die letzten Tage sind die T\u00e4ler grunds\u00e4tzlich im Nebel versunken, w\u00e4hrend es auf der H\u00f6he immer sonnig war. Bereits unser Hang in Reichenbach lag da grunds\u00e4tzlich in der &hellip; <a href=\"https:\/\/fliegerblog.rjs.de\/?p=1214\" class=\"more-link\"><span class=\"screen-reader-text\">\u201eNeujahrs-Anfliegen 2017&#8230;\u201c<\/span> weiterlesen<\/a><\/p>\n","protected":false},"author":1,"featured_media":0,"comment_status":"open","ping_status":"open","sticky":false,"template":"","format":"standard","meta":{"jetpack_post_was_ever_published":false,"footnotes":"","jetpack_publicize_message":"","jetpack_is_tweetstorm":false,"jetpack_publicize_feature_enabled":true,"jetpack_social_options":[]},"categories":[1],"tags":[],"class_list":["post-1214","post","type-post","status-publish","format-standard","hentry","category-uncategorized"],"jetpack_publicize_connections":[],"jetpack_featured_media_url":"","jetpack_shortlink":"https:\/\/wp.me\/p788kK-jA","jetpack-related-posts":[{"id":1174,"url":"https:\/\/fliegerblog.rjs.de\/?p=1174","url_meta":{"origin":1214,"position":0},"title":"Alternativen ausprobiert","date":"August 21, 2016","format":false,"excerpt":"Ich war die letzten Tage auf Familienurlaub in Bornholm und dort habe ich mal Kiten ausprobiert. Gilt ja als perfekte Alternative zum Gleitschirmfliegen, wenn man entweder ohne Gleitschirm am Strand oder der Wind kr\u00e4ftiger ist. Ich hatte mit meinen Kidds einen Tageskurs gebucht. Die k\u00f6nnen surfen, mir ist der Umgang\u2026","rel":"","context":"\u00c4hnlicher Beitrag","img":{"alt_text":"","src":"https:\/\/i0.wp.com\/3.bp.blogspot.com\/-j1r2NCPDPUk\/V7lGpP-lWxI\/AAAAAAAADGA\/DzE3yVa1Etc7p95Y9I4mGz6eOPeREuyTgCLcB\/s320\/DSC02401.JPG?resize=350%2C200&ssl=1","width":350,"height":200},"classes":[]},{"id":1601,"url":"https:\/\/fliegerblog.rjs.de\/?p=1601","url_meta":{"origin":1214,"position":1},"title":"GFT, SGRH oder MF?","date":"Mai 25, 2019","format":false,"excerpt":"Heute gab es f\u00fcr mich wieder einmal mehrer Optionen, wo es zum Fliegen hingehen sollte. Erstmal hat sich die grunds\u00e4tzliche Frage gestellt, ob an den Hang (MF) oder zum Schleppen? Und beim Schleppen nach Singhofen oder Wallertheim? F\u00fcr alle Optionen gab es f\u00fcr mich gute Argumente, aber auch alle drei\u2026","rel":"","context":"\u00c4hnlicher Beitrag","img":{"alt_text":"","src":"https:\/\/i0.wp.com\/1.bp.blogspot.com\/--vFR0Y-JY8I\/XOljmbyVS3I\/AAAAAAAAEyU\/SoDU1V6JuWAA0GpAnLnLa1tNSFaC_UkFQCEwYBhgL\/s320\/GOPR8515.JPG?resize=350%2C200&ssl=1","width":350,"height":200},"classes":[]},{"id":1573,"url":"https:\/\/fliegerblog.rjs.de\/?p=1573","url_meta":{"origin":1214,"position":2},"title":"Der Start in die Windensaison 2019","date":"M\u00e4rz 28, 2019","format":false,"excerpt":"Eigentlich sollte letzten Samstag schon mein Start in die 2019-er-Windensaison in Singhofen erfolgen. Aber vor Ort waren die Bedingungen so mau, dass das Schleppen nicht stattfinden konnte und ich an den Hang gegangen war. Aber gestern kam kurzfristg die Ank\u00fcndigung von den Wehrheimer Gleitschirmfliegern rein, dass heute in Obernhain\/Neu-Anspach geschleppt\u2026","rel":"","context":"\u00c4hnlicher Beitrag","img":{"alt_text":"","src":"https:\/\/i0.wp.com\/4.bp.blogspot.com\/-c-MBGeKljjA\/XJ0NXfnjDhI\/AAAAAAAAEko\/y2O0qYaoz_c7DIBm3sLDtRZp5o-ZNv9iACLcBGAs\/s320\/GOPR6709.JPG?resize=350%2C200&ssl=1","width":350,"height":200},"classes":[]},{"id":682,"url":"https:\/\/fliegerblog.rjs.de\/?p=682","url_meta":{"origin":1214,"position":3},"title":"Ruppig","date":"Juli 19, 2013","format":false,"excerpt":"Musste heute an der Hochschule RheinMain in Wiesbaden die Semesterabschlusspr\u00fcfung bei meinen Studenten abnehmen und war da gegen 13:45 Uhr fertig. Von daher hat es sich angeboten an Laufenselden weiterzufahren, denn es sollte bei den Gleitschirmfreunden wieder geschleppt werden. Allerdings versprachen die Prognosen vom DWD bei strahlendem Sonnenschein und gut\u2026","rel":"","context":"In &quot;Allgemein&quot;","img":{"alt_text":"","src":"","width":0,"height":0},"classes":[]},{"id":2097,"url":"https:\/\/fliegerblog.rjs.de\/?p=2097","url_meta":{"origin":1214,"position":4},"title":"Retur &#038; Fazit","date":"Mai 19, 2024","format":false,"excerpt":"Ich bin heute aus Zoutelande zur\u00fcckgefahren und habe vorhin im Hof meine beiden Schirme mehr oder weniger entsandet. Die Woche war wirklich sch\u00f6n und wir hatten over all ziemlich Gl\u00fcck mit Wind und Wetter. Ich bin in der Woche 7x an der gro\u00dfen D\u00fcne geflogen. Auch wenn am Montag drei\u2026","rel":"","context":"\u00c4hnlicher Beitrag","img":{"alt_text":"","src":"https:\/\/i0.wp.com\/blogger.googleusercontent.com\/img\/b\/R29vZ2xl\/AVvXsEg2btvcBWP1bm0RUG56AYC-9BgxmArPGBpWqik4usdm1d1CuG0rYZTUFdRb9Ut8l-jK82QlBR6sbZuHJw1fMedvWxuz2XMWAiHbqLtVLx1S6lop8OhYv7lF1vWXktbPU6wXv_ONYWRiYRiHXTGF7-IJ6xqA9CjGshjCIuVp7BunH4lgg7diJzwGgq2baELI\/w300-h400\/WhatsApp%20Image%202024-05-19%20at%2019.10.06.jpeg?resize=350%2C200&ssl=1","width":350,"height":200},"classes":[]},{"id":2021,"url":"https:\/\/fliegerblog.rjs.de\/?p=2021","url_meta":{"origin":1214,"position":5},"title":"Im morgendlichen Sonnenaufgang mit M\u00f6ven fliegen","date":"Juli 27, 2023","format":false,"excerpt":"Gestern war der erste fliegerische Totalausfall der Flugreise nach D\u00e4nemark, aber heute morgen daf\u00fcr der Tag der Tage f\u00fcr mich. Um 5 Uhr aufgestanden und um 6 Uhr in der Luft gewesen. Bis 8:15 Uhr nur zweimal kurz den Boden ber\u00fchrt und mit den M\u00f6ven die D\u00fcnen entlang gesoart. Das\u2026","rel":"","context":"\u00c4hnlicher Beitrag","img":{"alt_text":"","src":"https:\/\/i0.wp.com\/blogger.googleusercontent.com\/img\/b\/R29vZ2xl\/AVvXsEjdBn-c8iMfkX7jEie6gUs8T5mFRTWbBReZ0tKwEpCw2x9sIDpbF9AleKTDXuEDwutYJm6tF6kCgc9kJEdBe8PXL1_kA6b6rptRa6qxWD5fobJ_7XuXK4OSs54uQUTNZ07V4bN86gFzVWeoISpnMoBoML7FdjW9LQAqU1E2j-Y6qFOZ0y9m1cjw7fDGIpQW\/w400-h300\/20230727_055300.jpg?resize=350%2C200&ssl=1","width":350,"height":200},"classes":[]}],"_links":{"self":[{"href":"https:\/\/fliegerblog.rjs.de\/index.php?rest_route=\/wp\/v2\/posts\/1214","targetHints":{"allow":["GET"]}}],"collection":[{"href":"https:\/\/fliegerblog.rjs.de\/index.php?rest_route=\/wp\/v2\/posts"}],"about":[{"href":"https:\/\/fliegerblog.rjs.de\/index.php?rest_route=\/wp\/v2\/types\/post"}],"author":[{"embeddable":true,"href":"https:\/\/fliegerblog.rjs.de\/index.php?rest_route=\/wp\/v2\/users\/1"}],"replies":[{"embeddable":true,"href":"https:\/\/fliegerblog.rjs.de\/index.php?rest_route=%2Fwp%2Fv2%2Fcomments&post=1214"}],"version-history":[{"count":1,"href":"https:\/\/fliegerblog.rjs.de\/index.php?rest_route=\/wp\/v2\/posts\/1214\/revisions"}],"predecessor-version":[{"id":1215,"href":"https:\/\/fliegerblog.rjs.de\/index.php?rest_route=\/wp\/v2\/posts\/1214\/revisions\/1215"}],"wp:attachment":[{"href":"https:\/\/fliegerblog.rjs.de\/index.php?rest_route=%2Fwp%2Fv2%2Fmedia&parent=1214"}],"wp:term":[{"taxonomy":"category","embeddable":true,"href":"https:\/\/fliegerblog.rjs.de\/index.php?rest_route=%2Fwp%2Fv2%2Fcategories&post=1214"},{"taxonomy":"post_tag","embeddable":true,"href":"https:\/\/fliegerblog.rjs.de\/index.php?rest_route=%2Fwp%2Fv2%2Ftags&post=1214"}],"curies":[{"name":"wp","href":"https:\/\/api.w.org\/{rel}","templated":true}]}}