{"id":1207,"date":"2016-11-27T19:47:11","date_gmt":"2016-11-27T19:47:11","guid":{"rendered":"http:\/\/fliegerblog.rjs.de\/?p=1207"},"modified":"2016-11-27T19:53:56","modified_gmt":"2016-11-27T19:53:56","slug":"erst-pfui-dann-aber-hui","status":"publish","type":"post","link":"https:\/\/fliegerblog.rjs.de\/?p=1207","title":{"rendered":"Erst pfui, dann aber hui"},"content":{"rendered":"<div class=\"separator\" style=\"clear: both; text-align: center;\">\n<a href=\"https:\/\/i0.wp.com\/2.bp.blogspot.com\/-sM7v-OqkVPo\/WDsz4DmQ7yI\/AAAAAAAADOM\/HnSfEgMhW4gyJWfux3KJZtaTSmEul4SIwCLcB\/s1600\/GOPR9747.JPG?ssl=1\" imageanchor=\"1\" style=\"clear: left; float: left; margin-bottom: 1em; margin-right: 1em;\"><img loading=\"lazy\" decoding=\"async\" border=\"0\" height=\"240\" src=\"https:\/\/i0.wp.com\/2.bp.blogspot.com\/-sM7v-OqkVPo\/WDsz4DmQ7yI\/AAAAAAAADOM\/HnSfEgMhW4gyJWfux3KJZtaTSmEul4SIwCLcB\/s320\/GOPR9747.JPG?resize=320%2C240&#038;ssl=1\" width=\"320\" data-recalc-dims=\"1\" \/><\/a><\/div>\n<p>Ich war schon eine gef\u00fchlte Ewigkeit nicht mehr am MFK. Muss irgendwann im Sommer gewesen sein. Dieses Jahr gab es verdammt selten Nordwind.<br \/>\n<\/p>\n<div class=\"separator\" style=\"clear: both; text-align: center;\">\n<a href=\"https:\/\/i0.wp.com\/4.bp.blogspot.com\/-S6peNWl6xRA\/WDsz318AFdI\/AAAAAAAADOI\/26Bc7SOJu3MeY3i97wVW_PHml57DCpzSQCLcB\/s1600\/GOPR9767.JPG?ssl=1\" imageanchor=\"1\" style=\"clear: right; float: right; margin-bottom: 1em; margin-left: 1em;\"><img loading=\"lazy\" decoding=\"async\" border=\"0\" height=\"240\" src=\"https:\/\/i0.wp.com\/4.bp.blogspot.com\/-S6peNWl6xRA\/WDsz318AFdI\/AAAAAAAADOI\/26Bc7SOJu3MeY3i97wVW_PHml57DCpzSQCLcB\/s320\/GOPR9767.JPG?resize=320%2C240&#038;ssl=1\" width=\"320\" data-recalc-dims=\"1\" \/><\/a><\/div>\n<p>Heute war es mal wieder passend. Ich hatte mir aufgrund der Prognosen ausgerechnet, dass es von 11:00 bis maximal 15:00 Uhr passen k\u00f6nnte. Die Vorhersagen waren zwar schwach, aber am Hang sieht es ja immer anders aus. Um 11 Uhr war ich als erste Flieger am Hang, aber kurz drauf kam der zweite Flieger. Der Wind kam etwas zu weit aus West und war wirklich schwach, die Luft tr\u00fcbe, aber es hat dennoch auf der unteren Wiese ganz brauchbar getragen. Allerdings nur so, dass Abgleiter gingen.<br \/>\n<\/p>\n<div class=\"separator\" style=\"clear: both; text-align: center;\">\n<a href=\"https:\/\/i0.wp.com\/3.bp.blogspot.com\/-0kKxkhLhgVA\/WDsz3KrcSOI\/AAAAAAAADOE\/ThAUr7ypWoQzltRWVaxUTgENDYfthH6EwCLcB\/s1600\/GOPR9768.JPG?ssl=1\" imageanchor=\"1\" style=\"clear: left; float: left; margin-bottom: 1em; margin-right: 1em;\"><img loading=\"lazy\" decoding=\"async\" border=\"0\" height=\"240\" src=\"https:\/\/i0.wp.com\/3.bp.blogspot.com\/-0kKxkhLhgVA\/WDsz3KrcSOI\/AAAAAAAADOE\/ThAUr7ypWoQzltRWVaxUTgENDYfthH6EwCLcB\/s320\/GOPR9768.JPG?resize=320%2C240&#038;ssl=1\" width=\"320\" data-recalc-dims=\"1\" \/><\/a><\/div>\n<p>Gegen 12:00 Uhr hatte der Wind dann kurzfristig aufgefrischt, weil ein kleiner Schauer im Anzug war. Wir sind dennoch vor der &#8222;Front&#8220; zu 2. raus und es ging auch erst ganz nett zu fliegen. Aber dann wurde es rasant bockig. Das war mir zu mullmig, aber wir hatten sogar richtig M\u00fche runter zu kommen. Aber der kleine Schauer ist sowieso an uns vorbei gezogen und war schnell vor\u00fcber.<\/p>\n<div class=\"separator\" style=\"clear: both; text-align: center;\">\n<a href=\"https:\/\/i0.wp.com\/3.bp.blogspot.com\/-i8XHSm_tbZg\/WDs0DfVFwgI\/AAAAAAAADOY\/DYZlI8ysOFQeih1zkzFZen11XYUB5j-XACLcB\/s1600\/GOPR9773.JPG?ssl=1\" imageanchor=\"1\" style=\"clear: right; float: right; margin-bottom: 1em; margin-left: 1em;\"><img loading=\"lazy\" decoding=\"async\" border=\"0\" height=\"240\" src=\"https:\/\/i0.wp.com\/3.bp.blogspot.com\/-i8XHSm_tbZg\/WDs0DfVFwgI\/AAAAAAAADOY\/DYZlI8ysOFQeih1zkzFZen11XYUB5j-XACLcB\/s320\/GOPR9773.JPG?resize=320%2C240&#038;ssl=1\" width=\"320\" data-recalc-dims=\"1\" \/><\/a><\/div>\n<p>\u00dcber die n\u00e4chsten zwei Stunden wurde es dann auch recht belebt am Hang &#8211; over all waren den Nachmittag gut 10 Flieger da.<br \/>\n<\/p>\n<div class=\"separator\" style=\"clear: both; text-align: center;\">\n<a href=\"https:\/\/i0.wp.com\/1.bp.blogspot.com\/-ZiGgDUBOeSE\/WDs0DAg-orI\/AAAAAAAADOU\/knRDxl7xBo0AyTfjCDBH_f25GtucmsfPQCLcB\/s1600\/GOPR9837.JPG?ssl=1\" imageanchor=\"1\" style=\"clear: left; float: left; margin-bottom: 1em; margin-right: 1em;\"><img loading=\"lazy\" decoding=\"async\" border=\"0\" height=\"240\" src=\"https:\/\/i0.wp.com\/1.bp.blogspot.com\/-ZiGgDUBOeSE\/WDs0DAg-orI\/AAAAAAAADOU\/knRDxl7xBo0AyTfjCDBH_f25GtucmsfPQCLcB\/s320\/GOPR9837.JPG?resize=320%2C240&#038;ssl=1\" width=\"320\" data-recalc-dims=\"1\" \/><\/a><\/div>\n<p>Im Anschluss an die kleine &#8222;Front-Explosion&#8220; wurde der Wind wieder schw\u00e4cher und nur die leichten Knaben konnten sich halbwegs halten. Bei mir gab es wieder nur verl\u00e4ngerte Abgleiter. Ich wollte den Tag schon mit dem Satz &#8222;Hauptsache, man kommt im November \u00fcberhaupt mal raus&#8220; abharken.<br \/>\n<\/p>\n<div class=\"separator\" style=\"clear: both; text-align: center;\">\n<a href=\"https:\/\/i0.wp.com\/3.bp.blogspot.com\/-VJ8YbYCfF0s\/WDs0CH4EtVI\/AAAAAAAADOQ\/zWn8HyMlTn0kkrlTlHX5BoKsYDIj3j9VwCLcB\/s1600\/GOPR9848.JPG?ssl=1\" imageanchor=\"1\" style=\"clear: right; float: right; margin-bottom: 1em; margin-left: 1em;\"><img loading=\"lazy\" decoding=\"async\" border=\"0\" height=\"240\" src=\"https:\/\/i0.wp.com\/3.bp.blogspot.com\/-VJ8YbYCfF0s\/WDs0CH4EtVI\/AAAAAAAADOQ\/zWn8HyMlTn0kkrlTlHX5BoKsYDIj3j9VwCLcB\/s320\/GOPR9848.JPG?resize=320%2C240&#038;ssl=1\" width=\"320\" data-recalc-dims=\"1\" \/><\/a><\/div>\n<p>Doch dann wurden die Bedingungen gegen 14 Uhr noch richtig gut. Sonne kam raus, der Wind ist voll auf Nord gegangen und hatte auch an St\u00e4rke zugenommen. Das waren dann von einem Moment auf den anderen genau die Bedingungen, die man am MFK braucht. Starten wo man will und auch schwere Leute wie ich konnten \u00fcber die B\u00e4ume gehen. Bezeichnender Weise war mein letzter Flug der Tagesbeste f\u00fcr mich. Da konnte ich deutlich den Startplatz \u00fcberh\u00f6hen und rechts \u00fcber die B\u00e4ume gehen. Nat\u00fcrlich hatte ich da die Kamera schon nicht mehr an ;-(. <\/p>\n<div class=\"separator\" style=\"clear: both; text-align: center;\">\n<a href=\"https:\/\/i0.wp.com\/1.bp.blogspot.com\/-4FWsJuuLVyY\/WDs0GUpF08I\/AAAAAAAADOc\/zPJI4oN_on0HtcWtxsv2tr_IJPzznwsQACLcB\/s1600\/GOPR9850.JPG?ssl=1\" imageanchor=\"1\" style=\"clear: left; float: left; margin-bottom: 1em; margin-right: 1em;\"><img loading=\"lazy\" decoding=\"async\" border=\"0\" height=\"240\" src=\"https:\/\/i0.wp.com\/1.bp.blogspot.com\/-4FWsJuuLVyY\/WDs0GUpF08I\/AAAAAAAADOc\/zPJI4oN_on0HtcWtxsv2tr_IJPzznwsQACLcB\/s320\/GOPR9850.JPG?resize=320%2C240&#038;ssl=1\" width=\"320\" data-recalc-dims=\"1\" \/><\/a><\/div>\n<p>Um 15:30 Uhr bin ich aber dennoch vom Hang weg, denn ich musste\/wollte das Handballspiel meiner Kidds nicht verpassen.<br \/>\nIch denke aber, dass danach auch der Wind wie angek\u00fcndigt eingeschlafen ist. Denn die Windr\u00e4der haben bereits beim Zur\u00fcckgehen zum Auto gestanden und auch auf der R\u00fcckfahrt habe ich kein Windrad mehr gesehen, dass sich noch gedreht hat.<\/p>\n","protected":false},"excerpt":{"rendered":"<p>Ich war schon eine gef\u00fchlte Ewigkeit nicht mehr am MFK. Muss irgendwann im Sommer gewesen sein. Dieses Jahr gab es verdammt selten Nordwind. Heute war es mal wieder passend. Ich hatte mir aufgrund der Prognosen ausgerechnet, dass es von 11:00 bis maximal 15:00 Uhr passen k\u00f6nnte. Die Vorhersagen waren zwar schwach, aber am Hang sieht &hellip; <a href=\"https:\/\/fliegerblog.rjs.de\/?p=1207\" class=\"more-link\"><span class=\"screen-reader-text\">\u201eErst pfui, dann aber hui\u201c<\/span> weiterlesen<\/a><\/p>\n","protected":false},"author":1,"featured_media":0,"comment_status":"open","ping_status":"open","sticky":false,"template":"","format":"standard","meta":{"jetpack_post_was_ever_published":false,"footnotes":"","jetpack_publicize_message":"","jetpack_is_tweetstorm":false,"jetpack_publicize_feature_enabled":true,"jetpack_social_options":[]},"categories":[1],"tags":[],"class_list":["post-1207","post","type-post","status-publish","format-standard","hentry","category-uncategorized"],"jetpack_publicize_connections":[],"jetpack_featured_media_url":"","jetpack_shortlink":"https:\/\/wp.me\/p788kK-jt","jetpack-related-posts":[],"_links":{"self":[{"href":"https:\/\/fliegerblog.rjs.de\/index.php?rest_route=\/wp\/v2\/posts\/1207","targetHints":{"allow":["GET"]}}],"collection":[{"href":"https:\/\/fliegerblog.rjs.de\/index.php?rest_route=\/wp\/v2\/posts"}],"about":[{"href":"https:\/\/fliegerblog.rjs.de\/index.php?rest_route=\/wp\/v2\/types\/post"}],"author":[{"embeddable":true,"href":"https:\/\/fliegerblog.rjs.de\/index.php?rest_route=\/wp\/v2\/users\/1"}],"replies":[{"embeddable":true,"href":"https:\/\/fliegerblog.rjs.de\/index.php?rest_route=%2Fwp%2Fv2%2Fcomments&post=1207"}],"version-history":[{"count":2,"href":"https:\/\/fliegerblog.rjs.de\/index.php?rest_route=\/wp\/v2\/posts\/1207\/revisions"}],"predecessor-version":[{"id":1209,"href":"https:\/\/fliegerblog.rjs.de\/index.php?rest_route=\/wp\/v2\/posts\/1207\/revisions\/1209"}],"wp:attachment":[{"href":"https:\/\/fliegerblog.rjs.de\/index.php?rest_route=%2Fwp%2Fv2%2Fmedia&parent=1207"}],"wp:term":[{"taxonomy":"category","embeddable":true,"href":"https:\/\/fliegerblog.rjs.de\/index.php?rest_route=%2Fwp%2Fv2%2Fcategories&post=1207"},{"taxonomy":"post_tag","embeddable":true,"href":"https:\/\/fliegerblog.rjs.de\/index.php?rest_route=%2Fwp%2Fv2%2Ftags&post=1207"}],"curies":[{"name":"wp","href":"https:\/\/api.w.org\/{rel}","templated":true}]}}