{"id":1202,"date":"2016-11-13T16:20:19","date_gmt":"2016-11-13T16:20:19","guid":{"rendered":"http:\/\/fliegerblog.rjs.de\/?p=1202"},"modified":"2016-11-13T16:20:19","modified_gmt":"2016-11-13T16:20:19","slug":"fuer-november-ungewoehlich-schoener-flugnachmittag","status":"publish","type":"post","link":"https:\/\/fliegerblog.rjs.de\/?p=1202","title":{"rendered":"F\u00fcr November ungew\u00f6hlich sch\u00f6ner Flugnachmittag"},"content":{"rendered":"<div class=\"separator\" style=\"clear: both; text-align: center;\">\n<a href=\"https:\/\/i0.wp.com\/4.bp.blogspot.com\/-Deo7d8XMw5M\/WCiO8IxWMWI\/AAAAAAAADL8\/ycyLff8OmqEUTQ5mfkelHjKxziGQC0BFgCLcB\/s1600\/GOPR9447.JPG?ssl=1\" imageanchor=\"1\" style=\"clear: left; float: left; margin-bottom: 1em; margin-right: 1em;\"><img loading=\"lazy\" decoding=\"async\" border=\"0\" height=\"240\" src=\"https:\/\/i0.wp.com\/4.bp.blogspot.com\/-Deo7d8XMw5M\/WCiO8IxWMWI\/AAAAAAAADL8\/ycyLff8OmqEUTQ5mfkelHjKxziGQC0BFgCLcB\/s320\/GOPR9447.JPG?resize=320%2C240&#038;ssl=1\" width=\"320\" data-recalc-dims=\"1\" \/><\/a><\/div>\n<p>Flugtechnisch ist im Moment wie \u00fcblich &#8222;Sauere Gurken-Zeit&#8220;. Gestern hatte ich eine kleine Chance auf Airtime gesehen und zu meinen anderen Terminen im Taunus zur Sicherheit den Schirm ins Auto gelegt. Aber der Wind war dann so schwach, dass ich lieber auf einer meiner ehemaligen Hausstrecken in Eppstein joggen gegangen bin.<br \/>\n<\/p>\n<div class=\"separator\" style=\"clear: both; text-align: center;\">\n<a href=\"https:\/\/i0.wp.com\/2.bp.blogspot.com\/-RWt4abHoKSU\/WCiO7ZsmdMI\/AAAAAAAADL0\/rTqgz_ln6NEF06z1KRp8M9mg9P62n7x8ACLcB\/s1600\/GOPR9460.JPG?ssl=1\" imageanchor=\"1\" style=\"clear: left; float: left; margin-bottom: 1em; margin-right: 1em;\"><img loading=\"lazy\" decoding=\"async\" border=\"0\" height=\"240\" src=\"https:\/\/i0.wp.com\/2.bp.blogspot.com\/-RWt4abHoKSU\/WCiO7ZsmdMI\/AAAAAAAADL0\/rTqgz_ln6NEF06z1KRp8M9mg9P62n7x8ACLcB\/s320\/GOPR9460.JPG?resize=320%2C240&#038;ssl=1\" width=\"320\" data-recalc-dims=\"1\" \/><\/a><\/div>\n<p>F\u00fcr heute sah es nach meiner Meinung mau aus und ich hatte eigentlich wieder ein Wochenende flugtechnisch abgeharkt.<br \/>\n<\/p>\n<div class=\"separator\" style=\"clear: both; text-align: center;\">\n<a href=\"https:\/\/i0.wp.com\/3.bp.blogspot.com\/-8ny8A6_gQxc\/WCiO7lKnJ7I\/AAAAAAAADL4\/S_B8KFzVicgurfGrGBa6WnJvU78sY0cbgCLcB\/s1600\/GOPR9462.JPG?ssl=1\" imageanchor=\"1\" style=\"clear: right; float: right; margin-bottom: 1em; margin-left: 1em;\"><img loading=\"lazy\" decoding=\"async\" border=\"0\" height=\"240\" src=\"https:\/\/i0.wp.com\/3.bp.blogspot.com\/-8ny8A6_gQxc\/WCiO7lKnJ7I\/AAAAAAAADL4\/S_B8KFzVicgurfGrGBa6WnJvU78sY0cbgCLcB\/s320\/GOPR9462.JPG?resize=320%2C240&#038;ssl=1\" width=\"320\" data-recalc-dims=\"1\" \/><\/a><\/div>\n<p>Nur als ich heute morgen mehr oder weniger nebenbei die Windmesswerte und Prognosen im Internet gecheckt habe, habe ich mich kurzentschlossen doch zu einem Versuch in Eschbach entschieden.<br \/>\n<\/p>\n<div class=\"separator\" style=\"clear: both; text-align: center;\">\n<a href=\"https:\/\/i0.wp.com\/1.bp.blogspot.com\/-TOs_IggiBAI\/WCiPHskFu_I\/AAAAAAAADME\/VaDOBS401BsFDGRxH_76qRqo9j45ba29QCLcB\/s1600\/GOPR9464.JPG?ssl=1\" imageanchor=\"1\" style=\"clear: left; float: left; margin-bottom: 1em; margin-right: 1em;\"><img loading=\"lazy\" decoding=\"async\" border=\"0\" height=\"240\" src=\"https:\/\/i0.wp.com\/1.bp.blogspot.com\/-TOs_IggiBAI\/WCiPHskFu_I\/AAAAAAAADME\/VaDOBS401BsFDGRxH_76qRqo9j45ba29QCLcB\/s320\/GOPR9464.JPG?resize=320%2C240&#038;ssl=1\" width=\"320\" data-recalc-dims=\"1\" \/><\/a><\/div>\n<p>11:00 Uhr war ich am Hang. Die Windrichtung war perfekt, aber die Windst\u00e4rke etwas wenig. Die leichten Knaben mit den Superschirmen kamen schon \u00fcber die B\u00e4ume, aber f\u00fcr schwere Jungs wie mich war das etwas wenig Wind. Zumindest konnte ich problemlos vor der Kante hin und zur\u00fcck fliegen.<br \/>\n<\/p>\n<div class=\"separator\" style=\"clear: both; text-align: center;\">\n<a href=\"https:\/\/i0.wp.com\/3.bp.blogspot.com\/-q3EJQc5CyOo\/WCiPFUWCjPI\/AAAAAAAADMA\/s5p3YHZq0c8hh2e9hHaXtRwX_n13j5KkACLcB\/s1600\/GOPR9474.JPG?ssl=1\" imageanchor=\"1\" style=\"clear: left; float: left; margin-bottom: 1em; margin-right: 1em;\"><img loading=\"lazy\" decoding=\"async\" border=\"0\" height=\"240\" src=\"https:\/\/i0.wp.com\/3.bp.blogspot.com\/-q3EJQc5CyOo\/WCiPFUWCjPI\/AAAAAAAADMA\/s5p3YHZq0c8hh2e9hHaXtRwX_n13j5KkACLcB\/s320\/GOPR9474.JPG?resize=320%2C240&#038;ssl=1\" width=\"320\" data-recalc-dims=\"1\" \/><\/a><\/div>\n<p>Und \u00fcber den Nachmittag habe ich es dann doch 4 &#8211; 5x geschafft mich jeweils eine ganze Weile richtig zu halten und \u00fcber die B\u00e4ume zu gehen. Wobei es teilweise verdammt eng vor der Kante wurden &#8211; war halt Sonntag und dann ist wie \u00fcblich an dem Hang viel Verkehr in der Luft.<\/p>\n<div class=\"separator\" style=\"clear: both; text-align: center;\">\n<a href=\"https:\/\/i0.wp.com\/4.bp.blogspot.com\/-q051kLgKGg4\/WCiPKK_FqpI\/AAAAAAAADMI\/bzQ_RXAjGc02sAv-zWvpDpgBwoTdcFylgCLcB\/s1600\/GOPR9476.JPG?ssl=1\" imageanchor=\"1\" style=\"clear: right; float: right; margin-bottom: 1em; margin-left: 1em;\"><img loading=\"lazy\" decoding=\"async\" border=\"0\" height=\"240\" src=\"https:\/\/i0.wp.com\/4.bp.blogspot.com\/-q051kLgKGg4\/WCiPKK_FqpI\/AAAAAAAADMI\/bzQ_RXAjGc02sAv-zWvpDpgBwoTdcFylgCLcB\/s320\/GOPR9476.JPG?resize=320%2C240&#038;ssl=1\" width=\"320\" data-recalc-dims=\"1\" \/><\/a><\/div>\n<p>Obwohl es heute ein richtiges Kratzen auf der letzten Rille war, war es f\u00fcr November ein sch\u00f6ner Flugnachmittag &#8211; zudem zeitweise mit Sonne, was in der Jahrezeits auch nicht zu verachten ist.<br \/>\n<\/p>\n<div class=\"separator\" style=\"clear: both; text-align: center;\">\n<a href=\"https:\/\/i0.wp.com\/1.bp.blogspot.com\/-kKdeAaF4FR8\/WCiPMma86OI\/AAAAAAAADMM\/nbpCoqF6KfYThgKd8mO4y4U88QIbCxLcgCLcB\/s1600\/GOPR9512.JPG?ssl=1\" imageanchor=\"1\" style=\"clear: left; float: left; margin-bottom: 1em; margin-right: 1em;\"><img loading=\"lazy\" decoding=\"async\" border=\"0\" height=\"240\" src=\"https:\/\/i0.wp.com\/1.bp.blogspot.com\/-kKdeAaF4FR8\/WCiPMma86OI\/AAAAAAAADMM\/nbpCoqF6KfYThgKd8mO4y4U88QIbCxLcgCLcB\/s320\/GOPR9512.JPG?resize=320%2C240&#038;ssl=1\" width=\"320\" data-recalc-dims=\"1\" \/><\/a><\/div>\n<p>15:00 Uhr bin ich heim. Ich denke nicht, dass es danach noch gut gegangen ist, obwohl es immer noch ziemlich voll am Hang war.<\/p>\n","protected":false},"excerpt":{"rendered":"<p>Flugtechnisch ist im Moment wie \u00fcblich &#8222;Sauere Gurken-Zeit&#8220;. Gestern hatte ich eine kleine Chance auf Airtime gesehen und zu meinen anderen Terminen im Taunus zur Sicherheit den Schirm ins Auto gelegt. Aber der Wind war dann so schwach, dass ich lieber auf einer meiner ehemaligen Hausstrecken in Eppstein joggen gegangen bin. F\u00fcr heute sah es &hellip; <a href=\"https:\/\/fliegerblog.rjs.de\/?p=1202\" class=\"more-link\"><span class=\"screen-reader-text\">\u201eF\u00fcr November ungew\u00f6hlich sch\u00f6ner Flugnachmittag\u201c<\/span> weiterlesen<\/a><\/p>\n","protected":false},"author":1,"featured_media":0,"comment_status":"open","ping_status":"open","sticky":false,"template":"","format":"standard","meta":{"jetpack_post_was_ever_published":false,"footnotes":"","jetpack_publicize_message":"","jetpack_is_tweetstorm":false,"jetpack_publicize_feature_enabled":true,"jetpack_social_options":[]},"categories":[1],"tags":[],"class_list":["post-1202","post","type-post","status-publish","format-standard","hentry","category-uncategorized"],"jetpack_publicize_connections":[],"jetpack_featured_media_url":"","jetpack_shortlink":"https:\/\/wp.me\/p788kK-jo","jetpack-related-posts":[{"id":2046,"url":"https:\/\/fliegerblog.rjs.de\/?p=2046","url_meta":{"origin":1202,"position":0},"title":"Moppedtour zu Kurzschlepps","date":"Oktober 8, 2023","format":false,"excerpt":"Ich werde mein Gurtzeug wohl doch zur Reperatur einschicken. Meine Ideen funktionieren bisher nicht wirklich. Von daher hatte ich das Wochenende nicht mit Schleppen auf dem Schirm (Wortspiel). Stattdessen war eine kleine Tour mit dem Mopped geplant. Aber die Windenschleppgemeinschaft Rhein-Hessen hatte f\u00fcr heute in Wallertheim Ausbildlungsfl\u00fcge f\u00fcr den neuen\u2026","rel":"","context":"\u00c4hnlicher Beitrag","img":{"alt_text":"","src":"","width":0,"height":0},"classes":[]},{"id":1820,"url":"https:\/\/fliegerblog.rjs.de\/?p=1820","url_meta":{"origin":1202,"position":1},"title":"Halbwegs gem\u00fctliches Einfliegen an der Winde","date":"Juni 26, 2021","format":false,"excerpt":"Jetzt hat auch endlich f\u00fcr mich die Schlepp-Saison 2021 begonnen. Mein Verein hatte heute einen Schlepptermin angesetzt und dieses Mal hat auch das Wetter gepasst. Eine Alternative w\u00e4re in Wallertheim bei der Schleppgemeinschaft Rheinhessen gewesen, aber ich hatte mich schon fr\u00fch f\u00fcr Singhofen angemeldet. Und in Wallertheim wird u.U. auch\u2026","rel":"","context":"\u00c4hnlicher Beitrag","img":{"alt_text":"","src":"https:\/\/i0.wp.com\/1.bp.blogspot.com\/-xGCH9NwncZw\/YNdL4c_5YEI\/AAAAAAAAGIQ\/20R0e6GLIpQynAe2c38YA5UEerFZFtARgCLcBGAsYHQ\/w400-h300\/GOPR7990.JPG?resize=350%2C200&ssl=1","width":350,"height":200},"classes":[]},{"id":1556,"url":"https:\/\/fliegerblog.rjs.de\/?p=1556","url_meta":{"origin":1202,"position":2},"title":"Nochmal schnell nach dem Kugelsto\u00dfen in die Luft gegangen","date":"Februar 23, 2019","format":false,"excerpt":"Heute waren in FFM-Kalbach die Hallenkreismeisterschaften der Leichtathletik von HG + MTK zusammen. Ich war um 12:00 Uhr mit Kugelsto\u00dfen dran und da das fix erledigt war, habe ich die Gelegenheit f\u00fcr einen Abstecher nach Eschbach genutzt. Es stand SO-Wind an und wenn ich sowieso schon in der Ecke war,\u2026","rel":"","context":"\u00c4hnlicher Beitrag","img":{"alt_text":"","src":"https:\/\/i0.wp.com\/2.bp.blogspot.com\/-vPXFoiVDEzo\/XHGWEUTW_NI\/AAAAAAAAEfQ\/mINNVXr63qsA7dWtHaR1u0tpPXk30BMLACLcBGAs\/s320\/GOPR6260.JPG?resize=350%2C200&ssl=1","width":350,"height":200},"classes":[]},{"id":1829,"url":"https:\/\/fliegerblog.rjs.de\/?p=1829","url_meta":{"origin":1202,"position":3},"title":"Zuwachs bei der Flugelektronik","date":"Juli 15, 2021","format":false,"excerpt":"Bisher nutze ich als Vario ein altes Kobo mini (ein E-Book-Reader) mit angeflanschtem GPS-Sensor und XCSoar als Software. Befestigt habe ich den Kobo auf einem Flugcockpit. Diese zusammengebastelte Kombination hatte ich mir vor etwa 4 Jahren gekauft. Im Grunde funktioniert die Sache. So gar ziemlich gut, denn der Kobo hat\u2026","rel":"","context":"\u00c4hnlicher Beitrag","img":{"alt_text":"","src":"https:\/\/i0.wp.com\/1.bp.blogspot.com\/-M7Z-pDagxyE\/YPAPj5BxLSI\/AAAAAAAAGNM\/EQHvIY-NpyseNjloWrI4ukiTqJpRjncFgCLcBGAsYHQ\/w338-h400\/Zwischenablage01.png?resize=350%2C200&ssl=1","width":350,"height":200},"classes":[]},{"id":1901,"url":"https:\/\/fliegerblog.rjs.de\/?p=1901","url_meta":{"origin":1202,"position":4},"title":"Check it out","date":"M\u00e4rz 1, 2022","format":false,"excerpt":"Nach dem gestrigen zwar schwachwindigen, aber sehr sonnigen Flugtag ist es ist heute zwar noch sonnig , aber vom Wind noch schw\u00e4cher. Das hat heute nicht zum erneuten Besuch am Hang getaugt. Der Rest der Woche sieht zwar auch gar nicht so schlecht aus. Zumindest soll es sonnig bleiben. Aber\u2026","rel":"","context":"\u00c4hnlicher Beitrag","img":{"alt_text":"","src":"","width":0,"height":0},"classes":[]},{"id":2129,"url":"https:\/\/fliegerblog.rjs.de\/?p=2129","url_meta":{"origin":1202,"position":5},"title":"Wurf &#038; Pack","date":"M\u00e4rz 1, 2025","format":false,"excerpt":"Wie seit mittlerweile 13 Jahren um den Feb.\/M\u00e4rz herum fand heute beim DGLC in der Turnhalle in FFM-Sachsenhausen das Werfen und Packen der Rettung statt. Da nehme ich recht regelm\u00e4\u00dfig teil. Ich denke, dass ich das schon gut 10x gemacht habe. Urspr\u00fcnglich war die Veranstaltung f\u00fcr das letzte Wochenende geplant,\u2026","rel":"","context":"\u00c4hnlicher Beitrag","img":{"alt_text":"","src":"https:\/\/i0.wp.com\/blogger.googleusercontent.com\/img\/b\/R29vZ2xl\/AVvXsEhppDgiaDJSlIau8mf1k4nuCBYnMx0WV19tKgvBBndQi6EjaQseXNwvyxbDcekKfh8VPwYwrnFSiar3BZ2G_uepezc_Y8m87KampWDyRLe_zeVGb5pby_y_tv5OIet1ARkaEtlCabG3yZki61ZdJBDQ5zkdk9ccTr7ewSwZ8qgR9-5KoNORdJ7LWRPkM2je\/w400-h300\/WhatsApp%20Image%202025-03-01%20at%2016.38.09.jpeg?resize=350%2C200&ssl=1","width":350,"height":200},"classes":[]}],"_links":{"self":[{"href":"https:\/\/fliegerblog.rjs.de\/index.php?rest_route=\/wp\/v2\/posts\/1202","targetHints":{"allow":["GET"]}}],"collection":[{"href":"https:\/\/fliegerblog.rjs.de\/index.php?rest_route=\/wp\/v2\/posts"}],"about":[{"href":"https:\/\/fliegerblog.rjs.de\/index.php?rest_route=\/wp\/v2\/types\/post"}],"author":[{"embeddable":true,"href":"https:\/\/fliegerblog.rjs.de\/index.php?rest_route=\/wp\/v2\/users\/1"}],"replies":[{"embeddable":true,"href":"https:\/\/fliegerblog.rjs.de\/index.php?rest_route=%2Fwp%2Fv2%2Fcomments&post=1202"}],"version-history":[{"count":1,"href":"https:\/\/fliegerblog.rjs.de\/index.php?rest_route=\/wp\/v2\/posts\/1202\/revisions"}],"predecessor-version":[{"id":1203,"href":"https:\/\/fliegerblog.rjs.de\/index.php?rest_route=\/wp\/v2\/posts\/1202\/revisions\/1203"}],"wp:attachment":[{"href":"https:\/\/fliegerblog.rjs.de\/index.php?rest_route=%2Fwp%2Fv2%2Fmedia&parent=1202"}],"wp:term":[{"taxonomy":"category","embeddable":true,"href":"https:\/\/fliegerblog.rjs.de\/index.php?rest_route=%2Fwp%2Fv2%2Fcategories&post=1202"},{"taxonomy":"post_tag","embeddable":true,"href":"https:\/\/fliegerblog.rjs.de\/index.php?rest_route=%2Fwp%2Fv2%2Ftags&post=1202"}],"curies":[{"name":"wp","href":"https:\/\/api.w.org\/{rel}","templated":true}]}}